{"id":261358,"date":"2025-11-29T02:40:12","date_gmt":"2025-11-29T02:40:12","guid":{"rendered":"https:\/\/www.europesays.com\/es\/261358\/"},"modified":"2025-11-29T02:40:12","modified_gmt":"2025-11-29T02:40:12","slug":"la-materia-oscura-fue-teorizada-hace-90-anos-ahora-un-cientifico-alega-haberla-visto-por-primera-vez","status":"publish","type":"post","link":"https:\/\/www.europesays.com\/es\/261358\/","title":{"rendered":"La materia oscura fue teorizada hace 90 a\u00f1os; ahora un cient\u00edfico alega haberla visto por primera vez"},"content":{"rendered":"<p>Casi 100 a\u00f1os despu\u00e9s de que se teorizara por primera vez, un cient\u00edfico podr\u00eda haber captado una imagen de materia oscura por primera vez. <\/p>\n<p>Tomonori Totani, profesor del Departamento de Astronom\u00eda de la Universidad de Tokio, utiliz\u00f3 el Telescopio Espacial Fermi de rayos gamma de la <a href=\"https:\/\/www.independentespanol.com\/tag\/nasa\" rel=\"nofollow noopener\" target=\"_blank\">NASA<\/a> para reunir lo que afirma ser la primera evidencia directa de la materia invisible que compone 85 % del universo.<\/p>\n<p>La misteriosa sustancia fue propuesta en 1933 por el astr\u00f3nomo Fritz Zwicky para explicar la fuerza gravitacional necesaria para evitar que un c\u00famulo de galaxias se desintegre. <\/p>\n<p>Bautizada como materia oscura, no emite, refleja ni absorbe luz, y tampoco interact\u00faa con fuerzas electromagn\u00e9ticas, lo que la hace casi imposible de detectar.<\/p>\n<p>A pesar de su car\u00e1cter esquivo, ha sido objeto de una intensa investigaci\u00f3n porque podr\u00eda explicar c\u00f3mo se forman las galaxias y ofrecer pistas sobre la estructura general del universo. <\/p>\n<p>Una de las hip\u00f3tesis sostiene que la materia oscura podr\u00eda emitir luz en circunstancias muy espec\u00edficas, cuando sus part\u00edculas \u201cse autodestruyen\u201d al interactuar entre s\u00ed.<\/p>\n<p>Esa interacci\u00f3n producir\u00eda fotones de rayos gamma, que pueden detectarse con un telescopio especializado.<\/p>\n<p>Al apuntar el Telescopio Espacial Fermi al centro de nuestra galaxia, una regi\u00f3n donde te\u00f3ricamente se concentra la materia oscura, Totani afirma haber detectado esos rayos gamma espec\u00edficos.<\/p>\n<p><img decoding=\"async\" src=\"https:\/\/www.europesays.com\/es\/wp-content\/uploads\/2025\/11\/Low-Res_Gamma-ray-image-of-the-Milky-Way-halo.jpeg\"  loading=\"lazy\" alt=\"Mapa de intensidad de rayos gamma que excluye todos los componentes excepto el halo, y que abarca aproximadamente 100 grados en direcci\u00f3n al centro de la galaxia\" class=\"sc-1mc30lb-0 ggpMaE inline-gallery-btn\"\/><\/p>\n<p>open image in gallery<\/p>\n<p>Mapa de intensidad de rayos gamma que excluye todos los componentes excepto el halo, y que abarca aproximadamente 100 grados en direcci\u00f3n al centro de la galaxia (Tomonori Totani, The University of Tokyo)<\/p>\n<p>\u201cEl componente de emisi\u00f3n de rayos gamma coincide de forma precisa con la forma esperada del halo de materia oscura\u201d, se\u00f1al\u00f3 el profesor Totani.<\/p>\n<p>\u201cSi esto es correcto, hasta donde s\u00e9 ser\u00eda la primera vez que la humanidad \u2018ve\u2019 la materia oscura. Y, adem\u00e1s, indicar\u00eda que la materia oscura es una part\u00edcula nueva que no aparece en el modelo est\u00e1ndar de la f\u00edsica de part\u00edculas, lo que representar\u00eda un avance importante para la astronom\u00eda y la f\u00edsica\u201d.<\/p>\n<p>Sus resultados se publicaron este mi\u00e9rcoles, aunque a\u00fan deben ser verificados de manera independiente por otros investigadores.<\/p>\n<p>El estudio, titulado \u201820 GeV halo-like excess of the Galactic diffuse emission and implications for dark matter annihilation\u2019, fue publicado en el Journal of Cosmology and Astroparticle Physics.<\/p>\n<p>Traducci\u00f3n de <a href=\"https:\/\/www.independentespanol.com\/author\/leticia-zampedri?CMP=ILC-refresh\" rel=\"nofollow noopener\" target=\"_blank\">Leticia Zampedri<\/a><\/p>\n","protected":false},"excerpt":{"rendered":"Casi 100 a\u00f1os despu\u00e9s de que se teorizara por primera vez, un cient\u00edfico podr\u00eda haber captado una imagen&hellip;\n","protected":false},"author":2,"featured_media":261359,"comment_status":"","ping_status":"","sticky":false,"template":"","format":"standard","meta":{"footnotes":""},"categories":[81],"tags":[119,123,124,25,24,642,117,121,122,23,118,120],"class_list":{"0":"post-261358","1":"post","2":"type-post","3":"status-publish","4":"format-standard","5":"has-post-thumbnail","7":"category-ciencia-y-tecnologia","8":"tag-ciencia","9":"tag-ciencia-y-tecnologia","10":"tag-cienciaytecnologia","11":"tag-es","12":"tag-espana","13":"tag-nasa","14":"tag-science","15":"tag-science-and-technology","16":"tag-scienceandtechnology","17":"tag-spain","18":"tag-technology","19":"tag-tecnologia"},"share_on_mastodon":{"url":"https:\/\/pubeurope.com\/@es\/115630678242410300","error":""},"_links":{"self":[{"href":"https:\/\/www.europesays.com\/es\/wp-json\/wp\/v2\/posts\/261358","targetHints":{"allow":["GET"]}}],"collection":[{"href":"https:\/\/www.europesays.com\/es\/wp-json\/wp\/v2\/posts"}],"about":[{"href":"https:\/\/www.europesays.com\/es\/wp-json\/wp\/v2\/types\/post"}],"author":[{"embeddable":true,"href":"https:\/\/www.europesays.com\/es\/wp-json\/wp\/v2\/users\/2"}],"replies":[{"embeddable":true,"href":"https:\/\/www.europesays.com\/es\/wp-json\/wp\/v2\/comments?post=261358"}],"version-history":[{"count":0,"href":"https:\/\/www.europesays.com\/es\/wp-json\/wp\/v2\/posts\/261358\/revisions"}],"wp:featuredmedia":[{"embeddable":true,"href":"https:\/\/www.europesays.com\/es\/wp-json\/wp\/v2\/media\/261359"}],"wp:attachment":[{"href":"https:\/\/www.europesays.com\/es\/wp-json\/wp\/v2\/media?parent=261358"}],"wp:term":[{"taxonomy":"category","embeddable":true,"href":"https:\/\/www.europesays.com\/es\/wp-json\/wp\/v2\/categories?post=261358"},{"taxonomy":"post_tag","embeddable":true,"href":"https:\/\/www.europesays.com\/es\/wp-json\/wp\/v2\/tags?post=261358"}],"curies":[{"name":"wp","href":"https:\/\/api.w.org\/{rel}","templated":true}]}}