{"id":261362,"date":"2025-11-29T02:42:10","date_gmt":"2025-11-29T02:42:10","guid":{"rendered":"https:\/\/www.europesays.com\/es\/261362\/"},"modified":"2025-11-29T02:42:10","modified_gmt":"2025-11-29T02:42:10","slug":"euronews-hoy-las-noticias-del-viernes-28-de-noviembre-trump-sopesa-una-intervencion-en-venezuela","status":"publish","type":"post","link":"https:\/\/www.europesays.com\/es\/261362\/","title":{"rendered":"EURONEWS HOY | Las noticias del viernes 28 de noviembre: Trump sopesa una intervenci\u00f3n en Venezuela"},"content":{"rendered":"<p>  Por&amp;nbsp<a href=\"https:\/\/es.euronews.com\/perfiles\/2908\" rel=\"nofollow noopener\" target=\"_blank\">Jes\u00fas Maturana<\/a>&amp;nbsp&amp;&amp;nbsp<b>Euronews en espa\u00f1ol<\/b><\/p>\n<p>\n                    Publicado                 28\/11\/2025 &#8211; 18:16 CET<br \/>\n                \u2022Ultima actualizaci\u00f3n<br \/>\n                                     19:01\n                                        <\/p>\n<p>En &#8216;<strong>Euronews<\/strong>&#8216; le traemos las noticias m\u00e1s relevantes de <strong>este viernes 28 de noviembre<\/strong>. Estos son nuestros principales titulares:<\/p>\n<p>El presidente de Estados Unidos ha comentado que <strong>llevar\u00e1n a tierra una operaci\u00f3n contra \u00abel narcotr\u00e1fico\u00bb<\/strong>, en sus propias palabras, en suelo venezolano. Sin embargo, el mandatario no ha aportado ning\u00fan detalle sobre el plan o la ejecuci\u00f3n de esas acciones durante su mensaje de Acci\u00f3n de Gracias.<\/p>\n<p>Por su parte, <strong>Nicol\u00e1s Maduro<\/strong> orden\u00f3 el jueves a los integrantes de la fuerza a\u00e9rea venezolana estar \u00abalertas, listos y dispuestos\u00bb para defender al pa\u00eds. La tensi\u00f3n ha provocado una crisis en la conectividad a\u00e9rea de Venezuela. El mi\u00e9rcoles, el Gobierno venezolano <a href=\"https:\/\/es.euronews.com\/viajes\/2025\/11\/27\/venezuela-retira-los-permisos-a-6-aerolineas-por-cancelar-vuelos-iberia-y-tap-entre-ellas\" rel=\"nofollow noopener\" target=\"_blank\"><strong>revoc\u00f3 las concesiones de vuelo de Iberia, TAP, Turkish Airlines, Avianca, Latam Colombia y Gol<\/strong><\/a>, acus\u00e1ndolas de \u00absumarse a las acciones de terrorismo\u00bb promovidas por Estados Unidos.<\/p>\n<p>Las autoridades siguen buscando a aproximadamente <strong>200 desaparecidos<\/strong> tras la combusti\u00f3n de un enorme complejo residencial al norte de los Nuevos Territorios hongkoneses, en Tai Po. Siete de las ocho torres de <strong>32 pisos del complejo de edificios<\/strong> quedaron envueltas en llamas tras incendiarse materiales de construcci\u00f3n y andamios de bamb\u00fa.<\/p>\n<p>En el marco de la operaci\u00f3n anticorrupci\u00f3n en torno al entramado energ\u00e9tico ucraniano que involucra a pol\u00edticos y empresarios, la Oficina Nacional Anticorrupci\u00f3n de Ucrania (NABU) y la Fiscal\u00eda Especial Anticorrupci\u00f3n (SAPO) han registrado este viernes varios locales vinculados a <strong>Andriy Yermak<\/strong>, jefe de Gabinete del presidente ucraniano.<\/p>\n<p>Viktor Orb\u00e1n contin\u00faa en su deriva prorrusa mientras Europa se desacopla, lenta pero progresivamente, de su dependencia energ\u00e9tica del Kremlin. El primer ministro h\u00fangaro <a href=\"https:\/\/es.euronews.com\/my-europe\/2025\/11\/28\/viktor-orban-reunira-con-vladimir-putin-rusia-para-hablar-guerra-ucrania-energia\" rel=\"nofollow noopener\" target=\"_blank\">se reuni\u00f3 el viernes en el Kremlin<\/a> con Vlad\u00edmir Putin para tratar de conseguir <strong>nuevos contratos energ\u00e9ticos<\/strong> tras la reciente <strong>exenci\u00f3n de sanciones<\/strong> concedida por <strong>Donald Trump<\/strong>.<\/p>\n<p>Adem\u00e1s, en el <strong>NO COMMENT<\/strong> del d\u00eda podr\u00e1n ver <a href=\"https:\/\/es.euronews.com\/video\/2025\/11\/28\/desfile-de-accion-de-gracias-de-macys-buzz-lightyear-y-pac-man-flotan-sobre-la-fria-nueva\" rel=\"nofollow noopener\" target=\"_blank\">las celebraciones en Estados Unidos por el D\u00eda de Acci\u00f3n de Gracias<\/a>, donde se conmemora la ayuda que los colonos ingleses recibieron de los nativos norteamericanos tras su llegada a la costa este del pa\u00eds. <\/p>\n<p>No olviden que se pueden instalar la aplicaci\u00f3n de <strong>&#8216;Euronews&#8217;<\/strong> en sus dispositivos <strong>Android<\/strong> y en <strong>iPhone<\/strong> para estar siempre conectados a lo que sucede en Europa y el mundo, y seguirnos en <strong>X e Instagram<\/strong>.<\/p>\n<p>Editor de v\u00eddeo<strong> \u2022 Juan Isidro Montero Garcia<\/strong><\/p>\n","protected":false},"excerpt":{"rendered":"Por&amp;nbspJes\u00fas Maturana&amp;nbsp&amp;&amp;nbspEuronews en espa\u00f1ol Publicado 28\/11\/2025 &#8211; 18:16 CET \u2022Ultima actualizaci\u00f3n 19:01 En &#8216;Euronews&#8216; le traemos las noticias&hellip;\n","protected":false},"author":2,"featured_media":261363,"comment_status":"","ping_status":"","sticky":false,"template":"","format":"standard","meta":{"footnotes":""},"categories":[42],"tags":[17,18,767,8836,13,14,11,15674,61,62,63,64,19,20,9,1194,10,15,16,12,7081,21,22,1192,65,66,67],"class_list":{"0":"post-261362","1":"post","2":"type-post","3":"status-publish","4":"format-standard","5":"has-post-thumbnail","7":"category-internacional","8":"tag-breaking-news","9":"tag-breakingnews","10":"tag-corrupcion","11":"tag-euronews-hoy","12":"tag-featured-news","13":"tag-featurednews","14":"tag-headlines","15":"tag-hong-kong","16":"tag-internacional","17":"tag-international","18":"tag-international-news","19":"tag-internationalnews","20":"tag-latest-news","21":"tag-latestnews","22":"tag-news","23":"tag-nicolas-maduro","24":"tag-noticias","25":"tag-noticias-destacadas","26":"tag-noticiasdestacadas","27":"tag-titulares","28":"tag-ucrania","29":"tag-ultimas-noticias","30":"tag-ultimasnoticias","31":"tag-venezuela","32":"tag-world","33":"tag-world-news","34":"tag-worldnews"},"share_on_mastodon":{"url":"https:\/\/pubeurope.com\/@es\/115630685838925858","error":""},"_links":{"self":[{"href":"https:\/\/www.europesays.com\/es\/wp-json\/wp\/v2\/posts\/261362","targetHints":{"allow":["GET"]}}],"collection":[{"href":"https:\/\/www.europesays.com\/es\/wp-json\/wp\/v2\/posts"}],"about":[{"href":"https:\/\/www.europesays.com\/es\/wp-json\/wp\/v2\/types\/post"}],"author":[{"embeddable":true,"href":"https:\/\/www.europesays.com\/es\/wp-json\/wp\/v2\/users\/2"}],"replies":[{"embeddable":true,"href":"https:\/\/www.europesays.com\/es\/wp-json\/wp\/v2\/comments?post=261362"}],"version-history":[{"count":0,"href":"https:\/\/www.europesays.com\/es\/wp-json\/wp\/v2\/posts\/261362\/revisions"}],"wp:featuredmedia":[{"embeddable":true,"href":"https:\/\/www.europesays.com\/es\/wp-json\/wp\/v2\/media\/261363"}],"wp:attachment":[{"href":"https:\/\/www.europesays.com\/es\/wp-json\/wp\/v2\/media?parent=261362"}],"wp:term":[{"taxonomy":"category","embeddable":true,"href":"https:\/\/www.europesays.com\/es\/wp-json\/wp\/v2\/categories?post=261362"},{"taxonomy":"post_tag","embeddable":true,"href":"https:\/\/www.europesays.com\/es\/wp-json\/wp\/v2\/tags?post=261362"}],"curies":[{"name":"wp","href":"https:\/\/api.w.org\/{rel}","templated":true}]}}