{"id":261364,"date":"2025-11-29T02:43:25","date_gmt":"2025-11-29T02:43:25","guid":{"rendered":"https:\/\/www.europesays.com\/es\/261364\/"},"modified":"2025-11-29T02:43:25","modified_gmt":"2025-11-29T02:43:25","slug":"el-parlamento-europeo-convoca-al-consejo-de-informativos-de-tve-para-revisar-la-independencia-y-pluralidad-de-rtve","status":"publish","type":"post","link":"https:\/\/www.europesays.com\/es\/261364\/","title":{"rendered":"El Parlamento Europeo convoca al Consejo de Informativos de TVE para \u00abrevisar la independencia y pluralidad de RTVE\u00bb"},"content":{"rendered":"<p style=\"\">El <a href=\"https:\/\/www.abc.es\/play\/television\/noticias\/consejo-informativos-tve-muestra-preocupacion-productoras-externas-20250731161549-nt.html\" target=\"_self\" data-voc-vtm-id=\"in-text-traffic\" title=\"Consejo de Informativos de TVE\" data-mrf-link=\"www.abc.es\" rel=\"nofollow noopener\">Consejo de Informativos de TVE<\/a> ha sido convocado por la Comisi\u00f3n de Peticiones del Parlamento Europeo que tendr\u00e1 lugar el 2 de diciembre de 2025 en Bruselas. El motivo es una petici\u00f3n pendiente desde 2017 sobre la independencia, neutralidad y pluralidad de RTVE  &#8230; que algunos grupos parlamentarios han solicitado revisar.<\/p>\n<p class=\"voc-p\" style=\"\">Seg\u00fan ha podido saber ABC, el \u00f3rgano de la Corporaci\u00f3n asistir\u00e1 por videoconferencia para dar su visi\u00f3n desde esa fecha a la actualidad. Est\u00e1 previsto que este punto se trate aproximadamente a las 11.15 horas.<\/p>\n<p class=\"voc-p\" style=\"\">Esta intervenci\u00f3n tendr\u00e1 lugar despu\u00e9s de varias quejas que el Consejo de Informativos ha hecho recientemente sobre los nuevos formatos que han llegado a RTVE como &#8216;Malas lenguas&#8217; o &#8216;Directo al grano&#8217;. El pasado julio, celebraron una reuni\u00f3n y ABC tuvo acceso al acta, <a href=\"https:\/\/www.abc.es\/play\/television\/noticias\/consejo-informativos-tve-muestra-preocupacion-productoras-externas-20250731161549-nt.html\" target=\"_self\" data-voc-vtm-id=\"in-text-traffic\" title=\"donde hicieron hincapi\u00e9 en los especiales informativos.\" data-mrf-link=\"www.abc.es\" rel=\"nofollow noopener\">donde hicieron hincapi\u00e9 en los especiales informativos.<\/a> \u00abNos preocupa que su apuesta sea casi siempre de productoras externas y dejando en sus manos especiales informativos, reduciendo o congelando los presupuestos de informativos y produciendo sobrecostes con estos programas que adem\u00e1s incumplen la ley\u00bb, afirmaba el texto.<\/p>\n<p class=\"voc-p\" style=\"\">El Consejo de Informativos de TVE tambi\u00e9n anunci\u00f3 en mayo<a href=\"https:\/\/www.abc.es\/play\/television\/noticias\/consejo-informativos-tve-abre-investigacion-programas-javier-20250523114534-nt.html\" target=\"_self\" data-voc-vtm-id=\"in-text-traffic\" title=\" la apertura de una investigaci\u00f3n a los programas de actualidad &#039;Malas lenguas&#039; y &#039;Ma\u00f1aneros 360&#039;\" data-mrf-link=\"www.abc.es\" rel=\"nofollow noopener\"> la apertura de una investigaci\u00f3n a los programas de actualidad &#8216;Malas lenguas&#8217; y &#8216;Ma\u00f1aneros 360&#8217;<\/a>, presentados por Jes\u00fas Cintora en La 2 y por Adela Gonz\u00e1lez y Javier Ruiz en La 1, respectivamente. Seg\u00fan explic\u00f3 el \u00f3rgano, la investigaci\u00f3n se ha iniciado tanto de oficio como por las \u00abnumerosas quejas\u00bb recibidas de los profesionales de informaci\u00f3n de RTVE por incumplir las normas que rigen los contenidos informativos de la corporaci\u00f3n. Estas, recordaron, son: la Ley de radio televisi\u00f3n p\u00fablica de titularidad estatal, su Mandato marco, el Estatuto de la informaci\u00f3n de RTVE, el Manual de estilo, la Ley general de comunicaci\u00f3n audiovisual y la propia Constituci\u00f3n y \u00abdeben separar claramente la informaci\u00f3n de la opini\u00f3n y ajustarse a los criterios de rigor, independencia, pluralismo, neutralidad e imparcialidad\u00bb. Aun as\u00ed, el objetivo no es solo revisar estas \u00faltimas alusiones del Consejo de informativos, sino hacerlo, al menos, desde 2017.<\/p>\n","protected":false},"excerpt":{"rendered":"El Consejo de Informativos de TVE ha sido convocado por la Comisi\u00f3n de Peticiones del Parlamento Europeo que&hellip;\n","protected":false},"author":2,"featured_media":261365,"comment_status":"","ping_status":"","sticky":false,"template":"","format":"standard","meta":{"footnotes":""},"categories":[8],"tags":[17,18,1576,14208,25,24,5824,13,14,11,3833,10848,19,20,9,10,15,16,14863,40340,25537,518,23,12,3156,21,22],"class_list":{"0":"post-261364","1":"post","2":"type-post","3":"status-publish","4":"format-standard","5":"has-post-thumbnail","7":"category-espana","8":"tag-breaking-news","9":"tag-breakingnews","10":"tag-consejo","11":"tag-convoca","12":"tag-es","13":"tag-espana","14":"tag-europeo","15":"tag-featured-news","16":"tag-featurednews","17":"tag-headlines","18":"tag-independencia","19":"tag-informativos","20":"tag-latest-news","21":"tag-latestnews","22":"tag-news","23":"tag-noticias","24":"tag-noticias-destacadas","25":"tag-noticiasdestacadas","26":"tag-parlamento","27":"tag-pluralidad","28":"tag-revisar","29":"tag-rtve","30":"tag-spain","31":"tag-titulares","32":"tag-tve","33":"tag-ultimas-noticias","34":"tag-ultimasnoticias"},"share_on_mastodon":{"url":"https:\/\/pubeurope.com\/@es\/115630689865290122","error":""},"_links":{"self":[{"href":"https:\/\/www.europesays.com\/es\/wp-json\/wp\/v2\/posts\/261364","targetHints":{"allow":["GET"]}}],"collection":[{"href":"https:\/\/www.europesays.com\/es\/wp-json\/wp\/v2\/posts"}],"about":[{"href":"https:\/\/www.europesays.com\/es\/wp-json\/wp\/v2\/types\/post"}],"author":[{"embeddable":true,"href":"https:\/\/www.europesays.com\/es\/wp-json\/wp\/v2\/users\/2"}],"replies":[{"embeddable":true,"href":"https:\/\/www.europesays.com\/es\/wp-json\/wp\/v2\/comments?post=261364"}],"version-history":[{"count":0,"href":"https:\/\/www.europesays.com\/es\/wp-json\/wp\/v2\/posts\/261364\/revisions"}],"wp:featuredmedia":[{"embeddable":true,"href":"https:\/\/www.europesays.com\/es\/wp-json\/wp\/v2\/media\/261365"}],"wp:attachment":[{"href":"https:\/\/www.europesays.com\/es\/wp-json\/wp\/v2\/media?parent=261364"}],"wp:term":[{"taxonomy":"category","embeddable":true,"href":"https:\/\/www.europesays.com\/es\/wp-json\/wp\/v2\/categories?post=261364"},{"taxonomy":"post_tag","embeddable":true,"href":"https:\/\/www.europesays.com\/es\/wp-json\/wp\/v2\/tags?post=261364"}],"curies":[{"name":"wp","href":"https:\/\/api.w.org\/{rel}","templated":true}]}}