{"id":261366,"date":"2025-11-29T02:44:23","date_gmt":"2025-11-29T02:44:23","guid":{"rendered":"https:\/\/www.europesays.com\/es\/261366\/"},"modified":"2025-11-29T02:44:23","modified_gmt":"2025-11-29T02:44:23","slug":"ya-es-oficial-asi-quedaran-las-pensiones-minimas-con-la-nueva-subida-para-2026","status":"publish","type":"post","link":"https:\/\/www.europesays.com\/es\/261366\/","title":{"rendered":"Ya es oficial: as\u00ed quedar\u00e1n las pensiones m\u00ednimas con la nueva subida para 2026"},"content":{"rendered":"<p><a class=\"v-mdl-ath__fig-a\" href=\"https:\/\/www.elcorreo.com\/autor\/gabriel-cuesta-2310.html\" title=\"Gabriel Cuesta\" rel=\"nofollow noopener\" target=\"_blank\"><br \/>\n<img decoding=\"async\" class=\"v-mdl-ath__img\" src=\"https:\/\/www.europesays.com\/es\/wp-content\/uploads\/2025\/09\/autor-2310-foto-2.jpeg\" alt=\"Gabriel Cuesta\"\/><br \/>\n<\/a><\/p>\n<p class=\"v-mdl-ath__p v-mdl-ath__p--6\">\nViernes, 28 de noviembre 2025, 16:48<\/p>\n<p class=\"v-p\">Los jubilados ya conocen la subida de sus pensiones para 2026. Ser\u00e1 finalmente del 2,7%, un porcentaje que se obtiene gracias al dato adelantado de la inflaci\u00f3n en el pasado mes de noviembre que acaba de hacer p\u00fablico el INE. Era el porcentaje pendiente de conocer para poder hacer el c\u00e1lculo de los \u00faltimos doce meses, desde diciembre de 2025 hasta este mes, a punto de concluir. <\/p>\n<p><a href=\"http:\/\/www.elcorreo.com\/economia\/pensiones-subiran-2026-media-euros-mes-euskadi-20251128091225-nt.html#vtm_modulosEngag=mod-rel:economia:noticia:1:cmp:1-not\" class=\"v-a-link\" aria-label=\"Imagen\" rel=\"nofollow noopener\" target=\"_blank\"><\/p>\n<p><img decoding=\"async\" loading=\"lazy\" src=\"https:\/\/www.europesays.com\/es\/wp-content\/uploads\/2025\/11\/GF88LJP1-kLJD--366x256@El Correo.jpg\" class=\"v-a-img\" width=\"258\" height=\"180\" alt=\"\" data-voc-vtm-id=\"in-text-traffic\"\/><\/p>\n<p><\/a><\/p>\n<p class=\"v-p\">Seg\u00fan c\u00e1lculos del Ministerio de Inclusi\u00f3n, la revalorizaci\u00f3n del 2,7% para el pr\u00f3ximo a\u00f1o supondr\u00e1, aproximadamente, 572 euros adicionales al a\u00f1o para una pensi\u00f3n media de jubilaci\u00f3n, mientras que las pensiones medias del sistema aumentar\u00e1n 498 euros anuales. Si se tiene en cuenta la subida estimada por la Seguridad Social, la paga pasar\u00e1 de los 1.316,69 euros a los 1.352,24 euros en 2026, es decir, una subida de 35,55 euros mensuales. En el caso de las de jubilaci\u00f3n, el incremento ser\u00e1 de 40,81 euros, por lo que se situar\u00e1 en los 1.552,32 euros.<\/p>\n<p class=\"v-p\">Al tiempo que aumentar\u00e1 la base m\u00e1xima de cotizaci\u00f3n, la pensi\u00f3n m\u00e1xima se incrementar\u00e1 en 2026 con el IPC m\u00e1s un 0,115% adicional, seg\u00fan determin\u00f3 la reforma de pensiones. De este modo, con la revalorizaci\u00f3n del 2,7% del IPC m\u00e1s ese porcentaje adicional, la pensi\u00f3n m\u00e1xima se situar\u00e1 en 2026 en 3.359,6 euros mensuales por catorce pagas, frente a los 3.267,6 euros de este a\u00f1o.<\/p>\n<p class=\"v-p\"><strong>Jubilaci\u00f3n con 65 a\u00f1os o m\u00e1s:<\/strong><\/p>\n<p class=\"v-p\">-Con c\u00f3nyuge a cargo: 16.211 euros anuales<\/p>\n<p class=\"v-p\">-Sin c\u00f3nyuge: 12.569 euros anuales<\/p>\n<p class=\"v-p\">-Con c\u00f3nyuge no a cargo: 11.932 euros anuales<\/p>\n<p class=\"v-p\"><strong>Jubilaci\u00f3n con menos de 65 a\u00f1os:<\/strong><\/p>\n<p class=\"v-p\">-Con c\u00f3nyuge a cargo: 16.212 euros anuales<\/p>\n<p class=\"v-p\">-Sin c\u00f3nyuge: 11.760 euros anuales<\/p>\n<p class=\"v-p\">-Con c\u00f3nyuge no a cargo: 11.116 euros anuales<\/p>\n<p class=\"v-p\"><strong>Jubilaci\u00f3n con 65 a\u00f1os o m\u00e1s procedente de gran invalidez:<\/strong><\/p>\n<p class=\"v-p\">-Con c\u00f3nyuge a cargo: 24.313 euros anuales<\/p>\n<p class=\"v-p\">-Sin c\u00f3nyuge: 18.857 euros anuales<\/p>\n<p class=\"v-p\">-Con c\u00f3nyuge no a cargo: 17.900 euros anuales<\/p>\n<p class=\"v-p\"><strong>Incapacidad permanente de gran invalidez:<\/strong><\/p>\n<p class=\"v-p\">-Con c\u00f3nyuge a cargo: 24.317 euros anuales<\/p>\n<p class=\"v-p\">-Sin c\u00f3nyuge: 18.857 euros anuales<\/p>\n<p class=\"v-p\">-Con c\u00f3nyuge no a cargo: 17.900 euros anuales<\/p>\n<p class=\"v-p\"><strong>Incapacidad absoluta o total de los titulares de 65 a\u00f1os o m\u00e1s:<\/strong><\/p>\n<p class=\"v-p\">-Con c\u00f3nyuge a cargo: 16.212 euros anuales<\/p>\n<p class=\"v-p\">-Sin c\u00f3nyuge: 12.571 euros anuales<\/p>\n<p class=\"v-p\">-Con c\u00f3nyuge no a cargo: 11.933 euros anuales<\/p>\n<p class=\"v-p\"><strong>Incapacidad total de los titulares de entre 60 y 64 a\u00f1os:<\/strong><\/p>\n<p class=\"v-p\">-Con c\u00f3nyuge a cargo: 16.212 euros anuales<\/p>\n<p class=\"v-p\">-Sin c\u00f3nyuge: 11.760 euros anuales<\/p>\n<p class=\"v-p\">-Con c\u00f3nyuge no a cargo: 11.117 euros anuales<\/p>\n<p class=\"v-p\"><strong>Incapacidad total derivada de una enfermedad com\u00fan para menores de 60 a\u00f1os:<\/strong><\/p>\n<p class=\"v-p\">-Con c\u00f3nyuge a cargo: 9.268 euros anuales<\/p>\n<p class=\"v-p\">-Con c\u00f3nyuge no a cargo: 9.268 euros anuales<\/p>\n<p class=\"v-p\">-Y sin c\u00f3nyuge: 9.189 euros anuales<\/p>\n<p class=\"v-p\"><strong>Incapacidad parcial del r\u00e9gimen de accidentes de trabajo de los titulares de 65 a\u00f1os o m\u00e1s:<\/strong><\/p>\n<p class=\"v-p\">-Con c\u00f3nyuge a cargo: 16.212 euros anuales<\/p>\n<p class=\"v-p\">-Con c\u00f3nyuge no a cargo: 12.571 euros anuales<\/p>\n<p class=\"v-p\">-Y sin c\u00f3nyuge: 11.933 euros anuales<\/p>\n<p class=\"v-p\"><strong>Viudedad:<\/strong><\/p>\n<p class=\"v-p\">-Con cargas familiares: 16.212 euros anuales<\/p>\n<p class=\"v-p\">-Mayores de 65 a\u00f1os o con discapacidad igual o superior al 65%: 12.571 euros anuales<\/p>\n<p class=\"v-p\">-Titulares de entre 60 y 64 a\u00f1os: 11.760 euros anuales<\/p>\n<p class=\"v-p\">-Menores de 60 a\u00f1os sin cargas: 9.525 euros anuales<\/p>\n<p class=\"v-p\"><strong>Orfandad:<\/strong><\/p>\n<p class=\"v-p\">-Por beneficiario: 3.846 euros anuales<\/p>\n<p class=\"v-p\">-Para menores de 18 a\u00f1os con una discapacidad igual o superior al 65%: 7.559 euros anuales<\/p>\n<p class=\"v-p\">-En la orfandad absoluta el m\u00ednimo se incrementar\u00e1 en 9.525 euros\/a\u00f1o distribuidos, en su caso, entre los beneficiarios.<\/p>\n<p class=\"v-p\"><strong>Prestaci\u00f3n de orfandad:<\/strong><\/p>\n<p class=\"v-p\">-Un beneficiario: 11.413 euros anuales<\/p>\n<p class=\"v-p\">-Varios beneficiarios: a repartir entre n\u00famero de beneficiarios: 19.239 euros anuales<\/p>\n<p class=\"v-p\"><strong>En favor de familiares:<\/strong><\/p>\n<p class=\"v-p\">-Por beneficiario: 3.845 euros anuales<\/p>\n<p class=\"v-p\"><strong>Si no existe viudo ni hu\u00e9rfano pensionistas:<\/strong><\/p>\n<p class=\"v-p\">-Un solo beneficiario con 65 a\u00f1os o m\u00e1s: 9.287 euros anuales<\/p>\n<p class=\"v-p\">-Un solo beneficiario menor de 65 a\u00f1os: 8.752 euros anuales<\/p>\n<p class=\"v-p\">&#8211;<strong>Varios beneficiarios: <\/strong>el m\u00ednimo para cada uno de ellos se incrementar\u00e1 en el importe que resulte de prorratear 5.678 euros\/a\u00f1o entre el n\u00famero de beneficiarios.<\/p>\n<p class=\"v-p\"><strong>Complemento para la reducci\u00f3n de la brecha de g\u00e9nero.<\/strong><\/p>\n<p class=\"v-p\">En 2026, este complemento aumentar\u00e1 un 5%, quedando en torno a 35,90 euros mensuales. <\/p>\n<p>Reporta un error<\/p>\n","protected":false},"excerpt":{"rendered":"Viernes, 28 de noviembre 2025, 16:48 Los jubilados ya conocen la subida de sus pensiones para 2026. Ser\u00e1&hellip;\n","protected":false},"author":2,"featured_media":261367,"comment_status":"","ping_status":"","sticky":false,"template":"","format":"standard","meta":{"footnotes":""},"categories":[5],"tags":[3076,17,18,25,24,13,14,11,19,20,65225,9,10,15,16,795,289,12865,65224,23,12083,12,21,22],"class_list":{"0":"post-261366","1":"post","2":"type-post","3":"status-publish","4":"format-standard","5":"has-post-thumbnail","7":"category-titulares","8":"tag-3076","9":"tag-breaking-news","10":"tag-breakingnews","11":"tag-es","12":"tag-espana","13":"tag-featured-news","14":"tag-featurednews","15":"tag-headlines","16":"tag-latest-news","17":"tag-latestnews","18":"tag-minimas","19":"tag-news","20":"tag-noticias","21":"tag-noticias-destacadas","22":"tag-noticiasdestacadas","23":"tag-nueva","24":"tag-oficial","25":"tag-pensiones","26":"tag-quedaran","27":"tag-spain","28":"tag-subida","29":"tag-titulares","30":"tag-ultimas-noticias","31":"tag-ultimasnoticias"},"share_on_mastodon":{"url":"https:\/\/pubeurope.com\/@es\/115630694425400326","error":""},"_links":{"self":[{"href":"https:\/\/www.europesays.com\/es\/wp-json\/wp\/v2\/posts\/261366","targetHints":{"allow":["GET"]}}],"collection":[{"href":"https:\/\/www.europesays.com\/es\/wp-json\/wp\/v2\/posts"}],"about":[{"href":"https:\/\/www.europesays.com\/es\/wp-json\/wp\/v2\/types\/post"}],"author":[{"embeddable":true,"href":"https:\/\/www.europesays.com\/es\/wp-json\/wp\/v2\/users\/2"}],"replies":[{"embeddable":true,"href":"https:\/\/www.europesays.com\/es\/wp-json\/wp\/v2\/comments?post=261366"}],"version-history":[{"count":0,"href":"https:\/\/www.europesays.com\/es\/wp-json\/wp\/v2\/posts\/261366\/revisions"}],"wp:featuredmedia":[{"embeddable":true,"href":"https:\/\/www.europesays.com\/es\/wp-json\/wp\/v2\/media\/261367"}],"wp:attachment":[{"href":"https:\/\/www.europesays.com\/es\/wp-json\/wp\/v2\/media?parent=261366"}],"wp:term":[{"taxonomy":"category","embeddable":true,"href":"https:\/\/www.europesays.com\/es\/wp-json\/wp\/v2\/categories?post=261366"},{"taxonomy":"post_tag","embeddable":true,"href":"https:\/\/www.europesays.com\/es\/wp-json\/wp\/v2\/tags?post=261366"}],"curies":[{"name":"wp","href":"https:\/\/api.w.org\/{rel}","templated":true}]}}