{"id":261368,"date":"2025-11-29T02:52:24","date_gmt":"2025-11-29T02:52:24","guid":{"rendered":"https:\/\/www.europesays.com\/es\/261368\/"},"modified":"2025-11-29T02:52:24","modified_gmt":"2025-11-29T02:52:24","slug":"asi-fue-el-debut-de-omari-moore-valencia-basket-con-macedonia-del-norte-ante-azerbaiyan","status":"publish","type":"post","link":"https:\/\/www.europesays.com\/es\/261368\/","title":{"rendered":"As\u00ed fue el debut de Omari Moore (Valencia Basket) con Macedonia del Norte ante Azerbaiy\u00e1n"},"content":{"rendered":"<p class=\"ft-text\"><a class=\"ft-link ft-link--decoration\" href=\"https:\/\/www.superdeporte.es\/valencia-basket\/2025\/11\/26\/tres-jugadores-valencia-basket-acuden-con-sus-selecciones-nacionales-a-la-ventana-fiba-124147087.html\" rel=\"nofollow noopener\" target=\"_blank\"><strong>Omari Moore era uno de los tres jugadores del Valencia Basket que ten\u00edan que viajar esta semana<\/strong><\/a> con motivo de las Ventanas FIBA y adem\u00e1s ha sido el primero en jugar, menos de 48 horas despu\u00e9s del partido de Euroliga ante el Bayern Munich en el Roig Arena. El de California fue el jugador con m\u00e1s minutos en su debut con Macedonia del Norte y deja de ser ya jugar extracomunitario, por lo que Pedro Mart\u00ednez no tendr\u00e1 que elegir descarte entre \u00e9l, Kameron Taylor y Braxton Key en los partidos de la Liga Endesa.<\/p>\n<p class=\"ft-text\">El exterior taronja <a class=\"ft-link ft-link--decoration\" href=\"https:\/\/www.superdeporte.es\/valencia-basket\/2025\/11\/19\/omari-moore-podia-extracomunitario-valencia-basket-macedonia-123899528.html\" rel=\"nofollow noopener\" target=\"_blank\"><strong>fue convocado por su nueva selecci\u00f3n el pasado 20 de noviembre<\/strong><\/a>, d\u00edas despu\u00e9s de que viajara hasta Macedonia del Norte con permiso del club para formalizar su proceso de nacionalizaci\u00f3n, requisito indispensable para poder jugar con su selecci\u00f3n.<\/p>\n<p><img decoding=\"async\" src=\"https:\/\/www.europesays.com\/es\/wp-content\/uploads\/2025\/11\/695f667f-6bd1-448b-bec8-877c58c5b566_alta-libre-aspect-ratio_default_0.jpg\" width=\"1200\" height=\"793\" alt=\"Omari Moore, en el partido de este jueves ante Azerbaiy\u00e1n.\" class=\"ft-helper-img-rd\" loading=\"lazy\"\/><\/p>\n<p class=\"ft-helper-fontColor-quaternary ft-helper-fontSize-body-S ft-helper-spacer-t-xxs\">Omari Moore, en el partido de este jueves ante Azerbaiy\u00e1n.  \/ FIBA<\/p>\n<p>Buenos n\u00fameros en su estreno<\/p>\n<p class=\"ft-text\">Ahora se ha convertido en uno de sus jugadores estrella y as\u00ed lo demostr\u00f3 en su primer encuentro, ya que <strong>aunque no brill\u00f3 en anotaci\u00f3n con apenas seis puntos, s\u00ed lo hizo con otros seis rebotes y nueve asistencias, en poco m\u00e1s de 32 minutos en pista<\/strong>.<\/p>\n<p class=\"ft-text\">El taronja, adem\u00e1s, <strong>pudo celebrar su primera victoria como internacional<\/strong>, al vencer Macedonia a Azerbaiy\u00e1n por un rotundo 87-49, con 25 puntos y 11 rebotes de Andrej Jakimovski.<\/p>\n<p>Turno de Reuvers y Montero<\/p>\n<p class=\"ft-text\"><strong>Moore deber\u00eda viajar a Dubl\u00edn para medirse a Irlanda en el National Basketball Arena el domingo 30 de noviembre a las 18:00 horas<\/strong>, aunque podr\u00eda no jugar al estar tambi\u00e9n en la convocatoria de su selecci\u00f3n otro nacionalizado como el interior Jacob Wiley, quien no pudo tener minutos en el partido de este jueves.<\/p>\n<p class=\"ft-text\"><a class=\"ft-link ft-link--decoration\" href=\"https:\/\/www.superdeporte.es\/valencia-basket\/2025\/08\/17\/reuvers-acerca-hungria-mundial-2027-valencia-basket-120696410.html\" rel=\"nofollow noopener\" target=\"_blank\"><strong>Quien s\u00ed jugar\u00e1 este viernes seguro es Nate Reuvers<\/strong><\/a><strong>, ya que Hungr\u00eda se mide a ante Finlandia<\/strong> a las 18:00, mientras que Jean Montero jugar\u00e1 ante M\u00e9xico a domicilio el s\u00e1bado a partir de las 03:40.<\/p>\n","protected":false},"excerpt":{"rendered":"Omari Moore era uno de los tres jugadores del Valencia Basket que ten\u00edan que viajar esta semana con&hellip;\n","protected":false},"author":2,"featured_media":261369,"comment_status":"","ping_status":"","sticky":false,"template":"","format":"standard","meta":{"footnotes":""},"categories":[269],"tags":[1575,17707,299,298,643,14294,168,25,24,833,4951,27882,3449,27881,1988,23,167,2916],"class_list":{"0":"post-261368","1":"post","2":"type-post","3":"status-publish","4":"format-standard","5":"has-post-thumbnail","7":"category-baloncesto","8":"tag-ante","9":"tag-azerbaiyan","10":"tag-baloncesto","11":"tag-basketball","12":"tag-california","13":"tag-debuta","14":"tag-deportes","15":"tag-es","16":"tag-espana","17":"tag-euroliga","18":"tag-macedonia","19":"tag-moore","20":"tag-norte","21":"tag-omari","22":"tag-seleccion","23":"tag-spain","24":"tag-sports","25":"tag-valencia-basket"},"share_on_mastodon":{"url":"https:\/\/pubeurope.com\/@es\/115630725875670148","error":""},"_links":{"self":[{"href":"https:\/\/www.europesays.com\/es\/wp-json\/wp\/v2\/posts\/261368","targetHints":{"allow":["GET"]}}],"collection":[{"href":"https:\/\/www.europesays.com\/es\/wp-json\/wp\/v2\/posts"}],"about":[{"href":"https:\/\/www.europesays.com\/es\/wp-json\/wp\/v2\/types\/post"}],"author":[{"embeddable":true,"href":"https:\/\/www.europesays.com\/es\/wp-json\/wp\/v2\/users\/2"}],"replies":[{"embeddable":true,"href":"https:\/\/www.europesays.com\/es\/wp-json\/wp\/v2\/comments?post=261368"}],"version-history":[{"count":0,"href":"https:\/\/www.europesays.com\/es\/wp-json\/wp\/v2\/posts\/261368\/revisions"}],"wp:featuredmedia":[{"embeddable":true,"href":"https:\/\/www.europesays.com\/es\/wp-json\/wp\/v2\/media\/261369"}],"wp:attachment":[{"href":"https:\/\/www.europesays.com\/es\/wp-json\/wp\/v2\/media?parent=261368"}],"wp:term":[{"taxonomy":"category","embeddable":true,"href":"https:\/\/www.europesays.com\/es\/wp-json\/wp\/v2\/categories?post=261368"},{"taxonomy":"post_tag","embeddable":true,"href":"https:\/\/www.europesays.com\/es\/wp-json\/wp\/v2\/tags?post=261368"}],"curies":[{"name":"wp","href":"https:\/\/api.w.org\/{rel}","templated":true}]}}