{"id":261372,"date":"2025-11-29T02:54:11","date_gmt":"2025-11-29T02:54:11","guid":{"rendered":"https:\/\/www.europesays.com\/es\/261372\/"},"modified":"2025-11-29T02:54:11","modified_gmt":"2025-11-29T02:54:11","slug":"la-princesa-leonor-pone-en-practica-tecnicas-de-supervivencia-evasion-y-extraccion-en-escenarios-hostiles","status":"publish","type":"post","link":"https:\/\/www.europesays.com\/es\/261372\/","title":{"rendered":"La Princesa Leonor pone en pr\u00e1ctica t\u00e9cnicas de supervivencia, evasi\u00f3n y extracci\u00f3n en escenarios hostiles"},"content":{"rendered":"<p style=\"\">La <a href=\"https:\/\/www.abc.es\/espana\/casa-real\/leonor-promesa-nueva-generacion-20251122041922-nt.html\" title=\"www.abc.es\" data-voc-vtm-id=\"in-text-traffic\" data-mrf-link=\"www.abc.es\" rel=\"nofollow noopener\" target=\"_blank\">Princesa Leonor<\/a> ha participado junto a sus compa\u00f1eros de la Academia General del Aire y del Espacio (AGA) en una actividad de tres d\u00edas en la que ha puesto en <strong>pr\u00e1cticas t\u00e9cnicas de supervivencia, evasi\u00f3n, resistencia ante captura y extracci\u00f3n<\/strong> en escenarios  &#8230; hostiles.<\/p>\n<p class=\"voc-p\" style=\"\">Este tipo de ejercicios, conocidos bajo el nombre t\u00e9cnico de DEVAS, han sido impartidos entre el 26 y el 28 de noviembre por el Departamento de Instrucci\u00f3n y Adiestramiento (I+A) y han contado con el apoyo del EZAPAC y del Ala 49 con un helic\u00f3ptero Sikorsky S-76.<\/p>\n<p class=\"voc-p\" style=\"\">Seg\u00fan ha informado el Ej\u00e9rcito del Aire y del Espacio, las actividades han servido para poner en pr\u00e1ctica los conocimientos adquiridos en SERE (Supervivencia, Evasi\u00f3n, Resistencia y Extracci\u00f3n) de nivel B.<\/p>\n<blockquote class=\"twitter-tweet\">\n<p lang=\"es\" dir=\"ltr\">Ejercicio DEVAS 25\/26<\/p>\n<p>Tres d\u00edas intensos para los alumnos de la AGA: <\/p>\n<p>Supervivencia, evasi\u00f3n y extracci\u00f3n en escenarios hostiles. <\/p>\n<p>Con apoyo del EZAPAC y Ala 49, integraron mando, CSAR y t\u00e1cticas SOF en un entrenamiento realista que eleva su preparaci\u00f3n al siguiente nivel. <a href=\"https:\/\/t.co\/aAC1KsrVG7\" rel=\"nofollow\">pic.twitter.com\/aAC1KsrVG7<\/a><\/p>\n<p>\u2014 Ej\u00e9rcito del Aire y del Espacio (@EjercitoAire) <a href=\"https:\/\/twitter.com\/EjercitoAire\/status\/1994494098007626166?ref_src=twsrc%5Etfw\" rel=\"nofollow noopener\" target=\"_blank\">November 28, 2025<\/a><\/p><\/blockquote>\n<p class=\"voc-p\" style=\"\">La participaci\u00f3n de unidades especializadas ha permitido que estas tambi\u00e9n realizasen pr\u00e1cticas vinculadas a sus capacidades espec\u00edficas dentro de la <strong>doctrina SERE<\/strong>.<\/p>\n<p class=\"voc-p\" style=\"\">El ejercicio DEVAS ha puesto de relieve la integraci\u00f3n de conocimientos de distintas \u00e1reas formativas, combinando las pr\u00e1cticas de mando de los alf\u00e9reces, la aplicaci\u00f3n de procedimientos <strong>CSAR<\/strong> (Combat Search and Rescue) y la t\u00e1ctica propia de equipos <strong>SOF<\/strong> (Special Operations Forces).<\/p>\n<p class=\"voc-p\" style=\"\">Esta convergencia, concluye permiti\u00f3 ofrecer a los alumnos un entorno de adiestramiento m\u00e1s completo y realista, fortaleciendo su preparaci\u00f3n para operaciones reales.<\/p>\n<p><script async src=\"https:\/\/platform.twitter.com\/widgets.js\" charset=\"utf-8\"><\/script><\/p>\n","protected":false},"excerpt":{"rendered":"La Princesa Leonor ha participado junto a sus compa\u00f1eros de la Academia General del Aire y del Espacio&hellip;\n","protected":false},"author":2,"featured_media":261373,"comment_status":"","ping_status":"","sticky":false,"template":"","format":"standard","meta":{"footnotes":""},"categories":[174],"tags":[255,146,147,25,15158,24,54481,65226,256,65227,11646,1150,21262,1650,23,8768,9899],"class_list":{"0":"post-261372","1":"post","2":"type-post","3":"status-publish","4":"format-standard","5":"has-post-thumbnail","7":"category-famosos","8":"tag-celebrities","9":"tag-entertainment","10":"tag-entretenimiento","11":"tag-es","12":"tag-escenarios","13":"tag-espana","14":"tag-evasion","15":"tag-extraccion","16":"tag-famosos","17":"tag-hostiles","18":"tag-leonor","19":"tag-pone","20":"tag-practica","21":"tag-princesa","22":"tag-spain","23":"tag-supervivencia","24":"tag-tecnicas"},"share_on_mastodon":{"url":"https:\/\/pubeurope.com\/@es\/115630732966933738","error":""},"_links":{"self":[{"href":"https:\/\/www.europesays.com\/es\/wp-json\/wp\/v2\/posts\/261372","targetHints":{"allow":["GET"]}}],"collection":[{"href":"https:\/\/www.europesays.com\/es\/wp-json\/wp\/v2\/posts"}],"about":[{"href":"https:\/\/www.europesays.com\/es\/wp-json\/wp\/v2\/types\/post"}],"author":[{"embeddable":true,"href":"https:\/\/www.europesays.com\/es\/wp-json\/wp\/v2\/users\/2"}],"replies":[{"embeddable":true,"href":"https:\/\/www.europesays.com\/es\/wp-json\/wp\/v2\/comments?post=261372"}],"version-history":[{"count":0,"href":"https:\/\/www.europesays.com\/es\/wp-json\/wp\/v2\/posts\/261372\/revisions"}],"wp:featuredmedia":[{"embeddable":true,"href":"https:\/\/www.europesays.com\/es\/wp-json\/wp\/v2\/media\/261373"}],"wp:attachment":[{"href":"https:\/\/www.europesays.com\/es\/wp-json\/wp\/v2\/media?parent=261372"}],"wp:term":[{"taxonomy":"category","embeddable":true,"href":"https:\/\/www.europesays.com\/es\/wp-json\/wp\/v2\/categories?post=261372"},{"taxonomy":"post_tag","embeddable":true,"href":"https:\/\/www.europesays.com\/es\/wp-json\/wp\/v2\/tags?post=261372"}],"curies":[{"name":"wp","href":"https:\/\/api.w.org\/{rel}","templated":true}]}}