{"id":261386,"date":"2025-11-29T03:06:14","date_gmt":"2025-11-29T03:06:14","guid":{"rendered":"https:\/\/www.europesays.com\/es\/261386\/"},"modified":"2025-11-29T03:06:14","modified_gmt":"2025-11-29T03:06:14","slug":"barcelona-acoge-el-unico-foro-internacional-con-representantes-de-israel-y-palestina-en-la-misma-mesa-internacional","status":"publish","type":"post","link":"https:\/\/www.europesays.com\/es\/261386\/","title":{"rendered":"Barcelona acoge el \u00fanico foro internacional con representantes de Israel y Palestina en la misma mesa | Internacional"},"content":{"rendered":"<p class=\"\"><a href=\"https:\/\/ufmsecretariat.org\" target=\"_self\" rel=\"nofollow noopener\" title=\"https:\/\/ufmsecretariat.org\">La Uni\u00f3n por el Mediterr\u00e1neo (UpM)<\/a> ha reunido este viernes en Barcelona a representantes de 43 pa\u00edses de la regi\u00f3n, incluyendo a Israel y Palestina, que han participado con el mismo estatus en la misma mesa. \u201cEs hora de acabar con tanto sufrimiento\u201d, ha afirmado el ministro espa\u00f1ol de Exteriores, Jos\u00e9 Manuel Albares, anfitri\u00f3n del encuentro. La jornada ha culminado con la firma de un nuevo <a href=\"https:\/\/elpais.com\/internacional\/2025-11-27\/30-anos-del-proceso-de-barcelona-luces-y-sombras-de-un-sueno-euromediterraneo.html\" target=\"_self\" rel=\"nofollow noopener\" title=\"https:\/\/elpais.com\/internacional\/2025-11-27\/30-anos-del-proceso-de-barcelona-luces-y-sombras-de-un-sueno-euromediterraneo.html\">Pacto por el Mediterr\u00e1neo entre la Uni\u00f3n Europea (UE)<\/a> y los pa\u00edses miembros de la UpM, concebido como \u201cun punto de partida\u201d para implementar acciones en infraestructura de comunicaci\u00f3n, movilidad, transici\u00f3n ecol\u00f3gica y cooperaci\u00f3n regional. El ministro de Exteriores de Jordania, Ayman Safadi, ha aprovechado su intervenci\u00f3n para denunciar que \u201cla matanza se est\u00e1 normalizando debido a la impunidad en la expropiaci\u00f3n por parte de colonos en Cisjordania\u201d. <\/p>\n<p class=\"\">Safadi ha instado a los pa\u00edses mediterr\u00e1neos a reforzar la presi\u00f3n para <a href=\"https:\/\/elpais.com\/noticias\/franja-gaza\/\" target=\"_self\" rel=\"nofollow noopener\" title=\"https:\/\/elpais.com\/noticias\/franja-gaza\/\">consolidar el alto el fuego en Gaza y facilitar la entrada de ayuda humanitaria<\/a>. \u201cEl alto el fuego es solo la primera fase del plan de paz. Lo apoyamos porque queremos que termine esta aniquilaci\u00f3n y podamos iniciar un proceso pol\u00edtico real\u201d, ha sostenido. En el encuentro tambi\u00e9n ha participado la Alta Representante de la Uni\u00f3n para Asuntos Exteriores y Pol\u00edtica de Seguridad, Kaja Kallas; la comisaria europea para el Mediterr\u00e1neo, Dubravka Suica; el secretario general de la UpM, Nasser Kamel. <\/p>\n<p class=\"\">Todos han coincidido en que <a href=\"https:\/\/elpais.com\/internacional\/2025-11-13\/colonos-israelies-prenden-fuego-a-una-mezquita-en-una-escalada-de-violencia-en-cisjordania.html\" target=\"_self\" rel=\"nofollow noopener\" title=\"https:\/\/elpais.com\/internacional\/2025-11-13\/colonos-israelies-prenden-fuego-a-una-mezquita-en-una-escalada-de-violencia-en-cisjordania.html\">el alto el fuego debe reforzarse tambi\u00e9n en Cisjordania<\/a>. \u201cAunque est\u00e1 en vigor, hay que hablar de tiempos de implantaci\u00f3n. Necesitamos un mandato claro\u201d, ha advertido la jefa de la diplomacia europea, Kaja Kallas. Albares ha celebrado \u201cla presencia simult\u00e1nea de las dos delegaciones enfrentadas\u201d y ha reivindicado el foro como un espacio de di\u00e1logo necesario. \u201cEl <a href=\"https:\/\/www.google.com\/search?client=safari&amp;rls=en&amp;q=Estado+de+Palestina+el+pais&amp;ie=UTF-8&amp;oe=UTF-8\" target=\"_self\" rel=\"nofollow noopener\" title=\"https:\/\/www.google.com\/search?client=safari&amp;rls=en&amp;q=Estado+de+Palestina+el+pais&amp;ie=UTF-8&amp;oe=UTF-8\">Estado de Palestina<\/a> no es un concepto; es una realidad que se encarna en personas con nombre y apellido\u201d, expres\u00f3 mirando a la ministra de Exteriores palestina, Varsen Aghabekian.<\/p>\n<p class=\"\">La presencia conjunta de la embajadora israel\u00ed en funciones, Dana Erlich, y de la diplom\u00e1tica palestina tuvo m\u00e1s repercusi\u00f3n medi\u00e1tica que el propio acuerdo firmado al cierre del encuentro, destinado a impulsar un nuevo pacto por el Mediterr\u00e1neo y reforzar el papel de la organizaci\u00f3n como plataforma regional. \u201cSolo una firme implicaci\u00f3n de todos permitir\u00e1 superar la incertidumbre actual\u201d, ha se\u00f1alado Albares, que destac\u00f3 el valor simb\u00f3lico de que ambas delegaciones volvieran a sentarse en la misma mesa y <a href=\"\" rel=\"\" title=\"\">la necesidad de una soluci\u00f3n de dos Estados para que haya estabilidad en el Mediterr\u00e1neo.<\/a><\/p>\n","protected":false},"excerpt":{"rendered":"La Uni\u00f3n por el Mediterr\u00e1neo (UpM) ha reunido este viernes en Barcelona a representantes de 43 pa\u00edses de&hellip;\n","protected":false},"author":2,"featured_media":261387,"comment_status":"","ping_status":"","sticky":false,"template":"","format":"standard","meta":{"footnotes":""},"categories":[42],"tags":[210,17,18,1980,5853,17108,700,13,14,13804,11,590,61,62,63,64,19,20,65228,8987,9,10,15,16,12,21,22,26916,65229,65,66,67],"class_list":{"0":"post-261386","1":"post","2":"type-post","3":"status-publish","4":"format-standard","5":"has-post-thumbnail","7":"category-internacional","8":"tag-barcelona","9":"tag-breaking-news","10":"tag-breakingnews","11":"tag-cataluna","12":"tag-comercio-internacional","13":"tag-cooperacion-y-desarrollo","14":"tag-europa","15":"tag-featured-news","16":"tag-featurednews","17":"tag-geopolitica","18":"tag-headlines","19":"tag-inmigracion","20":"tag-internacional","21":"tag-international","22":"tag-international-news","23":"tag-internationalnews","24":"tag-latest-news","25":"tag-latestnews","26":"tag-magreb","27":"tag-mar-mediterraneo","28":"tag-news","29":"tag-noticias","30":"tag-noticias-destacadas","31":"tag-noticiasdestacadas","32":"tag-titulares","33":"tag-ultimas-noticias","34":"tag-ultimasnoticias","35":"tag-union-europea-de-inversiones","36":"tag-union-politica-europea","37":"tag-world","38":"tag-world-news","39":"tag-worldnews"},"share_on_mastodon":{"url":"","error":"Validation failed: Text character limit of 500 exceeded"},"_links":{"self":[{"href":"https:\/\/www.europesays.com\/es\/wp-json\/wp\/v2\/posts\/261386","targetHints":{"allow":["GET"]}}],"collection":[{"href":"https:\/\/www.europesays.com\/es\/wp-json\/wp\/v2\/posts"}],"about":[{"href":"https:\/\/www.europesays.com\/es\/wp-json\/wp\/v2\/types\/post"}],"author":[{"embeddable":true,"href":"https:\/\/www.europesays.com\/es\/wp-json\/wp\/v2\/users\/2"}],"replies":[{"embeddable":true,"href":"https:\/\/www.europesays.com\/es\/wp-json\/wp\/v2\/comments?post=261386"}],"version-history":[{"count":0,"href":"https:\/\/www.europesays.com\/es\/wp-json\/wp\/v2\/posts\/261386\/revisions"}],"wp:featuredmedia":[{"embeddable":true,"href":"https:\/\/www.europesays.com\/es\/wp-json\/wp\/v2\/media\/261387"}],"wp:attachment":[{"href":"https:\/\/www.europesays.com\/es\/wp-json\/wp\/v2\/media?parent=261386"}],"wp:term":[{"taxonomy":"category","embeddable":true,"href":"https:\/\/www.europesays.com\/es\/wp-json\/wp\/v2\/categories?post=261386"},{"taxonomy":"post_tag","embeddable":true,"href":"https:\/\/www.europesays.com\/es\/wp-json\/wp\/v2\/tags?post=261386"}],"curies":[{"name":"wp","href":"https:\/\/api.w.org\/{rel}","templated":true}]}}