{"id":261388,"date":"2025-11-29T03:07:11","date_gmt":"2025-11-29T03:07:11","guid":{"rendered":"https:\/\/www.europesays.com\/es\/261388\/"},"modified":"2025-11-29T03:07:11","modified_gmt":"2025-11-29T03:07:11","slug":"monica-garcia-pide-al-pp-aparcar-la-pelea-politica","status":"publish","type":"post","link":"https:\/\/www.europesays.com\/es\/261388\/","title":{"rendered":"M\u00f3nica Garc\u00eda pide al PP aparcar la \u00abpelea pol\u00edtica\u00bb"},"content":{"rendered":"<p>La <strong>ministra de Sanidad, M\u00f3nica Garc\u00eda<\/strong>, ha recalcado que aprobar <strong>un protocolo com\u00fan para combatir la epidemia de gripe<\/strong> entre el Gobierno y las comunidades aut\u00f3nomas se ha convertido en \u00abun reto de pa\u00eds\u00bb y ha instado al PP a dejar a un lado la \u00abpelea pol\u00edtica\u00bb y a no bloquear el acuerdo en la reuni\u00f3n de la Comisi\u00f3n de Salud P\u00fablica que ya se ha convocado para el 3 de diciembre.<\/p>\n<p>Horas despu\u00e9s de que el Consejo Interterritorial haya concluido sin este acuerdo que reclama Garc\u00eda, la titular de Sanidad espera que la pr\u00f3xima semana si sea posible. El Ministerio, ha advertido en una entrevista en el programa 24 horas de RNE, \u00abseguir\u00e1 insistiendo\u00bb, con vistas a que no ocurra lo mismo del a\u00f1o pasado y con el objetivo de prevenir que la gripe, catalogada ya de epidemia, siga expandi\u00e9ndose.<\/p>\n<p><strong>La curva de contagios est\u00e1 subiendo<\/strong> \u2014ya ronda los 40 casos por cada 100.000 habitantes\u2014 y el Gobierno quiere que estos mismos datos no se multipliquen con diez, como ocurri\u00f3 en la temporada invernal que arranc\u00f3 a finales de 2024. Garc\u00eda ha recordado que el a\u00f1o pasado se registraron 1.800 muertes vinculadas a la gripe, mientas que la cifra de ingresos hospitalarios se dispar\u00f3 hasta los 30.000.<\/p>\n<p>Pide consenso para que los ciudadanos \u00abconf\u00eden\u00bb en las instituciones<\/p>\n<p>La ministra ha apelado al consenso para demostrar a los ciudadanos que las distintas administraciones, sean del signo pol\u00edtico que sean, se ponen de acuerdo para \u00ablo importante\u00b7\u00bb. Considera que es una forma de que la poblaci\u00f3n sea capaz de \u00abconfiar\u00bb en las instituciones si en un momento dado dictan recomendaciones o medidas obligatorias, por ejemplo con el uso de las mascarillas.<\/p>\n<p>En este sentido, ha llamado a <strong>poner en pr\u00e1ctica el \u00abaprendizaje\u00bb de la pandemia<\/strong> de Covid-19 y a no asumir que la gripe llega todos los a\u00f1os como un mal inevitable.<\/p>\n<p>\u00abAhora sabemos lo que hay que hacer. Por tanto, pong\u00e1moslo a hacerlo\u00bb, ha reclamado en la entrevista, en la que ha reconocido que <a href=\"https:\/\/www.rtve.es\/noticias\/20251128\/ola-gripe-se-adelanta-espana-con-variante-riesgos-conlleva\/16834075.shtml\" rel=\"nofollow noopener\" target=\"_blank\">la nueva variante K \u00abpreocupa\u00bb y \u00abhay que actuar ya\u00bb<\/a>. Garc\u00eda ha recomendado a la poblaci\u00f3n vacunarse contra la gripe y adoptar medidas de especial protecci\u00f3n ante las comunidades vulnerables.<\/p>\n<p>Tranquilidad frente a la entrada en prisi\u00f3n de \u00c1balos<\/p>\n<p>Sobre la entrada en prisi\u00f3n del exministro de Transportes <strong>Jos\u00e9 Luis \u00c1balos<\/strong>, Garc\u00eda ha descartado que pueda verse afectado el Gobierno en su conjunto. \u201cLa parte de la coalici\u00f3n de Sumar estamos tranquilos\u201d, ha zanjado.<\/p>\n<p>La ministra, no obstante, ha evitado entrar a valorar las \u00faltimas acusaciones de \u00c1balos y las ha enmarcado dentro de una \u201cestrategia de defensa\u201d que pasa por \u201catacar\u201d al Ejecutivo, \u201ccomo una suerte de atenuante\u201d.<\/p>\n<p>En este sentido, ha se\u00f1alado que la posici\u00f3n de Sumar pasa por que \u201cel que tenga que ir a la c\u00e1rcel que vaya a la c\u00e1rcel\u201d, lo que hace extensible al antiguo secretario de organizaci\u00f3n del PSOE y a otros miembros implicados en la misma trama.<\/p>\n","protected":false},"excerpt":{"rendered":"La ministra de Sanidad, M\u00f3nica Garc\u00eda, ha recalcado que aprobar un protocolo com\u00fan para combatir la epidemia de&hellip;\n","protected":false},"author":2,"featured_media":261389,"comment_status":"","ping_status":"","sticky":false,"template":"","format":"standard","meta":{"footnotes":""},"categories":[8],"tags":[17,18,25,24,13,14,11,19,20,9,10,15,16,23,12,21,22],"class_list":{"0":"post-261388","1":"post","2":"type-post","3":"status-publish","4":"format-standard","5":"has-post-thumbnail","7":"category-espana","8":"tag-breaking-news","9":"tag-breakingnews","10":"tag-es","11":"tag-espana","12":"tag-featured-news","13":"tag-featurednews","14":"tag-headlines","15":"tag-latest-news","16":"tag-latestnews","17":"tag-news","18":"tag-noticias","19":"tag-noticias-destacadas","20":"tag-noticiasdestacadas","21":"tag-spain","22":"tag-titulares","23":"tag-ultimas-noticias","24":"tag-ultimasnoticias"},"share_on_mastodon":{"url":"https:\/\/pubeurope.com\/@es\/115630784245219034","error":""},"_links":{"self":[{"href":"https:\/\/www.europesays.com\/es\/wp-json\/wp\/v2\/posts\/261388","targetHints":{"allow":["GET"]}}],"collection":[{"href":"https:\/\/www.europesays.com\/es\/wp-json\/wp\/v2\/posts"}],"about":[{"href":"https:\/\/www.europesays.com\/es\/wp-json\/wp\/v2\/types\/post"}],"author":[{"embeddable":true,"href":"https:\/\/www.europesays.com\/es\/wp-json\/wp\/v2\/users\/2"}],"replies":[{"embeddable":true,"href":"https:\/\/www.europesays.com\/es\/wp-json\/wp\/v2\/comments?post=261388"}],"version-history":[{"count":0,"href":"https:\/\/www.europesays.com\/es\/wp-json\/wp\/v2\/posts\/261388\/revisions"}],"wp:featuredmedia":[{"embeddable":true,"href":"https:\/\/www.europesays.com\/es\/wp-json\/wp\/v2\/media\/261389"}],"wp:attachment":[{"href":"https:\/\/www.europesays.com\/es\/wp-json\/wp\/v2\/media?parent=261388"}],"wp:term":[{"taxonomy":"category","embeddable":true,"href":"https:\/\/www.europesays.com\/es\/wp-json\/wp\/v2\/categories?post=261388"},{"taxonomy":"post_tag","embeddable":true,"href":"https:\/\/www.europesays.com\/es\/wp-json\/wp\/v2\/tags?post=261388"}],"curies":[{"name":"wp","href":"https:\/\/api.w.org\/{rel}","templated":true}]}}