{"id":261390,"date":"2025-11-29T03:08:12","date_gmt":"2025-11-29T03:08:12","guid":{"rendered":"https:\/\/www.europesays.com\/es\/261390\/"},"modified":"2025-11-29T03:08:12","modified_gmt":"2025-11-29T03:08:12","slug":"el-psoe-endurece-su-discurso-contra-abalos-ante-el-cambio-de-estrategia-del-exministro-hora-25","status":"publish","type":"post","link":"https:\/\/www.europesays.com\/es\/261390\/","title":{"rendered":"El PSOE endurece su discurso contra \u00c1balos ante el cambio de estrategia del exministro | Hora 25"},"content":{"rendered":"<p class=\"loc\">Madrid<\/p>\n<p>El cambio de estrategia abanderado por el exministro Jos\u00e9 Luis \u00c1balos ha obligado al PSOE a ir al choque y endurecer su discurso contra el que fuera su secretario de organizaci\u00f3n. En un comunicaci\u00f3n, los socialistas le acusan de emprender una campa\u00f1a de difamaciones y mentiras . <\/p>\n<p>Adem\u00e1s, desde el PSOE aseguran que lo que ha dicho en las \u00faltimas horas en distintos medios de comunicaci\u00f3n, en unas entrevistas que dej\u00f3 preparadas antes de su ingreso en la c\u00e1rcel de Soto del Real este jueves, atiende a la desesperaci\u00f3n debido al horizonte penal que tiene \u00c1balos.<\/p>\n","protected":false},"excerpt":{"rendered":"Madrid El cambio de estrategia abanderado por el exministro Jos\u00e9 Luis \u00c1balos ha obligado al PSOE a ir&hellip;\n","protected":false},"author":2,"featured_media":261391,"comment_status":"","ping_status":"","sticky":false,"template":"","format":"standard","meta":{"footnotes":""},"categories":[5],"tags":[17,18,25,24,13,14,11,19,20,9,10,15,16,23,12,21,22],"class_list":{"0":"post-261390","1":"post","2":"type-post","3":"status-publish","4":"format-standard","5":"has-post-thumbnail","7":"category-titulares","8":"tag-breaking-news","9":"tag-breakingnews","10":"tag-es","11":"tag-espana","12":"tag-featured-news","13":"tag-featurednews","14":"tag-headlines","15":"tag-latest-news","16":"tag-latestnews","17":"tag-news","18":"tag-noticias","19":"tag-noticias-destacadas","20":"tag-noticiasdestacadas","21":"tag-spain","22":"tag-titulares","23":"tag-ultimas-noticias","24":"tag-ultimasnoticias"},"share_on_mastodon":{"url":"https:\/\/pubeurope.com\/@es\/115630787983105825","error":""},"_links":{"self":[{"href":"https:\/\/www.europesays.com\/es\/wp-json\/wp\/v2\/posts\/261390","targetHints":{"allow":["GET"]}}],"collection":[{"href":"https:\/\/www.europesays.com\/es\/wp-json\/wp\/v2\/posts"}],"about":[{"href":"https:\/\/www.europesays.com\/es\/wp-json\/wp\/v2\/types\/post"}],"author":[{"embeddable":true,"href":"https:\/\/www.europesays.com\/es\/wp-json\/wp\/v2\/users\/2"}],"replies":[{"embeddable":true,"href":"https:\/\/www.europesays.com\/es\/wp-json\/wp\/v2\/comments?post=261390"}],"version-history":[{"count":0,"href":"https:\/\/www.europesays.com\/es\/wp-json\/wp\/v2\/posts\/261390\/revisions"}],"wp:featuredmedia":[{"embeddable":true,"href":"https:\/\/www.europesays.com\/es\/wp-json\/wp\/v2\/media\/261391"}],"wp:attachment":[{"href":"https:\/\/www.europesays.com\/es\/wp-json\/wp\/v2\/media?parent=261390"}],"wp:term":[{"taxonomy":"category","embeddable":true,"href":"https:\/\/www.europesays.com\/es\/wp-json\/wp\/v2\/categories?post=261390"},{"taxonomy":"post_tag","embeddable":true,"href":"https:\/\/www.europesays.com\/es\/wp-json\/wp\/v2\/tags?post=261390"}],"curies":[{"name":"wp","href":"https:\/\/api.w.org\/{rel}","templated":true}]}}