{"id":261394,"date":"2025-11-29T03:17:08","date_gmt":"2025-11-29T03:17:08","guid":{"rendered":"https:\/\/www.europesays.com\/es\/261394\/"},"modified":"2025-11-29T03:17:08","modified_gmt":"2025-11-29T03:17:08","slug":"espana-resiste-y-rasca-un-empate-ante-alemania-en-la-ida-de-la-final-de-la-nations-league-futbol","status":"publish","type":"post","link":"https:\/\/www.europesays.com\/es\/261394\/","title":{"rendered":"Espa\u00f1a resiste y rasca un empate ante Alemania en la ida de la final de la Nations League | F\u00fatbol"},"content":{"rendered":"<p>La selecci\u00f3n espa\u00f1ola resisti\u00f3 en Kaiserslautern y rasc\u00f3 un empate contra Alemania en el primer partido de la final de la Nations League femenina. El partido termin\u00f3 con un empate sin goles en el marcador a pesar de la decena de ocasiones que han tenido las locales durante todo el partido y que <a href=\"https:\/\/cadenaser.com\/nacional\/2025\/11\/28\/cata-coll-se-luce-en-la-primera-parte-contra-alemania-en-la-final-de-la-nations-league-cadena-ser\/\" target=\"_blank\" rel=\"nofollow noopener\" title=\"https:\/\/cadenaser.com\/nacional\/2025\/11\/28\/cata-coll-se-luce-en-la-primera-parte-contra-alemania-en-la-final-de-la-nations-league-cadena-ser\/\">han provocado que Cata Coll haya sido la mejor del partido<\/a>. Su actuaci\u00f3n especialmente en la primera parte ha propiciado que quede todo abierto para el partido de vuelta, que se disputar\u00e1 el pr\u00f3ximo martes en el Metropolitano. <\/p>\n<p>M\u00e1s informaci\u00f3n<\/p>\n<p>Si se puede destacar algo de la selecci\u00f3n espa\u00f1ola en este primer partido de la final de la Nations es la porter\u00eda y la zaga. Tanto Cata Coll como el trabajo defensivo en el \u00e1rea ha sido encomiable y ha ayudado a que las de Sonia Berm\u00fadez no se vuelvan del pa\u00eds germano con una desventaja en el marcador. Las sensaciones, a excepci\u00f3n de los primeros minutos de la segunda parte, no han sido buenas en ning\u00fan momento. El plan de Sonia Berm\u00fadez, en su tercer partido como seleccionadora nacional, ha fracasado y no surtido efecto sobre un equipo alem\u00e1n que fue superior liderado por la delantera Clara B\u00fchl. Sus acercamientos, sus conducciones y sus ocasiones fueron la principal amenaza durante todo el partido. Sin embargo, en frente estaba la portera Cata Coll, que se luci\u00f3 en todo el partido como ya hab\u00eda hecho en las semifinales de la pasada Eurocopa con mejor recuerdo para los intereses espa\u00f1oles. <\/p>\n<p>La segunda mitad comenz\u00f3 con mejores sensaciones de lo que hab\u00eda finalizado la primera. Alemania, tanto en lo f\u00edsico como en lo futbol\u00edstico, pas\u00f3 por encima de las espa\u00f1olas, que ped\u00edan un respiro ante la sucesi\u00f3n ocasiones generadas por la misma jugadora: Clara B\u00fchl. Su partido ha sido una exhibici\u00f3n sobre el verde y no encontr\u00f3 ninguna rival capaz de detenerla, solamente Coll y dos postes. Las de Christian W\u00fcck se impusieron sobre el terreno de juego, pero no fueron capaces de llevar esa superioridad a la red en forma de gol. El m\u00e9rito de la zaga espa\u00f1ola ha sido tremendo, todo un ejercicio de resistencia que puede valer oro si la selecci\u00f3n espa\u00f1ola es capaz de vencer en el partido de vuelta en el Metropolitano. <\/p>\n","protected":false},"excerpt":{"rendered":"La selecci\u00f3n espa\u00f1ola resisti\u00f3 en Kaiserslautern y rasc\u00f3 un empate contra Alemania en el primer partido de la&hellip;\n","protected":false},"author":2,"featured_media":261395,"comment_status":"","ping_status":"","sticky":false,"template":"","format":"standard","meta":{"footnotes":""},"categories":[268],"tags":[168,25,24,280,282,32984,281,23,167,18524,6674,64024],"class_list":{"0":"post-261394","1":"post","2":"type-post","3":"status-publish","4":"format-standard","5":"has-post-thumbnail","7":"category-futbol","8":"tag-deportes","9":"tag-es","10":"tag-espana","11":"tag-football","12":"tag-futbol","13":"tag-nations-league","14":"tag-soccer","15":"tag-spain","16":"tag-sports","17":"tag-tournament","18":"tag-uefa","19":"tag-womens"},"share_on_mastodon":{"url":"https:\/\/pubeurope.com\/@es\/115630823584849795","error":""},"_links":{"self":[{"href":"https:\/\/www.europesays.com\/es\/wp-json\/wp\/v2\/posts\/261394","targetHints":{"allow":["GET"]}}],"collection":[{"href":"https:\/\/www.europesays.com\/es\/wp-json\/wp\/v2\/posts"}],"about":[{"href":"https:\/\/www.europesays.com\/es\/wp-json\/wp\/v2\/types\/post"}],"author":[{"embeddable":true,"href":"https:\/\/www.europesays.com\/es\/wp-json\/wp\/v2\/users\/2"}],"replies":[{"embeddable":true,"href":"https:\/\/www.europesays.com\/es\/wp-json\/wp\/v2\/comments?post=261394"}],"version-history":[{"count":0,"href":"https:\/\/www.europesays.com\/es\/wp-json\/wp\/v2\/posts\/261394\/revisions"}],"wp:featuredmedia":[{"embeddable":true,"href":"https:\/\/www.europesays.com\/es\/wp-json\/wp\/v2\/media\/261395"}],"wp:attachment":[{"href":"https:\/\/www.europesays.com\/es\/wp-json\/wp\/v2\/media?parent=261394"}],"wp:term":[{"taxonomy":"category","embeddable":true,"href":"https:\/\/www.europesays.com\/es\/wp-json\/wp\/v2\/categories?post=261394"},{"taxonomy":"post_tag","embeddable":true,"href":"https:\/\/www.europesays.com\/es\/wp-json\/wp\/v2\/tags?post=261394"}],"curies":[{"name":"wp","href":"https:\/\/api.w.org\/{rel}","templated":true}]}}