{"id":261400,"date":"2025-11-29T03:22:09","date_gmt":"2025-11-29T03:22:09","guid":{"rendered":"https:\/\/www.europesays.com\/es\/261400\/"},"modified":"2025-11-29T03:22:09","modified_gmt":"2025-11-29T03:22:09","slug":"petro-respalda-a-dua-lipa-tras-las-aglomeraciones-de-fanaticos-frente-a-su-hotel-en-bogota","status":"publish","type":"post","link":"https:\/\/www.europesays.com\/es\/261400\/","title":{"rendered":"Petro respalda a Dua Lipa tras las aglomeraciones de fan\u00e1ticos frente a su hotel en Bogot\u00e1"},"content":{"rendered":"<p>Bogot\u00e1 (EFE).- El presidente colombiano, Gustavo Petro, expres\u00f3 este viernes su respaldo a la cantante brit\u00e1nica Dua Lipa, quien se presentar\u00e1 esta noche en el estadio El Camp\u00edn de Bogot\u00e1, despu\u00e9s de que circularan en redes sociales videos que muestran aglomeraciones de seguidores a las afueras del hotel donde se hospeda.<\/p>\n<p>\u00abDua Lipa es una cantante de vanguardia y progresista que merece el mayor respeto de la colombianidad. Cualquier ayuda que se necesite para su tranquilidad, estaremos dispuestos\u00bb, escribi\u00f3 el mandatario en X.<\/p>\n<p>El comentario llega en medio de la preocupaci\u00f3n manifestada por un grupo de fans de la artista, que denunci\u00f3 en un comunicado comportamientos que calific\u00f3 como \u00abacoso\u00bb durante las \u00faltimas horas.<\/p>\n<blockquote class=\"twitter-tweet\">\n<p lang=\"es\" dir=\"ltr\">Dua Lipa es una cantante de vanguardia y progresista que merece el mayor respeto de la colombianidad. <br \/>Cualquier ayuda que se necesite para su tranquilidad, estaremos dispuestos <a href=\"https:\/\/t.co\/A0H4HemjCK\" rel=\"nofollow\">https:\/\/t.co\/A0H4HemjCK<\/a><\/p>\n<p>\u2014 Gustavo Petro (@petrogustavo) <a href=\"https:\/\/twitter.com\/petrogustavo\/status\/1994535302644576716?ref_src=twsrc%5Etfw\" rel=\"nofollow noopener\" target=\"_blank\">November 28, 2025<\/a><\/p><\/blockquote>\n<p>En v\u00eddeos de redes sociales se observa a decenas de personas tratando de acercarse a la cantante y a su prometido, el actor Callum Turner, quienes llevan dos d\u00edas haciendo turismo en la capital colombiana con motivo de su concierto.<\/p>\n<p>Dua Lipa se sentir\u00eda \u00abasustada\u00bb<\/p>\n<p>El club de fans asegur\u00f3 que Dua Lipa \u00abse siente presionada, perseguida y asustada\u00bb, despu\u00e9s de que algunos seguidores permanecieran hasta medianoche del jueves frente al hotel, algunos con parlantes y meg\u00e1fonos.<\/p>\n<p>La artista, con m\u00e1s de 48 millones de reproducciones en la plataforma de m\u00fasica Spotify, se encuentra inmersa en la fase Latinoam\u00e9rica de su tour mundial con motivo de su tercer \u00e1lbum, \u2018Radical Optimist\u2019, que alcanz\u00f3 el n\u00famero uno en doce pa\u00edses y se convirti\u00f3 en el debut m\u00e1s exitoso de una artista brit\u00e1nica el a\u00f1o pasado.<\/p>\n<p>La brit\u00e1nica se ha ganado el cari\u00f1o del p\u00fablico hispanohablante al incorporar en cada concierto de esta gira una o dos canciones emblem\u00e1ticas del pa\u00eds que visita. En Chile interpret\u00f3 \u2018Tu falta de querer\u2019 y \u2018El duelo\u2019; en Argentina, \u2018De m\u00fasica ligera\u2019 y \u2018Tu misterioso alguien\u2019; y en Per\u00fa sorprendi\u00f3 con la cumbia \u2018Cari\u00f1ito\u2019. <\/p>\n<p>        <script async src=\"https:\/\/platform.twitter.com\/widgets.js\" charset=\"utf-8\"><\/script><\/p>\n","protected":false},"excerpt":{"rendered":"Bogot\u00e1 (EFE).- El presidente colombiano, Gustavo Petro, expres\u00f3 este viernes su respaldo a la cantante brit\u00e1nica Dua Lipa,&hellip;\n","protected":false},"author":2,"featured_media":261401,"comment_status":"","ping_status":"","sticky":false,"template":"","format":"standard","meta":{"footnotes":""},"categories":[170],"tags":[3061,1803,208,146,147,25,24,582,184,185,23],"class_list":{"0":"post-261400","1":"post","2":"type-post","3":"status-publish","4":"format-standard","5":"has-post-thumbnail","7":"category-musica","8":"tag-cantantes","9":"tag-colombia","10":"tag-conciertos","11":"tag-entertainment","12":"tag-entretenimiento","13":"tag-es","14":"tag-espana","15":"tag-gobierno","16":"tag-music","17":"tag-musica","18":"tag-spain"},"share_on_mastodon":{"url":"https:\/\/pubeurope.com\/@es\/115630843282654088","error":""},"_links":{"self":[{"href":"https:\/\/www.europesays.com\/es\/wp-json\/wp\/v2\/posts\/261400","targetHints":{"allow":["GET"]}}],"collection":[{"href":"https:\/\/www.europesays.com\/es\/wp-json\/wp\/v2\/posts"}],"about":[{"href":"https:\/\/www.europesays.com\/es\/wp-json\/wp\/v2\/types\/post"}],"author":[{"embeddable":true,"href":"https:\/\/www.europesays.com\/es\/wp-json\/wp\/v2\/users\/2"}],"replies":[{"embeddable":true,"href":"https:\/\/www.europesays.com\/es\/wp-json\/wp\/v2\/comments?post=261400"}],"version-history":[{"count":0,"href":"https:\/\/www.europesays.com\/es\/wp-json\/wp\/v2\/posts\/261400\/revisions"}],"wp:featuredmedia":[{"embeddable":true,"href":"https:\/\/www.europesays.com\/es\/wp-json\/wp\/v2\/media\/261401"}],"wp:attachment":[{"href":"https:\/\/www.europesays.com\/es\/wp-json\/wp\/v2\/media?parent=261400"}],"wp:term":[{"taxonomy":"category","embeddable":true,"href":"https:\/\/www.europesays.com\/es\/wp-json\/wp\/v2\/categories?post=261400"},{"taxonomy":"post_tag","embeddable":true,"href":"https:\/\/www.europesays.com\/es\/wp-json\/wp\/v2\/tags?post=261400"}],"curies":[{"name":"wp","href":"https:\/\/api.w.org\/{rel}","templated":true}]}}