{"id":261402,"date":"2025-11-29T03:23:09","date_gmt":"2025-11-29T03:23:09","guid":{"rendered":"https:\/\/www.europesays.com\/es\/261402\/"},"modified":"2025-11-29T03:23:09","modified_gmt":"2025-11-29T03:23:09","slug":"inmaculada-pelicula-sobre-la-virgen-maria-se-estrenara-en-diciembre-en-hispanoamerica","status":"publish","type":"post","link":"https:\/\/www.europesays.com\/es\/261402\/","title":{"rendered":"Inmaculada, pel\u00edcula sobre la Virgen Mar\u00eda, se estrenar\u00e1 en diciembre en Hispanoam\u00e9rica"},"content":{"rendered":"<p>                              <a href=\"https:\/\/www.aciprensa.com\/autor\/2\/walter-sanchez-silva\" rel=\"nofollow noopener\" target=\"_blank\"><br \/>\n                  <img loading=\"lazy\" decoding=\"async\" alt=\"Walter S\u00e1nchez Silva\" class=\"author-image m-0 mr-4\" height=\"48\" src=\"https:\/\/www.europesays.com\/es\/wp-content\/uploads\/2025\/11\/1764386588_99_WalterSanchesilva.jpg\" width=\"48\"\/><br \/>\n                <\/a><\/p>\n<p> Por<br \/>\n                                  <a href=\"https:\/\/www.aciprensa.com\/autor\/2\/walter-sanchez-silva\" rel=\"nofollow noopener\" target=\"_blank\">Walter S\u00e1nchez Silva<\/a>\n                                <\/p>\n<p class=\"post-info date-author\">\n                                  28 de noviembre de 2025<br \/>06:24 p. m.\n                              <\/p>\n<p class=\"post-info date-author-mobile\">\n                  Nov. 28, 2025<br \/>06:24 p. m.\n                <\/p>\n<p>Bosco Films anuncia el pr\u00f3ximo estreno de <strong>Inmaculada, una pel\u00edcula documental sobre la Virgen Mar\u00eda<\/strong>, dirigida por el cineasta polaco, Michal Kondrat, que llegar\u00e1 <strong>a los cines de Hispanoam\u00e9rica<\/strong>, en el marco de la Solemnidad de la Inmaculada Concepci\u00f3n que la Iglesia celebra el 8 de diciembre.<\/p>\n<p>\u201cEl documental analiza textos griegos de la Sagrada Escritura, revelaciones y el dogma de la Inmaculada Concepci\u00f3n. El resultado es una nueva interpretaci\u00f3n de los pasajes de la Escritura que revelan a Mar\u00eda, la Madre de Cristo, y su extraordinario papel en el plan divino para la salvaci\u00f3n del mundo\u201d, se\u00f1ala una nota enviada por la productora a ACI Prensa.<\/p>\n<p>\tRecibe las principales noticias de ACI Prensa por WhatsApp y Telegram<\/p>\n<p class=\"box-desc\">Cada vez es m\u00e1s dif\u00edcil ver noticias cat\u00f3licas en las redes sociales. Suscr\u00edbete a nuestros canales gratuitos hoy:<\/p>\n<p>La cinta ha sido dirigida por Michal Kondrat, director especializado en cine cat\u00f3lico y fundador de la productora Kondrat Media. Adem\u00e1s, ha dirigido las cintas Faustina: El Amor y la Misericordia, Purgatorio, Dos Coronas y El Profeta.<\/p>\n<p>La cinta \u00abes el resultado de un profundo deseo de llevar la figura de Mar\u00eda al mundo de hoy, un mundo que necesita la s\u00f3lida ense\u00f1anza de la Iglesia y la presencia de Nuestra Madre\u201d, se\u00f1ala Kondrat.<\/p>\n<p>\u00abEs una pel\u00edcula s\u00f3lida, catequ\u00e9tica y experiencial que te ayudar\u00e1 a ti y a tu familia a crecer en un mayor amor y devoci\u00f3n por Mar\u00eda de Dios\u00bb, agrega.<\/p>\n<p>El documental tienes una hora y 20 minutos de duraci\u00f3n y se rod\u00f3 en Polonia, Estados Unidos y Francia. Cuenta con la participaci\u00f3n de reconocidos sacerdotes y expertos en mariolog\u00eda como el P. Donald Calloway de la Congregaci\u00f3n de los Padres Marianos de la Inmaculada Concepci\u00f3n de la Sant\u00edsima Virgen Mar\u00eda.<\/p>\n<p>                                      <strong>Fechas de estreno Inmaculada en Hispanoam\u00e9rica<\/strong><\/p>\n<p><a href=\"https:\/\/www.aciprensa.com\/noticias\/118855\/cambian-en-colombia-fecha-de-estreno-de-pelicula-inmaculada-para-acercarla-a-la-fiesta-de-la-concepcion-de-maria\" rel=\"noopener noreferrer nofollow\" target=\"_blank\">4 de diciembre en Cinemark de Colombia<\/a> (Bogot\u00e1, Barranquilla, Bucaramanga, Cali, C\u00facuta, Medell\u00edn, Pereira y Villavicencio).<\/p>\n<p>6, 7 y del 11 al 14 de diciembre en <strong>Cin\u00e9polis de Costa Rica, El Salvador, Honduras, Guatemala y Panam\u00e1<\/strong>.<\/p>\n<p>9 de diciembre en Movie Punta Carretas de <strong>Uruguay<\/strong><\/p>\n<p>Puedes pedir la pel\u00edcula en tu ciudad, ingresando a <a href=\"https:\/\/inmaculadalapelicula.com\/\" rel=\"noopener noreferrer nofollow\" target=\"_blank\">https:\/\/inmaculadalapelicula.com\/<\/a><\/p>\n<p>                    <a href=\"https:\/\/www.aciprensa.com\/autor\/2\/walter-sanchez-silva\" rel=\"nofollow noopener\" target=\"_blank\"><br \/>\n                      <img decoding=\"async\" alt=\"Walter S\u00e1nchez Silva\" src=\"https:\/\/www.europesays.com\/es\/wp-content\/uploads\/2025\/11\/1764386589_185_WalterSanchesilva.jpg\"\/><br \/>\n                    <\/a><\/p>\n<p>\n                    <b>Walter S\u00e1nchez Silva<\/b> <br \/>Soy esposo desde 2008. Con mi esposa tenemos tres hijos aqu\u00ed y uno que se fue al cielo en 2023, antes de nacer. Desde que me incorpor\u00e9 a ACI Prensa en 2005, he tenido la oportunidad de cubrir diversos eventos de la Iglesia Cat\u00f3lica. Entre ellos, las Jornadas Mundiales de la Juventud en Colonia, Madrid y R\u00edo de Janeiro y los viajes apost\u00f3licos del Papa Benedicto XVI a M\u00e9xico y del Papa Francisco a Corea del Sur. He sido enviado al Vaticano para cubrir los s\u00ednodos de la Familia, en 2015; de la Amazon\u00eda, en 2019 y el de la Sinodalidad, en 2023. Sigo de cerca la situaci\u00f3n de la Iglesia Cat\u00f3lica en Nicaragua, que sufre la persecuci\u00f3n de la dictadura de Daniel Ortega, as\u00ed como la actualidad eclesial en la regi\u00f3n.\n                  <\/p>\n","protected":false},"excerpt":{"rendered":"Por Walter S\u00e1nchez Silva 28 de noviembre de 202506:24 p. m. Nov. 28, 202506:24 p. m. Bosco Films&hellip;\n","protected":false},"author":2,"featured_media":261403,"comment_status":"","ping_status":"","sticky":false,"template":"","format":"standard","meta":{"footnotes":""},"categories":[169],"tags":[889,65232,177,24929,146,147,25,24,176,3742,43234,175,8388,33831,65233,23,22259],"class_list":{"0":"post-261402","1":"post","2":"type-post","3":"status-publish","4":"format-standard","5":"has-post-thumbnail","7":"category-cine","8":"tag-america","9":"tag-bosco-films","10":"tag-cine","11":"tag-cine-catolico","12":"tag-entertainment","13":"tag-entretenimiento","14":"tag-es","15":"tag-espana","16":"tag-film","17":"tag-inmaculada","18":"tag-inmaculada-concepcion","19":"tag-movies","20":"tag-noticias-catolicas","21":"tag-pelicula-catolica","22":"tag-pelicula-inmaculada","23":"tag-spain","24":"tag-virgen-maria"},"share_on_mastodon":{"url":"https:\/\/pubeurope.com\/@es\/115630847434977741","error":""},"_links":{"self":[{"href":"https:\/\/www.europesays.com\/es\/wp-json\/wp\/v2\/posts\/261402","targetHints":{"allow":["GET"]}}],"collection":[{"href":"https:\/\/www.europesays.com\/es\/wp-json\/wp\/v2\/posts"}],"about":[{"href":"https:\/\/www.europesays.com\/es\/wp-json\/wp\/v2\/types\/post"}],"author":[{"embeddable":true,"href":"https:\/\/www.europesays.com\/es\/wp-json\/wp\/v2\/users\/2"}],"replies":[{"embeddable":true,"href":"https:\/\/www.europesays.com\/es\/wp-json\/wp\/v2\/comments?post=261402"}],"version-history":[{"count":0,"href":"https:\/\/www.europesays.com\/es\/wp-json\/wp\/v2\/posts\/261402\/revisions"}],"wp:featuredmedia":[{"embeddable":true,"href":"https:\/\/www.europesays.com\/es\/wp-json\/wp\/v2\/media\/261403"}],"wp:attachment":[{"href":"https:\/\/www.europesays.com\/es\/wp-json\/wp\/v2\/media?parent=261402"}],"wp:term":[{"taxonomy":"category","embeddable":true,"href":"https:\/\/www.europesays.com\/es\/wp-json\/wp\/v2\/categories?post=261402"},{"taxonomy":"post_tag","embeddable":true,"href":"https:\/\/www.europesays.com\/es\/wp-json\/wp\/v2\/tags?post=261402"}],"curies":[{"name":"wp","href":"https:\/\/api.w.org\/{rel}","templated":true}]}}