{"id":261404,"date":"2025-11-29T03:24:11","date_gmt":"2025-11-29T03:24:11","guid":{"rendered":"https:\/\/www.europesays.com\/es\/261404\/"},"modified":"2025-11-29T03:24:11","modified_gmt":"2025-11-29T03:24:11","slug":"getafe-cf-1-0-elche-cf-resumen-resultado-y-goles-del-partido-de-la-jornada-14-de-laliga-futbol","status":"publish","type":"post","link":"https:\/\/www.europesays.com\/es\/261404\/","title":{"rendered":"Getafe CF 1-0 Elche CF: resumen, resultado y goles del partido de la jornada 14 de LaLiga | F\u00fatbol"},"content":{"rendered":"<p>El duelo en el Coliseum med\u00eda a dos equipos establecidos en una posici\u00f3n c\u00f3moda en la clasificaci\u00f3n de LaLiga. El Getafe llegaba s\u00e9ptimo y el Elche octavo. Son dos equipos que han superado las expectativas en el primer tercio de la temporada, pues te\u00f3ricamente el objetivo primordial de ambos conjuntos es la permanencia. En la anterior jornada, el Elche complet\u00f3 un gran partido ante el Real Madrid, consiguiendo un punto en el Mart\u00ednez Valero. Por su parte, el Getafe cay\u00f3 por la m\u00ednima ante el Atl\u00e9tico de Madrid. <\/p>\n<p>En la primera parte, el conjunto de Eder Sarabia control\u00f3 m\u00e1s cuota de bal\u00f3n, mientras que los de Bordal\u00e1s trataban de hacer da\u00f1o a trav\u00e9s del juego directo. Los ilicitanos tuvieron las ocasiones m\u00e1s claras de los primeros cuarenta y cinco minutos. Primero, \u00c1lvaro Rodr\u00edguez estuvo a punto de batir la porter\u00eda azulona con un disparo que se march\u00f3 rozando el palo derecho. Despu\u00e9s, David Soria, con una gran parada, evit\u00f3 que H\u00e9ctor Fort culminara un gran contragolpe. <\/p>\n<p>A la vuelta del descanso, el Getafe gan\u00f3 peso en el encuentro y eso se tradujo en el primer gol de la jornada liguera. Una internada por banda izquierda que acab\u00f3 en centro de Nyom, con bicicleta incluida, Kiko Femen\u00eda prolong\u00f3 de cabeza al centro del \u00e1rea y Arambarri se lanz\u00f3 en plancha para rematar de cabeza y batir a I\u00f1aki Pe\u00f1a. A partir del gol, los azulones controlaron el partido y los visitantes pr\u00e1cticamente no generaron ocasiones de peligro. Sin embargo, en la \u00faltima jugada, Soria volvi\u00f3 a salvar a su equipo con una gran parada al disparo de Affengruber. <\/p>\n<p>Los de Bordal\u00e1s vuelven a sumar los tres puntos en casa y se afianzan en la s\u00e9ptima posici\u00f3n con veinte puntos, a tan solo uno de los puestos europeos. Por otro lado, es el s\u00e9ptimo partido consecutivo sin conocer la victoria para el Elche, aunque ostenta una posici\u00f3n c\u00f3moda en mitad de tabla. En la decimoquinta jornada, el Getafe visitar\u00e1 al tercer mejor equipo de la competici\u00f3n, jugar\u00e1 a domicilio contra el Villarreal. Los de Sarabia recibir\u00e1n en el Mart\u00ednez Valero al Girona. <\/p>\n","protected":false},"excerpt":{"rendered":"El duelo en el Coliseum med\u00eda a dos equipos establecidos en una posici\u00f3n c\u00f3moda en la clasificaci\u00f3n de&hellip;\n","protected":false},"author":2,"featured_media":261405,"comment_status":"","ping_status":"","sticky":false,"template":"","format":"standard","meta":{"footnotes":""},"categories":[93],"tags":[168,25,24,23,167],"class_list":{"0":"post-261404","1":"post","2":"type-post","3":"status-publish","4":"format-standard","5":"has-post-thumbnail","7":"category-deportes","8":"tag-deportes","9":"tag-es","10":"tag-espana","11":"tag-spain","12":"tag-sports"},"share_on_mastodon":{"url":"https:\/\/pubeurope.com\/@es\/115630850989321068","error":""},"_links":{"self":[{"href":"https:\/\/www.europesays.com\/es\/wp-json\/wp\/v2\/posts\/261404","targetHints":{"allow":["GET"]}}],"collection":[{"href":"https:\/\/www.europesays.com\/es\/wp-json\/wp\/v2\/posts"}],"about":[{"href":"https:\/\/www.europesays.com\/es\/wp-json\/wp\/v2\/types\/post"}],"author":[{"embeddable":true,"href":"https:\/\/www.europesays.com\/es\/wp-json\/wp\/v2\/users\/2"}],"replies":[{"embeddable":true,"href":"https:\/\/www.europesays.com\/es\/wp-json\/wp\/v2\/comments?post=261404"}],"version-history":[{"count":0,"href":"https:\/\/www.europesays.com\/es\/wp-json\/wp\/v2\/posts\/261404\/revisions"}],"wp:featuredmedia":[{"embeddable":true,"href":"https:\/\/www.europesays.com\/es\/wp-json\/wp\/v2\/media\/261405"}],"wp:attachment":[{"href":"https:\/\/www.europesays.com\/es\/wp-json\/wp\/v2\/media?parent=261404"}],"wp:term":[{"taxonomy":"category","embeddable":true,"href":"https:\/\/www.europesays.com\/es\/wp-json\/wp\/v2\/categories?post=261404"},{"taxonomy":"post_tag","embeddable":true,"href":"https:\/\/www.europesays.com\/es\/wp-json\/wp\/v2\/tags?post=261404"}],"curies":[{"name":"wp","href":"https:\/\/api.w.org\/{rel}","templated":true}]}}