{"id":261406,"date":"2025-11-29T03:25:10","date_gmt":"2025-11-29T03:25:10","guid":{"rendered":"https:\/\/www.europesays.com\/es\/261406\/"},"modified":"2025-11-29T03:25:10","modified_gmt":"2025-11-29T03:25:10","slug":"los-hospitales-miguel-servet-y-clinico-de-zaragoza-recuperan-la-mascarilla-obligatoria-entre-trabajadores-por-la-epidemia-de-gripe-heraldo-es","status":"publish","type":"post","link":"https:\/\/www.europesays.com\/es\/261406\/","title":{"rendered":"Los hospitales Miguel Servet y Cl\u00ednico de Zaragoza recuperan la mascarilla obligatoria entre trabajadores por la epidemia de gripe &#8211; heraldo.es"},"content":{"rendered":"<ol>\n<li><a href=\"https:\/\/news.google.com\/rss\/articles\/CBMihgJBVV95cUxNUHY5cGpZWkNHSmpwUnh6OTFxUlNxRDRxTEtRb3JKZ0dWYTJSeC13alFCWHpNa0NNSXlhZXYyS2h2UHJMY1JCcVF2YnB4Q2lOeDBpMjFmNXBjazIyQXZ1TmhGN1BaYXVzMXZuaEQ0ZTViZ2JwVDQ3a01ESUprSkI5Wmp6VE5Xckw2ZWxlT3I4dkJtOG56aEpxWlloVWFjeTR4MGs4Ym50QXB3U3FxZGM1Tk5EU2stSThhak9xTk1TU21XdjduVXB0WFA0NGJwMVNqdUtBTEZneW91Z20xVVZIaWM2Z0lFSnJrNVBBLVcyR1dSU3I3cFc5ajk4TTJTeVVOM01mZXhB?oc=5\" target=\"_blank\" rel=\"nofollow noopener\">Los hospitales Miguel Servet y Cl\u00ednico de Zaragoza recuperan la mascarilla obligatoria entre trabajadores por la epidemia de gripe<\/a>&nbsp;&nbsp;heraldo.es<\/li>\n<li><a href=\"https:\/\/news.google.com\/rss\/articles\/CBMijgJBVV95cUxPX1k2VFNYVUVzc1hweXlqZGZTOUZoNlNXbEd5cVFqbFlabE03VlhWeVF4T0FHNTl6NXh1ZmFjZk9Cbjk5S0dVbWdlV1JuVmk1Rmw0aDdTR0VQWWNCd2prQkdOMGcyMC1RLXR3ZFhrQkdLb0dYTzlyX05sYTVVaUhzV3R2LTNlRVVwNFJqVzkzczFabDBaak1vTW5GMVdLTTUtV1BMZGhrQnpJYVV1RndnbzRmbm15T3cwMno3WmlSYTJZcUpSbEZyc2VNUFVSeE1kWUtHQUJTZHROZE1vWVRJRGk1NnBidkFsX2JTMTBhWTZEVjExNTFIc2Npc251eVktdlpWX0k4VVoyWjQzU1HSAY4CQVVfeXFMUHFOSjNKaDBTVWlsR3B3MmVZZlFHbFdiV1dISE9uQWItZHpmbmVvV1p4WTBKMm4wN0FMdm5jcGlPQVVRMUVTSl9KT2VBeU5POTVmWHVHWFRZcFVCT2wzM1h6ZFMzUGtNdnRFWk5aVDZwc2x0ejNFRWNVdFdvUi0zZF91ZjMyWEFZa3UzNFhiSl80dDd5cW84LVRjU0J4cEUySGVxVENXbndfY3RsWklrQ1lKZ3Y2b2JUY01fSjJYTkpQTndid24xX3dfOTVVV0pCNkxscmpPUmZyek50T3RtN0NEbXlHSnozMTJWa19zdFM4Wjk5b1c4TnJjMGFJZnNOTkcwWThmMTBYRF9Qd0N3?oc=5\" target=\"_blank\" rel=\"nofollow noopener\">La gripe ya es epidemia en Espa\u00f1a: Galicia y Valencia se suman a la recomendaci\u00f3n de Arag\u00f3n de usar<\/a>&nbsp;&nbsp;LaSexta<\/li>\n<li><a href=\"https:\/\/news.google.com\/rss\/articles\/CBMioAFBVV95cUxPemxmbzBoTFJrT0hWOHN4ajNDTjhiYVFZLS1fSXZXcjhVUzVkT0NtVTI2Z2VyUTBPRENFeDh6ZVFOZm5YanRxVFVxM0FIenhLaFBvWTVwSC02VlpEdzg5MWYtd1RHWEIyQkYwaERnZFJ0M05Mc3RJV1dVTnBMMEFuOUNDZFNFY0E0T1dCNGpVTFpGclVXX2w2SjZLNG5zUFVM0gGgAUFVX3lxTE50blNaYi1hb1pfNWVIMXJaeG01NHNfd1A5WnFHcGdWanJWcXlYMFlYZzRzZkRHT3E4V2MwWThsUlE2Z1Jzejc1WEZaRElOZVlwaUhsUDR0YVpJU0tQOEJ2WFZGLTR0b0RBenFnSTVQUlNfbVl1RG9KZjh3cFZlYS0xS0pIaGlYOGdPUW5SMDNJYmJQX3ZaY0Q0Qk14UWxHX3E?oc=5\" target=\"_blank\" rel=\"nofollow noopener\">La gripe se convierte en epidemia: en esta zona de Espa\u00f1a vuelven las mascarillas<\/a>&nbsp;&nbsp;El Peri\u00f3dico<\/li>\n<li><a href=\"https:\/\/news.google.com\/rss\/articles\/CBMiyAFBVV95cUxNY1pwcFRBTXh1Z0N5c2k4eTdZYk9pLU1mN2QzSjJod1dhUlZVX0IxSjJ4LVdnTWpqRXRCLU9vVGZoLWxkRzRVYkN3Q1JTeDNtNHVBN1ZMNmVrOUxDQklKZkFrd0R1MmsxWDd2djFKTE5MMUtWYzFMcmhadktwdkdyMGVOUVlsYmFBTXd6YjdXTkFjR1VuRnd0OC1tWjJSdU1tOFBKU2NBb3pwUUd2ZnZ3SDJlNkNjQko0SDdjVE9LaVVWNE5SZE5jVtIByAFBVV95cUxObm16cldycDdwbWUxZG1LemRIeC1yd3dnOUdrRkM5UmFjbExIWHZrNGpNY3dkVUkzMDV4SmZTdkJZWEVNRm1XUl9tYmpZRzh5WFh5QWNmcjFzWGNDUXZubWFsaHR4XzlfWTFKMEpNX0o1cVExb0M0RmxEdGFwNF90OC0xSjNPMnI2WUNUdXRBWkUxWVJpdjhlaWptenVsNHdfZkR1Si10S0lQSFRvNGd0RldzcXBQV1hLZXdGejdrc2xOWlFWQm9Baw?oc=5\" target=\"_blank\" rel=\"nofollow noopener\">Reparto de mascarillas para evitar la expansi\u00f3n de la gripe<\/a>&nbsp;&nbsp;Onda Cero<\/li>\n<li><a href=\"https:\/\/news.google.com\/rss\/articles\/CBMipAFBVV95cUxQSDk4UnZoVURtaXY0ZUNiN1g5Y1hqNmV5a3FCODZudU9zRkZXV1hRQzJqc2ZvVFB5ZmZ6NzI0a0Fqb2RIb0k2ckswN0Nxa1dGVjljTDVjZXZCY3ZCdnVaaGJqWDNreUwwQWhMMGg5RElPZGpyNHo5OFpKTWpNSDRZR25NYkFTWFVMakU1RlR6UHJQejFpQWRrRlk5cmRmQmM4N0lRR9IBqgFBVV95cUxNTWdWQlhkS1pHR0ZUSUdaaFhzNDRpWEVuR2lZNzJZU1cyNVF4clFwMFEwcU1qcVJ4RmtsdTViWVc0Zlo5MmtEQkFsQlNKRlV3dWp5WGVvYUVPU0xMRDd6VTlIdzAyMkZSWmFTNktoS1ZOMnRCa1RyVDRpUGZLS013OS1aWHpiSktsczBQV25Jc01nRDNBV2M5alg2Rk53YThpYVZoQzZ6UTV5Zw?oc=5\" target=\"_blank\" rel=\"nofollow noopener\">Los efectos de la epidemia de la gripe en Arag\u00f3n: 250 urgencias en los hospitales y un brote en una residencia con 14 afectados<\/a>&nbsp;&nbsp;El Peri\u00f3dico de Arag\u00f3n<\/li>\n<\/ol>\n","protected":false},"excerpt":{"rendered":"Los hospitales Miguel Servet y Cl\u00ednico de Zaragoza recuperan la mascarilla obligatoria entre trabajadores por la epidemia de&hellip;\n","protected":false},"author":2,"featured_media":248356,"comment_status":"","ping_status":"","sticky":false,"template":"","format":"standard","meta":{"footnotes":""},"categories":[92],"tags":[25,24,165,166,23],"class_list":{"0":"post-261406","1":"post","2":"type-post","3":"status-publish","4":"format-standard","5":"has-post-thumbnail","7":"category-salud","8":"tag-es","9":"tag-espana","10":"tag-health","11":"tag-salud","12":"tag-spain"},"share_on_mastodon":{"url":"https:\/\/pubeurope.com\/@es\/115630854908189541","error":""},"_links":{"self":[{"href":"https:\/\/www.europesays.com\/es\/wp-json\/wp\/v2\/posts\/261406","targetHints":{"allow":["GET"]}}],"collection":[{"href":"https:\/\/www.europesays.com\/es\/wp-json\/wp\/v2\/posts"}],"about":[{"href":"https:\/\/www.europesays.com\/es\/wp-json\/wp\/v2\/types\/post"}],"author":[{"embeddable":true,"href":"https:\/\/www.europesays.com\/es\/wp-json\/wp\/v2\/users\/2"}],"replies":[{"embeddable":true,"href":"https:\/\/www.europesays.com\/es\/wp-json\/wp\/v2\/comments?post=261406"}],"version-history":[{"count":0,"href":"https:\/\/www.europesays.com\/es\/wp-json\/wp\/v2\/posts\/261406\/revisions"}],"wp:featuredmedia":[{"embeddable":true,"href":"https:\/\/www.europesays.com\/es\/wp-json\/wp\/v2\/media\/248356"}],"wp:attachment":[{"href":"https:\/\/www.europesays.com\/es\/wp-json\/wp\/v2\/media?parent=261406"}],"wp:term":[{"taxonomy":"category","embeddable":true,"href":"https:\/\/www.europesays.com\/es\/wp-json\/wp\/v2\/categories?post=261406"},{"taxonomy":"post_tag","embeddable":true,"href":"https:\/\/www.europesays.com\/es\/wp-json\/wp\/v2\/tags?post=261406"}],"curies":[{"name":"wp","href":"https:\/\/api.w.org\/{rel}","templated":true}]}}