{"id":261407,"date":"2025-11-29T03:26:13","date_gmt":"2025-11-29T03:26:13","guid":{"rendered":"https:\/\/www.europesays.com\/es\/261407\/"},"modified":"2025-11-29T03:26:13","modified_gmt":"2025-11-29T03:26:13","slug":"la-poderosa-lista-de-invitadas-al-baile-de-debutantes-de-paris","status":"publish","type":"post","link":"https:\/\/www.europesays.com\/es\/261407\/","title":{"rendered":"la poderosa lista de invitadas al baile de debutantes de Par\u00eds"},"content":{"rendered":"\n<p> Cada fin de semana de Acci\u00f3n de Gracias, los majestuosos salones del antiguo palacio del pr\u00edncipe Roland Bonaparte, hoy convertido en el lujoso hotel Shangri. La con vistas privilegiadas a la Torre Eiffel vuelven a transformarse en el centro neur\u00e1lgico de la \u00e9lite internacional. En este escenario, una veintena de j\u00f3venes pertenecientes a la realeza, la aristocracia y a algunas de las familias <strong>m\u00e1s influyentes del mundo empresarial y art\u00edstico<\/strong> realiza su presentaci\u00f3n oficial en sociedad durante Le Bal, <a href=\"https:\/\/www.vanitatis.elconfidencial.com\/famosos\/2025-11-19\/le-bal-baile-debutantes-adolescentes-secretos-2025_4249446\/\" target=\"_self\" rel=\"nofollow noopener\">el baile de debutantes m\u00e1s exclusivo del mundo.<\/a> <\/p>\n<p> Entre las asistentes destaca la presencia de varias figuras espa\u00f1olas o vinculadas a Espa\u00f1a. Sobresale Eulalia, hija de \u00c1lvaro de Orleans y Borb\u00f3n, <a href=\"https:\/\/www.vanitatis.elconfidencial.com\/casas-reales\/2025-11-26\/expectacion-juan-carlos-i-entrevista-television-francesa_4255211\/\" target=\"_self\" rel=\"nofollow noopener\">primo lejano del rey Juan Carlos<\/a> y padrino de la debutante. <strong>Su padre mantiene una presencia activa en el Real Aeroclub de Toledo,<\/strong> donde es muy apreciado por su experiencia como piloto. En 2017 se proclam\u00f3 campe\u00f3n nacional de vuelo a vela con su planeador ASH-31Mi, disciplina que practica desde hace m\u00e1s de dos d\u00e9cadas y en la que goza de gran prestigio internacional. <\/p>\n<p>               Eulalia de Orleans y Borb\u00f3n. (lebal.paris)             <\/p>\n<p> Eulalia cursa Econom\u00eda y Finanzas en la Universidad de St Andrews, en Escocia, <a href=\"https:\/\/www.vanitatis.elconfidencial.com\/casas-reales\/2025-11-05\/muerte-companero-universidad-principes-gales_4241929\/\" target=\"_self\" rel=\"nofollow noopener\">la misma instituci\u00f3n donde los Pr\u00edncipes de Gales se conocieron.<\/a> Su inter\u00e9s por esta universidad surgi\u00f3 desde los 16 a\u00f1os, cuando particip\u00f3 en un programa educativo de verano y qued\u00f3 fascinada <strong>por su ambiente hist\u00f3rico y acad\u00e9mico<\/strong>, seg\u00fan revel\u00f3 en una entrevista con la revista francesa Point de Vue. All\u00ed combina estudios rigurosos con sus pasatiempos favoritos, como el golf, la lectura y disfrutar de la naturaleza. <\/p>\n<p> Junto a Eulalia asistir\u00e1 Albert Windsor, nieto del duque de Kent, quien la acompa\u00f1ar\u00e1 durante la velada. El joven pertenece a una de las ramas m\u00e1s discretas de la familia real brit\u00e1nica y mantiene un perfil sobrio en los actos sociales. Es tambi\u00e9n nieto de Karine Lucy Mary Worsley, duquesa de Kent, fallecida el pasado septiembre a los 92 a\u00f1os tras una vida dedicada al servicio de la Corona. Su presencia en el evento subraya los estrechos v\u00ednculos entre distintas casas europeas y refuerza el car\u00e1cter internacional de una cita que re\u00fane tradici\u00f3n, elegancia y prestigio social. <\/p>\n<blockquote class=\"instagram-media\" data-instgrm-captioned=\"\" data-instgrm-permalink=\"https:\/\/www.instagram.com\/p\/Bxp5AoqIQYc\/?utm_source=ig_embed&amp;utm_campaign=loading\" data-instgrm-version=\"14\" style=\" background:#FFF; border:0; border-radius:3px; box-shadow:0 0 1px 0 rgba(0,0,0,0.5),0 1px 10px 0 rgba(0,0,0,0.15); margin: 1px; max-width:540px; min-width:326px; padding:0; width:99.375%; width:-webkit-calc(100% - 2px); width:calc(100% - 2px);\"\/>\n<p> Adem\u00e1s, Almudena Dailly de Orl\u00e9ans tambi\u00e9n figura entre los invitados,<strong> por lo que Eulalia no es la \u00fanica ahijada de Juan Carlos en la lista. <\/strong>Es hija de Pierre-Louis Dailly y de la princesa Adelaida de Orleans, quienes contrajeron matrimonio en Sevilla, contando con los reyes em\u00e9ritos entre sus invitados. Actualmente, estudia Marketing en la IE University de Madrid. <\/p>\n<p>               Carolina B.Lansing y Wes Gordon. (lebal.paris)             <\/p>\n<p> Entre los numerosos invitados tambi\u00e9n se encuentra <a href=\"https:\/\/www.vanitatis.elconfidencial.com\/estilo\/moda\/2025-09-19\/desfile-carolina-herrera-castizo-nombres-propios-madrid_4212058\/\" target=\"_self\" rel=\"nofollow noopener\">la nieta de la dise\u00f1adora Carolina Herrera<\/a>. Hija de Patricia Cristina Lansing, estudia Comunicaci\u00f3n con especializaci\u00f3n en espa\u00f1ol y en gesti\u00f3n del negocio de la m\u00fasica. <strong>Asistir\u00e1 a Le Bal acompa\u00f1ada de su hermano Magnus <\/strong>y ya ha posado con un vestido, por supuesto, dise\u00f1ado por Wes Gordon, actual director creativo de la firma. <\/p>\n<p> Aunque son las espa\u00f1olas presentes, no son las \u00fanicas personas <strong>con v\u00ednculos con nuestro pa\u00eds<\/strong>. Entre ellas se encuentra Jos\u00e9phine Haas, alumna del mismo centro universitario que Almudena e hija de S\u00e9bastien Haas y Claire-Sophie. Otro dato destacado es Sarah Bae, quien ser\u00e1 la primera coreano-americana en el baile; es hija de Joseph Bae, codirector ejecutivo del prestigioso gigante de capital privado KKR, y de Janice Lee, exeditora de Elle. La lista de invitados tambi\u00e9n incluye a Eugenia de Hohenzollern y a Ruby Kemper, nieta de Kirk Kerkorian. <\/p>\n<p> Cada fin de semana de Acci\u00f3n de Gracias, los majestuosos salones del antiguo palacio del pr\u00edncipe Roland Bonaparte, hoy convertido en el lujoso hotel Shangri. La con vistas privilegiadas a la Torre Eiffel vuelven a transformarse en el centro neur\u00e1lgico de la \u00e9lite internacional. En este escenario, una veintena de j\u00f3venes pertenecientes a la realeza, la aristocracia y a algunas de las familias <strong>m\u00e1s influyentes del mundo empresarial y art\u00edstico<\/strong> realiza su presentaci\u00f3n oficial en sociedad durante Le Bal, <a href=\"https:\/\/www.vanitatis.elconfidencial.com\/famosos\/2025-11-19\/le-bal-baile-debutantes-adolescentes-secretos-2025_4249446\/\" target=\"_self\" rel=\"nofollow noopener\">el baile de debutantes m\u00e1s exclusivo del mundo.<\/a> <\/p>\n<p>              <script async src=\"\/\/www.instagram.com\/embed.js\"><\/script><\/p>\n","protected":false},"excerpt":{"rendered":"Cada fin de semana de Acci\u00f3n de Gracias, los majestuosos salones del antiguo palacio del pr\u00edncipe Roland Bonaparte,&hellip;\n","protected":false},"author":2,"featured_media":261408,"comment_status":"","ping_status":"","sticky":false,"template":"","format":"standard","meta":{"footnotes":""},"categories":[91],"tags":[146,147,25,24,23],"class_list":{"0":"post-261407","1":"post","2":"type-post","3":"status-publish","4":"format-standard","5":"has-post-thumbnail","7":"category-entretenimiento","8":"tag-entertainment","9":"tag-entretenimiento","10":"tag-es","11":"tag-espana","12":"tag-spain"},"share_on_mastodon":{"url":"https:\/\/pubeurope.com\/@es\/115630858749548781","error":""},"_links":{"self":[{"href":"https:\/\/www.europesays.com\/es\/wp-json\/wp\/v2\/posts\/261407","targetHints":{"allow":["GET"]}}],"collection":[{"href":"https:\/\/www.europesays.com\/es\/wp-json\/wp\/v2\/posts"}],"about":[{"href":"https:\/\/www.europesays.com\/es\/wp-json\/wp\/v2\/types\/post"}],"author":[{"embeddable":true,"href":"https:\/\/www.europesays.com\/es\/wp-json\/wp\/v2\/users\/2"}],"replies":[{"embeddable":true,"href":"https:\/\/www.europesays.com\/es\/wp-json\/wp\/v2\/comments?post=261407"}],"version-history":[{"count":0,"href":"https:\/\/www.europesays.com\/es\/wp-json\/wp\/v2\/posts\/261407\/revisions"}],"wp:featuredmedia":[{"embeddable":true,"href":"https:\/\/www.europesays.com\/es\/wp-json\/wp\/v2\/media\/261408"}],"wp:attachment":[{"href":"https:\/\/www.europesays.com\/es\/wp-json\/wp\/v2\/media?parent=261407"}],"wp:term":[{"taxonomy":"category","embeddable":true,"href":"https:\/\/www.europesays.com\/es\/wp-json\/wp\/v2\/categories?post=261407"},{"taxonomy":"post_tag","embeddable":true,"href":"https:\/\/www.europesays.com\/es\/wp-json\/wp\/v2\/tags?post=261407"}],"curies":[{"name":"wp","href":"https:\/\/api.w.org\/{rel}","templated":true}]}}