{"id":261413,"date":"2025-11-29T03:30:08","date_gmt":"2025-11-29T03:30:08","guid":{"rendered":"https:\/\/www.europesays.com\/es\/261413\/"},"modified":"2025-11-29T03:30:08","modified_gmt":"2025-11-29T03:30:08","slug":"cataluna-prohibe-acceder-al-bosque-desde-12-municipios-por-la-peste-porcina-africana-noticias-de-cataluna","status":"publish","type":"post","link":"https:\/\/www.europesays.com\/es\/261413\/","title":{"rendered":"Catalu\u00f1a proh\u00edbe acceder al bosque desde 12 municipios por la peste porcina africana | Noticias de Catalu\u00f1a"},"content":{"rendered":"<p class=\"\">El departamento de Agricultura de la Generalitat de Catalu\u00f1a ha establecido el cierre de un radio de seis kil\u00f3metros, a partir del punto de Cerdanyola <a href=\"https:\/\/elpais.com\/sociedad\/2025-11-28\/la-mortifera-peste-porcina-africana-regresa-a-espana-despues-de-tres-decadas.html\" target=\"_self\" rel=\"nofollow noopener\" title=\"https:\/\/elpais.com\/sociedad\/2025-11-28\/la-mortifera-peste-porcina-africana-regresa-a-espana-despues-de-tres-decadas.html\">donde fueron hallados dos jabal\u00edes muertos por Peste Porcina Africana<\/a> (PPA), donde quedan prohibidas las actividades en el medio natural y que afecta a un total de doce municipios. Esta medida para evitar la propagaci\u00f3n de la PPA abarca zonas de un total de doce municipios: Sabadell, Sant Quirze, Santa Perp\u00e8tua de Mogoda, Montcada i Reixac, Ripollet, Barber\u00e0, Cerdanyola, Sant Cugat, Terrassa y Rub\u00ed. <\/p>\n<p class=\"\">En esta \u00e1rea, la Generalitat ha establecido el cierre total del acceso al medio natural, queda suspendida cualquier actividad de caza y trabajos forestales y est\u00e1 prohibida cualquier actividad en zona r\u00fastica. La administraci\u00f3n establecer\u00e1 barreras f\u00edsicas y qu\u00edmicas, trampas para el control de jabal\u00edes y activar\u00e1 operativos conjuntos con Mossos d\u2019Esquadra, Seprona y t\u00e9cnicos del departamento de Agricultura, entre otros. <\/p>\n<p class=\"\">En un radio de 20 kil\u00f3metros de per\u00edmetro, que afecta a 64 municipios, quedan limitadas las actividades de ocio, caza y aquellas vinculadas a la biodiversidad, y quedan prohibidas las actuaciones que puedan interferir en las tareas de control poblacional y de bioseguridad. Agricultura ha anunciado, asimismo, que queda restringido el acceso a la totalidad del parque de Collserola para las actividades de ocio. <\/p>\n<p class=\"\">El departamento de Agricultura ha convocado una reuni\u00f3n de urgencia con alcaldes de los municipios afectados, la Diputaci\u00f3n de Barcelona, los consejos comarcales y la direcci\u00f3n del parque de Collserola para coordinar las actuaciones y asegurar la m\u00e1xima eficacia del dispositivo. La Generalitat aconseja a los municipios afectados intensificar la limpieza de papeleras y contenedores, situar los comederos de gatos en puntos elevados, avisar a la ciudadan\u00eda que est\u00e1 prohibido dar de comer a los jabal\u00edes, cerrar las zonas de p\u00edcnic hasta nuevo aviso y llamar al 112 si aparece alg\u00fan jabal\u00ed muerto y no tocarlo.<\/p>\n<p class=\"\">La aparici\u00f3n de la peste ha provocado el bloqueo preventivo de las exportaciones de carne de cerdo, seg\u00fan ha explicado este viernes el veterinario <a href=\"https:\/\/www.mapa.gob.es\/es\/prensa\/ultimas-noticias\/detalle_noticias\/el-boe-publica-los-nombramientos-de-emilio-garc-a-como-director-general-de-sanidad-de-la-producci-n-agroalimentaria-y-bienestar-animal-y-silvia-capdevilla-como-nueva-presidenta-del-fega\/08adee48-eaa1-402a-a3f3-26e74f78f05a\" rel=\"nofollow noopener\" title=\"https:\/\/www.mapa.gob.es\/es\/prensa\/ultimas-noticias\/detalle_noticias\/el-boe-publica-los-nombramientos-de-emilio-garc-a-como-director-general-de-sanidad-de-la-producci-n-agroalimentaria-y-bienestar-animal-y-silvia-capdevilla-como-nueva-presidenta-del-fega\/08adee48-eaa1-402a-a3f3-26e74f78f05a\" target=\"_blank\">Emilio Garc\u00eda Muro<\/a>, director general de Producci\u00f3n Agroalimentaria del Ministerio. Es \u201cuna mala noticia, mal\u00edsima\u201d, ha declarado.<\/p>\n<p class=\"\">La llegada de la peste porcina africana, <a href=\"https:\/\/elpais.com\/ciencia\/2020-10-08\/el-ultimo-encargo-para-el-exterminador-de-virus.html\" rel=\"nofollow noopener\" title=\"https:\/\/elpais.com\/ciencia\/2020-10-08\/el-ultimo-encargo-para-el-exterminador-de-virus.html\" target=\"_blank\">conocida como la Pepa<\/a> por los veterinarios, era cuesti\u00f3n de tiempo. La plaga es t\u00edpica del \u00c1frica subsahariana, pero en 2007 salt\u00f3 a Georgia y, desde all\u00ed, a Rusia y a China. En 2014, el virus ya estaba en el oriente de la Uni\u00f3n Europea. Los mercados temblaron. Con un solo caso de peste, el pa\u00eds afectado entra en una lista negra internacional y ya no puede exportar carne de cerdo. La enfermedad lleg\u00f3 a Alemania, entonces el mayor productor de carne de cerdo de Europa, en el verano de 2020, tambi\u00e9n por un jabal\u00ed. Pa\u00edses como Dinamarca y la propia Alemania levantaron vallas kilom\u00e9tricas en los montes para impedir el paso de animales infectados.<\/p>\n","protected":false},"excerpt":{"rendered":"El departamento de Agricultura de la Generalitat de Catalu\u00f1a ha establecido el cierre de un radio de seis&hellip;\n","protected":false},"author":2,"featured_media":261414,"comment_status":"","ping_status":"","sticky":false,"template":"","format":"standard","meta":{"footnotes":""},"categories":[8],"tags":[3685,12341,17,18,1980,25,24,5855,13,14,11,65111,19,20,3291,9,10,15,16,65110,166,62809,49450,23,12,21,22],"class_list":{"0":"post-261413","1":"post","2":"type-post","3":"status-publish","4":"format-standard","5":"has-post-thumbnail","7":"category-espana","8":"tag-animales","9":"tag-bosques","10":"tag-breaking-news","11":"tag-breakingnews","12":"tag-cataluna","13":"tag-es","14":"tag-espana","15":"tag-exportaciones","16":"tag-featured-news","17":"tag-featurednews","18":"tag-headlines","19":"tag-jabalies","20":"tag-latest-news","21":"tag-latestnews","22":"tag-mossos-desquadra","23":"tag-news","24":"tag-noticias","25":"tag-noticias-destacadas","26":"tag-noticiasdestacadas","27":"tag-peste-porcina","28":"tag-salud","29":"tag-sant-cugat-del-valles","30":"tag-seprona","31":"tag-spain","32":"tag-titulares","33":"tag-ultimas-noticias","34":"tag-ultimasnoticias"},"share_on_mastodon":{"url":"https:\/\/pubeurope.com\/@es\/115630874699184399","error":""},"_links":{"self":[{"href":"https:\/\/www.europesays.com\/es\/wp-json\/wp\/v2\/posts\/261413","targetHints":{"allow":["GET"]}}],"collection":[{"href":"https:\/\/www.europesays.com\/es\/wp-json\/wp\/v2\/posts"}],"about":[{"href":"https:\/\/www.europesays.com\/es\/wp-json\/wp\/v2\/types\/post"}],"author":[{"embeddable":true,"href":"https:\/\/www.europesays.com\/es\/wp-json\/wp\/v2\/users\/2"}],"replies":[{"embeddable":true,"href":"https:\/\/www.europesays.com\/es\/wp-json\/wp\/v2\/comments?post=261413"}],"version-history":[{"count":0,"href":"https:\/\/www.europesays.com\/es\/wp-json\/wp\/v2\/posts\/261413\/revisions"}],"wp:featuredmedia":[{"embeddable":true,"href":"https:\/\/www.europesays.com\/es\/wp-json\/wp\/v2\/media\/261414"}],"wp:attachment":[{"href":"https:\/\/www.europesays.com\/es\/wp-json\/wp\/v2\/media?parent=261413"}],"wp:term":[{"taxonomy":"category","embeddable":true,"href":"https:\/\/www.europesays.com\/es\/wp-json\/wp\/v2\/categories?post=261413"},{"taxonomy":"post_tag","embeddable":true,"href":"https:\/\/www.europesays.com\/es\/wp-json\/wp\/v2\/tags?post=261413"}],"curies":[{"name":"wp","href":"https:\/\/api.w.org\/{rel}","templated":true}]}}