{"id":261415,"date":"2025-11-29T03:31:21","date_gmt":"2025-11-29T03:31:21","guid":{"rendered":"https:\/\/www.europesays.com\/es\/261415\/"},"modified":"2025-11-29T03:31:21","modified_gmt":"2025-11-29T03:31:21","slug":"dispositivo-especial-de-navidad-seguridad-convivencia-movilidad-y-limpieza-distrito-de-gracia","status":"publish","type":"post","link":"https:\/\/www.europesays.com\/es\/261415\/","title":{"rendered":"Dispositivo especial de Navidad: seguridad, convivencia, movilidad y limpieza | Distrito de Gr\u00e0cia"},"content":{"rendered":"<p>Con la llegada de las fiestas navide\u00f1as, el Ayuntamiento de Barcelona pone en marcha la<strong> Operaci\u00f3n Navidad<\/strong>, vigente del 1 de diciembre de 2025 al 19 de enero de 2026. El objetivo es asegurar que las fiestas se desarrollen con normalidad en todos los distritos de la ciudad, y se <strong>enmarca en el Pla Endre\u00e7a<\/strong>.<\/p>\n<p>Se prestar\u00e1 especial atenci\u00f3n a los <strong>ejes comerciales, las zonas tur\u00edsticas y los espacios de gran afluencia<\/strong>, como la Sagrada Fam\u00edlia, La Rambla, el Park G\u00fcell, el Tur\u00f3 de la Rovira, el paseo de Gr\u00e0cia, el G\u00f2tic, la Barceloneta y Sant Pere, Santa Caterina i la Ribera.<\/p>\n<p>M\u00e1s presencia policial<\/p>\n<p>La <strong>Guardia Urbana de Barcelona<\/strong> aumenta la presencia en la v\u00eda p\u00fablica, en previsi\u00f3n de una gran afluencia de compradores en las diferentes zonas comerciales de la ciudad y de un uso m\u00e1s intensivo del espacio p\u00fablico. Llevar\u00e1 a cabo funciones de <strong>proximidad y de prevenci\u00f3n<\/strong>, priorizando la presencia de <strong>patrullas uniformadas a pie<\/strong>, y en estrecha coordinaci\u00f3n con el cuerpo de Mossos d\u2019Esquadra.<\/p>\n<p>Esta colaboraci\u00f3n permitir\u00e1 desplegar patrullas y establecer <strong>dispositivos conjuntos<\/strong>. Su presencia en las calles ser\u00e1 una herramienta disuasoria y al mismo tiempo les permitir\u00e1 una <strong>respuesta r\u00e1pida<\/strong> ante incidentes, como fiestas no autorizadas, consumo colectivo de alcohol, y el exceso de aforo o tiempo de apertura en los locales de p\u00fablica concurrencia.<\/p>\n<p>Una movilidad segura<\/p>\n<p>En la misma l\u00ednea, la polic\u00eda barcelonesa prestar\u00e1 una atenci\u00f3n especial al control de las infracciones que puedan afectar a la <strong>seguridad de los peatones<\/strong> y la <strong>circulaci\u00f3n del transporte p\u00fablico<\/strong>. Se vigilar\u00e1 el correcto uso de los veh\u00edculos de movilidad personal (VMP) y bicicletas, y <strong>se reforzar\u00e1 la seguridad vial<\/strong> con controles preventivos de alcoholemia y drogas en puntos estrat\u00e9gicos, especialmente en los d\u00edas de m\u00e1s movilidad.<\/p>\n<p><strong>Se recomienda desplazarse a pie o en transporte p\u00fablico<\/strong> si se tiene que acceder a las zonas m\u00e1s c\u00e9ntricas de la ciudad o a los principales \u00e1mbitos comerciales y <strong>evitar las horas punta<\/strong> y de m\u00e1s aglomeraciones, como los s\u00e1bados por la tarde.<\/p>\n<p>Aun as\u00ed, si se elige el <strong>veh\u00edculo privado<\/strong>, la <a href=\"https:\/\/www.smou.cat\/es\" target=\"_blank\" rel=\"noopener nofollow\">aplicaci\u00f3n de movilidad SMOU<\/a> permite consultar la disponibilidad de plazas libres de m\u00e1s de trescientos aparcamientos de la ciudad. Se han previsto medidas para <strong>mantener la fluidez del tr\u00e1fico<\/strong> en v\u00edas b\u00e1sicas y entornos comerciales, como la <strong>prohibici\u00f3n de obras en la v\u00eda p\u00fablica<\/strong>, entre el 6 de diciembre y el 6 de enero, en zonas de gran afluencia, o la activaci\u00f3n de se\u00f1alizaci\u00f3n variable para gestionar giros en puntos cr\u00edticos.<\/p>\n<p>Refuerzo del transporte p\u00fablico<\/p>\n<p>Transportes Metropolitanos de Barcelona (TMB) ha previsto un <strong>refuerzo del servicio de metro<\/strong> a partir del s\u00e1bado, 30 de noviembre, los <strong>fines de semana y d\u00edas festivos intersemanales<\/strong> de diciembre con comercios abiertos. El metro ser\u00e1 un a\u00f1o m\u00e1s <strong>la opci\u00f3n m\u00e1s recomendable<\/strong> para estas fechas.<\/p>\n<p>El d\u00eda 24 de diciembre el servicio de metro acabar\u00e1, como es habitual en esta fecha, a las 23.00 horas. El d\u00eda de Navidad y Sant Esteve funcionar\u00e1 desde las 5.00 hasta las 2.00 horas, y la noche de <strong>Fin de A\u00f1o<\/strong>, dar\u00e1 <strong>servicio ininterrumpido<\/strong> durante toda la noche. Hay que recordar que, por obras de mejora, del 6 al 8 de diciembre, la <a href=\"https:\/\/www.barcelona.cat\/mobilitat\/ca\/actualitat-i-recursos\/noticies\/afectacions-al-servei-de-ll4-i-ll2-del-metro-del-6-al-8-de-desembre-1575919\" target=\"_blank\" rel=\"noopener nofollow\">L4 del metro estar\u00e1 cortada<\/a> entre La Pau i Passeig de Gr\u00e0cia.<\/p>\n<p>La <strong>red de autobuses<\/strong> tambi\u00e9n aumentar\u00e1 la capacidad de transporte de algunas l\u00edneas, dot\u00e1ndolas de veh\u00edculos articulados.<\/p>\n<p><strong>Dispositivo de limpieza y recogida de residuos<\/strong><\/p>\n<p>A partir del 6 de diciembre, y hasta el 7 de enero, se <strong>intensifica el servicio de limpieza<\/strong> y recogida de residuos y comercial en las zonas m\u00e1s significativas, con un total de 132 operarios y operarias, y 70 veh\u00edculos. Se centra, sobre todo, en la <strong>recogida comercial y selectiva, el vaciado de papeleras y el barrido y el baldeo<\/strong> de las calles y plazas. Habr\u00e1 un dispositivo especial el d\u00eda 5 de enero, con motivo de las diferentes cabalgatas en la ciudad.<\/p>\n<p>Este a\u00f1o tambi\u00e9n se reforzar\u00e1 la <strong>limpieza de pintadas<\/strong>, con tres equipos adicionales de ma\u00f1ana y dos equipos de tarde. Los equipos se suman a los del servicio ordinario y estar\u00e1n activos durante todo el mes de diciembre.<\/p>\n","protected":false},"excerpt":{"rendered":"Con la llegada de las fiestas navide\u00f1as, el Ayuntamiento de Barcelona pone en marcha la Operaci\u00f3n Navidad, vigente&hellip;\n","protected":false},"author":2,"featured_media":261416,"comment_status":"","ping_status":"","sticky":false,"template":"","format":"standard","meta":{"footnotes":""},"categories":[5],"tags":[17,18,25,24,13,14,11,19,20,9,10,15,16,23,12,21,22],"class_list":{"0":"post-261415","1":"post","2":"type-post","3":"status-publish","4":"format-standard","5":"has-post-thumbnail","7":"category-titulares","8":"tag-breaking-news","9":"tag-breakingnews","10":"tag-es","11":"tag-espana","12":"tag-featured-news","13":"tag-featurednews","14":"tag-headlines","15":"tag-latest-news","16":"tag-latestnews","17":"tag-news","18":"tag-noticias","19":"tag-noticias-destacadas","20":"tag-noticiasdestacadas","21":"tag-spain","22":"tag-titulares","23":"tag-ultimas-noticias","24":"tag-ultimasnoticias"},"share_on_mastodon":{"url":"https:\/\/pubeurope.com\/@es\/115630878439020281","error":""},"_links":{"self":[{"href":"https:\/\/www.europesays.com\/es\/wp-json\/wp\/v2\/posts\/261415","targetHints":{"allow":["GET"]}}],"collection":[{"href":"https:\/\/www.europesays.com\/es\/wp-json\/wp\/v2\/posts"}],"about":[{"href":"https:\/\/www.europesays.com\/es\/wp-json\/wp\/v2\/types\/post"}],"author":[{"embeddable":true,"href":"https:\/\/www.europesays.com\/es\/wp-json\/wp\/v2\/users\/2"}],"replies":[{"embeddable":true,"href":"https:\/\/www.europesays.com\/es\/wp-json\/wp\/v2\/comments?post=261415"}],"version-history":[{"count":0,"href":"https:\/\/www.europesays.com\/es\/wp-json\/wp\/v2\/posts\/261415\/revisions"}],"wp:featuredmedia":[{"embeddable":true,"href":"https:\/\/www.europesays.com\/es\/wp-json\/wp\/v2\/media\/261416"}],"wp:attachment":[{"href":"https:\/\/www.europesays.com\/es\/wp-json\/wp\/v2\/media?parent=261415"}],"wp:term":[{"taxonomy":"category","embeddable":true,"href":"https:\/\/www.europesays.com\/es\/wp-json\/wp\/v2\/categories?post=261415"},{"taxonomy":"post_tag","embeddable":true,"href":"https:\/\/www.europesays.com\/es\/wp-json\/wp\/v2\/tags?post=261415"}],"curies":[{"name":"wp","href":"https:\/\/api.w.org\/{rel}","templated":true}]}}