{"id":261417,"date":"2025-11-29T03:39:10","date_gmt":"2025-11-29T03:39:10","guid":{"rendered":"https:\/\/www.europesays.com\/es\/261417\/"},"modified":"2025-11-29T03:39:10","modified_gmt":"2025-11-29T03:39:10","slug":"casademont-zaragoza-langarita-se-exhibe-y-el-casademont-zaragoza-u22-no-encuentra-rival-en-el-unicaja","status":"publish","type":"post","link":"https:\/\/www.europesays.com\/es\/261417\/","title":{"rendered":"Casademont Zaragoza | Langarita se exhibe y el Casademont Zaragoza U22 no encuentra rival en el Unicaja"},"content":{"rendered":"<p class=\"ft-text\">Tal y como ocurri\u00f3 en el encuentro de la primera vuelta en el Siglo XXI, no hubo historia en el partido entre el Unicaja de M\u00e1laga y el Casademont Zaragoza U22<strong>. Los aragoneses sometieron sin piedad a los andaluces en un duelo que qued\u00f3 pr\u00e1cticamente decidido en el primer cuarto. Langarita <\/strong>sali\u00f3 encendido, con ocho puntos en un visto y no visto, y acab\u00f3 contagiando al resto de sus compa\u00f1eros.<\/p>\n<p class=\"ft-text\">La salida en tromba de los de Serna se tradujo en un 7-22 para empezar que empezaba a aclarar las cosas. No baj\u00f3 el pist\u00f3n el Casademont ante un Unicaja impotente y el acierto exterior de los zaragozanos fue disparando la renta. <strong>Primero llegaron los 20 de diferencia, luego los 25&#8230; La exhibici\u00f3n ofensiva en genera<\/strong>l del conjunto aragon\u00e9s era tremenda y tambi\u00e9n lo era, a nivel particular, la de Langarita, que antes del descanso ya llevaba 19 puntos y cinco triples.<\/p>\n<p class=\"ft-text\">Como de costumbre,<strong> se despist\u00f3 el Casademont<\/strong> e incluso los andaluces llegaron incluso a amargar con la remontada (rebajaron la diferencia hasta los 14), pero<strong> fue otra vez Langarita el que acab\u00f3 solventado<\/strong> el choque para acabar con 31 puntos y ocho triples.<\/p>\n<p class=\"ft-text\">UNICAJA: Burgos (19), Rodr\u00edguez (6), De la Iglesia (2), Mart\u00ednez (11), Butajevas (12) -cinco inicial- Mart\u00ednez (-), Trujillo (-), Bozano (4), Valero (17), Cazorla (7) y Fern\u00e1ndez (-).<\/p>\n<p class=\"ft-text\">CASADEMONT ZARAGOZA: Langarita (31), Lukic (15), Savkov (9), Traor\u00e9 (10), Rodr\u00edguez (4) -cinco inicial- Alias (6), Moreno (5), Cativiela (8), Valero (-), Prieto (-), Auciello (-) y Somalia (3).<\/p>\n<p class=\"ft-text\">PARCIALES POR CUARTOS: 13-29, 15-21, 21-23 y 29-18.<\/p>\n<p class=\"ft-text\">\u00c1RBITROS: Ad\u00e1n Rodr\u00edguez, Seijo V\u00e1zquez y Mart\u00ednez Gonz\u00e1lez<\/p>\n<p class=\"ft-text\">INCIDENCIAS: primer encuentro de la segunda vuelta de la Liga U22 disputado en el Polideportivo Municipal Blas Infante de la ciudad de M\u00e1laga.<\/p>\n","protected":false},"excerpt":{"rendered":"Tal y como ocurri\u00f3 en el encuentro de la primera vuelta en el Siglo XXI, no hubo historia&hellip;\n","protected":false},"author":2,"featured_media":261418,"comment_status":"","ping_status":"","sticky":false,"template":"","format":"standard","meta":{"footnotes":""},"categories":[269],"tags":[299,298,2511,5369,168,25,24,41477,3855,1045,23,167,17369,16591,491],"class_list":{"0":"post-261417","1":"post","2":"type-post","3":"status-publish","4":"format-standard","5":"has-post-thumbnail","7":"category-baloncesto","8":"tag-baloncesto","9":"tag-basketball","10":"tag-casademont","11":"tag-casademont-zaragoza","12":"tag-deportes","13":"tag-es","14":"tag-espana","15":"tag-langarita","16":"tag-malaga","17":"tag-partido","18":"tag-spain","19":"tag-sports","20":"tag-u22","21":"tag-viene","22":"tag-zaragoza"},"share_on_mastodon":{"url":"https:\/\/pubeurope.com\/@es\/115630910004800742","error":""},"_links":{"self":[{"href":"https:\/\/www.europesays.com\/es\/wp-json\/wp\/v2\/posts\/261417","targetHints":{"allow":["GET"]}}],"collection":[{"href":"https:\/\/www.europesays.com\/es\/wp-json\/wp\/v2\/posts"}],"about":[{"href":"https:\/\/www.europesays.com\/es\/wp-json\/wp\/v2\/types\/post"}],"author":[{"embeddable":true,"href":"https:\/\/www.europesays.com\/es\/wp-json\/wp\/v2\/users\/2"}],"replies":[{"embeddable":true,"href":"https:\/\/www.europesays.com\/es\/wp-json\/wp\/v2\/comments?post=261417"}],"version-history":[{"count":0,"href":"https:\/\/www.europesays.com\/es\/wp-json\/wp\/v2\/posts\/261417\/revisions"}],"wp:featuredmedia":[{"embeddable":true,"href":"https:\/\/www.europesays.com\/es\/wp-json\/wp\/v2\/media\/261418"}],"wp:attachment":[{"href":"https:\/\/www.europesays.com\/es\/wp-json\/wp\/v2\/media?parent=261417"}],"wp:term":[{"taxonomy":"category","embeddable":true,"href":"https:\/\/www.europesays.com\/es\/wp-json\/wp\/v2\/categories?post=261417"},{"taxonomy":"post_tag","embeddable":true,"href":"https:\/\/www.europesays.com\/es\/wp-json\/wp\/v2\/tags?post=261417"}],"curies":[{"name":"wp","href":"https:\/\/api.w.org\/{rel}","templated":true}]}}