{"id":261419,"date":"2025-11-29T03:40:29","date_gmt":"2025-11-29T03:40:29","guid":{"rendered":"https:\/\/www.europesays.com\/es\/261419\/"},"modified":"2025-11-29T03:40:29","modified_gmt":"2025-11-29T03:40:29","slug":"asi-de-emocionado-canto-el-padre-de-julian-el-himno-del-atletico-en-champions","status":"publish","type":"post","link":"https:\/\/www.europesays.com\/es\/261419\/","title":{"rendered":"As\u00ed de emocionado cant\u00f3 el padre de Juli\u00e1n el himno del Atl\u00e9tico en Champions"},"content":{"rendered":"<p data-gtm-element-container=\"modulo-texto-link\" class=\"paragraph\"><strong>Juli\u00e1n Alvarez<\/strong> se ha convertido en la gran estrella del <strong>Atl\u00e9tico de Madrid<\/strong>, y por eso hay muchos clubs que se han interesado en hacerse con sus servicios. El que m\u00e1s ha sonado es el <strong>Barcelona<\/strong>, en parte porque se trata de un\u00a0 jugador que gusta mucho a su presidente, <strong>Joan Laporta<\/strong>.\u00a0<\/p>\n<p data-gtm-element-container=\"modulo-texto-link\" class=\"paragraph\">Una opci\u00f3n\u00a0 que han alimentado algunas palabras en las que el argentino no termina de cerrar su puerta de salida, aunque lo cierto es que tampoco la abre.\u00a0\u00abFrancamente, no lo s\u00e9. Veo lo que se dice en las redes sociales&#8230; En <strong>Espa\u00f1a <\/strong>se habla mucho de m\u00ed y del <strong>Barcelona<\/strong>. Cuando fich\u00e9 por el Atl\u00e9tico el a\u00f1o pasado, tambi\u00e9n se habl\u00f3 mucho de <strong>Par\u00eds<\/strong>. Es cierto que hubo conversaciones entre la Directiva del <strong>PSG <\/strong>y mi agente; mostraron inter\u00e9s en ficharme, pero no se concret\u00f3. Por el momento, estoy centrado en el <strong>Atl\u00e9tico<\/strong>. Veremos qu\u00e9 pasa al final de la temporada\u00bb, dijo recientemente en L&#8217;Equipe.\u00a0<\/p>\n<p data-gtm-element-container=\"modulo-texto-link\" class=\"paragraph\">Pues bien, m\u00e1s all\u00e1 de sus palabras, hay algunos hechos que se han visto en las redes sociales que hacen pensar que tanto el jugador como su familia est\u00e1n contentos en el <strong>Atl\u00e9tico de Madrid<\/strong>. El \u00faltimo ha sido esas im\u00e1genes de su padre, <strong>Gustavo Alvarez<\/strong>, emocionado cantando el himno del conjunto rojiblanco con una bufanda de su hijo. Im\u00e1genes que se vivieron en el \u00faltimo partido en el <strong>Metropolitano <\/strong>en el que jugaron contra el <strong>Inter <\/strong>en la <strong>Champions League<\/strong>.\u00a0<\/p>\n<p>        Lee tambi\u00e9n<\/p>\n<p>    Javier G. G\u00f3mara<\/p>\n<p>             <img loading=\"lazy\" decoding=\"async\" data-full-src=\"https:\/\/www.mundodeportivo.com\/uploads\/2025\/11\/22\/6921ad7855b3d.jpeg\" alt=\"Horizontal\" width=\"334\" height=\"164\" src=\"https:\/\/www.europesays.com\/es\/wp-content\/uploads\/2025\/11\/6921ad7855b3d.r_d.2576-1720.jpeg\" class=\"lazy\"\/><\/p>\n<blockquote class=\"twitter-tweet\" data-lang=\"es\"><p>\n<a href=\"https:\/\/twitter.com\/RodriATM__\/status\/1994171211769577881\" rel=\"nofollow noopener\" target=\"_blank\">\n<\/p><\/blockquote>\n<p data-gtm-element-container=\"modulo-texto-link\" class=\"paragraph\">No es la primera vez que esto sucede, hace unas semanas con la visita del rugbier y youtuber <strong>Agust\u00edn Creevy <\/strong>a Madrid, tambi\u00e9n se pudo ver a la familia de <strong>Juli\u00e1n Alvarez<\/strong> muy implicados con el sentimiento colchonero. Se les pudo ver cantando y celebrando goles en ese palco del que disponen.\u00a0\u00a0<\/p>\n<p>    Lee tambi\u00e9n<\/p>\n<p>Palabras de Cerezo<\/p>\n<p data-gtm-element-container=\"modulo-texto-link\" class=\"paragraph\">Unas horas antes del partido contra el <strong>Inter, Enrique Cerezo,<\/strong> presidente del <strong>Atl\u00e9tico de Madrid<\/strong>, hab\u00eda dejado claro que le ve mucho tiempo de rojiblanco. \u00ab<strong>Juli\u00e1n <\/strong>tiene un contrato y lo tiene que cumplir, como todos. Juli\u00e1n es un jugador que queremos y \u00e9l se quiere quedar aqu\u00ed, entonces qu\u00e9 m\u00e1s refuerzo quiere\u00bb.<\/p>\n<p>        Lee tambi\u00e9n<\/p>\n<p>    Redacci\u00f3n<\/p>\n<p>             <img loading=\"lazy\" decoding=\"async\" data-full-src=\"https:\/\/www.mundodeportivo.com\/uploads\/2025\/10\/21\/68f78fa023925.jpeg\" alt=\"El presidente colchonero ha hablado hoy de la actualidad deportiva del club antes del enfrentamiento de Champions League esta noche.\" width=\"334\" height=\"164\" src=\"https:\/\/www.europesays.com\/es\/wp-content\/uploads\/2025\/11\/68f78fa023925.jpeg\" class=\"lazy\"\/><\/p>\n<p data-gtm-element-container=\"modulo-texto-link\" class=\"paragraph\">A continuaci\u00f3n asegur\u00f3 que en el <strong>Atl\u00e9tico <\/strong>no se plantean su salida. \u00abNo estamos abiertos a negociar por <strong>Juli\u00e1n <\/strong>ni por ning\u00fan jugador. Ahora si un equipo viene a por un jugador y se quiere ir, pues se ir\u00e1, pero ahora no hay ning\u00fan jugador que se quiera marchar\u00bb, dijo ante los medios.\u00a0<\/p>\n<p><script async src=\"https:\/\/platform.twitter.com\/widgets.js\" charset=\"utf-8\"><\/script><\/p>\n","protected":false},"excerpt":{"rendered":"Juli\u00e1n Alvarez se ha convertido en la gran estrella del Atl\u00e9tico de Madrid, y por eso hay muchos&hellip;\n","protected":false},"author":2,"featured_media":261420,"comment_status":"","ping_status":"","sticky":false,"template":"","format":"standard","meta":{"footnotes":""},"categories":[268],"tags":[168,25,24,280,282,281,23,167],"class_list":{"0":"post-261419","1":"post","2":"type-post","3":"status-publish","4":"format-standard","5":"has-post-thumbnail","7":"category-futbol","8":"tag-deportes","9":"tag-es","10":"tag-espana","11":"tag-football","12":"tag-futbol","13":"tag-soccer","14":"tag-spain","15":"tag-sports"},"share_on_mastodon":{"url":"https:\/\/pubeurope.com\/@es\/115630914191017587","error":""},"_links":{"self":[{"href":"https:\/\/www.europesays.com\/es\/wp-json\/wp\/v2\/posts\/261419","targetHints":{"allow":["GET"]}}],"collection":[{"href":"https:\/\/www.europesays.com\/es\/wp-json\/wp\/v2\/posts"}],"about":[{"href":"https:\/\/www.europesays.com\/es\/wp-json\/wp\/v2\/types\/post"}],"author":[{"embeddable":true,"href":"https:\/\/www.europesays.com\/es\/wp-json\/wp\/v2\/users\/2"}],"replies":[{"embeddable":true,"href":"https:\/\/www.europesays.com\/es\/wp-json\/wp\/v2\/comments?post=261419"}],"version-history":[{"count":0,"href":"https:\/\/www.europesays.com\/es\/wp-json\/wp\/v2\/posts\/261419\/revisions"}],"wp:featuredmedia":[{"embeddable":true,"href":"https:\/\/www.europesays.com\/es\/wp-json\/wp\/v2\/media\/261420"}],"wp:attachment":[{"href":"https:\/\/www.europesays.com\/es\/wp-json\/wp\/v2\/media?parent=261419"}],"wp:term":[{"taxonomy":"category","embeddable":true,"href":"https:\/\/www.europesays.com\/es\/wp-json\/wp\/v2\/categories?post=261419"},{"taxonomy":"post_tag","embeddable":true,"href":"https:\/\/www.europesays.com\/es\/wp-json\/wp\/v2\/tags?post=261419"}],"curies":[{"name":"wp","href":"https:\/\/api.w.org\/{rel}","templated":true}]}}