{"id":261423,"date":"2025-11-29T03:44:17","date_gmt":"2025-11-29T03:44:17","guid":{"rendered":"https:\/\/www.europesays.com\/es\/261423\/"},"modified":"2025-11-29T03:44:17","modified_gmt":"2025-11-29T03:44:17","slug":"el-gato-chp-incendia-el-plato-de-la-voz-con-una-interpretacion-arrolladora-de-camaron","status":"publish","type":"post","link":"https:\/\/www.europesays.com\/es\/261423\/","title":{"rendered":"El Gato CHP incendia el plat\u00f3 de La Voz con una interpretaci\u00f3n arrolladora de Camar\u00f3n"},"content":{"rendered":"<p><b>Borja<\/b>, conocido como <b>El Gato CHP<\/b>, ha regresado al escenario de <b>La Voz<\/b> con la misma fuerza y autenticidad que conquistaron a Sebasti\u00e1n Yatra en las Audiciones a ciegas.<\/p>\n<p>Su <b>quej\u00edo <\/b>inconfundible y su manera \u00fanica de interpretar el <b>flamenco <\/b>lo han convertido en uno de los talents m\u00e1s personales de la edici\u00f3n.<\/p>\n<p>En la primera Semifinal, <b>El Gato CHP<\/b> apost\u00f3 por un cl\u00e1sico: <b>\u2018Como el agua\u2019<\/b>, de Camar\u00f3n. Una<b> elecci\u00f3n intensa y arriesgada <\/b>que le permiti\u00f3 mostrar su esencia m\u00e1s pura. Con una interpretaci\u00f3n llena de verdad, emoci\u00f3n y comp\u00e1s, <b>llen\u00f3 el plat\u00f3 de duende <\/b>y consigui\u00f3 que la mirada de todos los coaches se centrara en \u00e9l.<\/p>\n<p>\u00abEl tema de la disciplina lo has atacado un mont\u00f3n. Saliste centrado, conectado y con las piernas bien plantadas\u00bb, quiso resaltar Sebasti\u00e1n Yatra justo despu\u00e9s de que el talent terminase su actuaci\u00f3n.<\/p>\n<p>\u00bfSer\u00e1 <b>Borja <\/b>uno de los<b> favoritos del p\u00fablico<\/b> para avanzar a la segunda semifinal? Su actuaci\u00f3n, sin duda, ha sido una de las m\u00e1s flamencas de la noche. <b>\u00a1Rev\u00edvela en el v\u00eddeo de arriba! <\/b><\/p>\n<p>   <img decoding=\"async\" title=\"Kimy\" alt=\"Kimy\" width=\"480\" height=\"270\" src=\"https:\/\/www.europesays.com\/es\/wp-content\/uploads\/2025\/11\/1764387857_354_kimy_70.jpg\" loading=\"lazy\" class=\"lazy\"\/><\/p>\n","protected":false},"excerpt":{"rendered":"Borja, conocido como El Gato CHP, ha regresado al escenario de La Voz con la misma fuerza y&hellip;\n","protected":false},"author":2,"featured_media":261424,"comment_status":"","ping_status":"","sticky":false,"template":"","format":"standard","meta":{"footnotes":""},"categories":[171],"tags":[146,147,25,24,23,214],"class_list":{"0":"post-261423","1":"post","2":"type-post","3":"status-publish","4":"format-standard","5":"has-post-thumbnail","7":"category-tv","8":"tag-entertainment","9":"tag-entretenimiento","10":"tag-es","11":"tag-espana","12":"tag-spain","13":"tag-tv"},"share_on_mastodon":{"url":"https:\/\/pubeurope.com\/@es\/115630930005401740","error":""},"_links":{"self":[{"href":"https:\/\/www.europesays.com\/es\/wp-json\/wp\/v2\/posts\/261423","targetHints":{"allow":["GET"]}}],"collection":[{"href":"https:\/\/www.europesays.com\/es\/wp-json\/wp\/v2\/posts"}],"about":[{"href":"https:\/\/www.europesays.com\/es\/wp-json\/wp\/v2\/types\/post"}],"author":[{"embeddable":true,"href":"https:\/\/www.europesays.com\/es\/wp-json\/wp\/v2\/users\/2"}],"replies":[{"embeddable":true,"href":"https:\/\/www.europesays.com\/es\/wp-json\/wp\/v2\/comments?post=261423"}],"version-history":[{"count":0,"href":"https:\/\/www.europesays.com\/es\/wp-json\/wp\/v2\/posts\/261423\/revisions"}],"wp:featuredmedia":[{"embeddable":true,"href":"https:\/\/www.europesays.com\/es\/wp-json\/wp\/v2\/media\/261424"}],"wp:attachment":[{"href":"https:\/\/www.europesays.com\/es\/wp-json\/wp\/v2\/media?parent=261423"}],"wp:term":[{"taxonomy":"category","embeddable":true,"href":"https:\/\/www.europesays.com\/es\/wp-json\/wp\/v2\/categories?post=261423"},{"taxonomy":"post_tag","embeddable":true,"href":"https:\/\/www.europesays.com\/es\/wp-json\/wp\/v2\/tags?post=261423"}],"curies":[{"name":"wp","href":"https:\/\/api.w.org\/{rel}","templated":true}]}}