{"id":261425,"date":"2025-11-29T03:45:17","date_gmt":"2025-11-29T03:45:17","guid":{"rendered":"https:\/\/www.europesays.com\/es\/261425\/"},"modified":"2025-11-29T03:45:17","modified_gmt":"2025-11-29T03:45:17","slug":"daniel-barenboim-y-doce-referentes-de-la-cultura-argentina-premiados-por-el-fondo-nacional-de-las-artes","status":"publish","type":"post","link":"https:\/\/www.europesays.com\/es\/261425\/","title":{"rendered":"Daniel Barenboim y doce referentes de la cultura argentina, premiados por el Fondo Nacional de las Artes"},"content":{"rendered":"<p><img alt=\"El Fondo Nacional de las\" class=\"global-image\" decoding=\"async\" fetchpriority=\"high\" height=\"1282\" loading=\"eager\" src=\"https:\/\/www.europesays.com\/es\/wp-content\/uploads\/2025\/11\/P7PSENIFHVAJNDOOS63V5OL36E.jpg\" width=\"1920\"\/>El Fondo Nacional de las Artes entreg\u00f3 los Premios Trayectoria 2025 a trece referentes de la cultura argentina en el Palacio Libertad<\/p>\n<p class=\"paragraph\">El <b>Fondo Nacional de las Artes (FNA)<\/b> celebr\u00f3 en la Sala Argentina del Palacio Libertad la entrega de los <b>Premios Trayectoria 2025<\/b>, con los que se reconoci\u00f3 a trece figuras de la cultura nacional. En esta edici\u00f3n, el <b>Gran Premio Trayectoria<\/b> fue otorgado al pianista y director de orquesta<b> Daniel Barenboim<\/b>, distinci\u00f3n que recibi\u00f3 el embajador Pedro Villagra Delgado en su nombre.<\/p>\n<p class=\"paragraph\">El presidente del <b>FNA<\/b>, <b>Tulio Andreussi Guzm\u00e1n<\/b>, encabez\u00f3 el acto junto con los miembros del directorio de la instituci\u00f3n. La ceremonia tuvo como elemento distintivo el homenaje a <b>Teresa Anchorena<\/b> y a figuras del \u00e1mbito art\u00edstico fallecidas en el \u00faltimo a\u00f1o.<\/p>\n<p><img alt=\"La galerista Orly Benzacar fue\" class=\"global-image\" decoding=\"async\" fetchpriority=\"low\" height=\"1280\" loading=\"lazy\" src=\"https:\/\/www.europesays.com\/es\/wp-content\/uploads\/2025\/11\/NOEN6VLKUNBQDFW5AHOQ7RHTYY.jpg\" width=\"1920\"\/>La galerista Orly Benzacar fue galardonada con el Premio Trayectoria en Gesti\u00f3n Cultural<\/p>\n<p class=\"paragraph\">A lo largo del evento, se otorgaron distinciones a personalidades de diversas disciplinas. Recibieron el <b>Premio Trayectoria<\/b> <b>Orly Benzacar<\/b> por Gesti\u00f3n Cultural; <b>Vechy Logioio<\/b>, en Artes Visuales; <b>Sonia Berjman<\/b>, por Historia Urbana y Paisajismo; <b>Nelson Goerner<\/b>, en M\u00fasica; <b>Edgardo Minond<\/b>; en Arquitectura; <b>H\u00e9ctor Alterio<\/b>, en Artes Esc\u00e9nicas; <b>Lidia Segni<\/b>, por Danza; <b>Fabio Grementieri<\/b>, en Patrimonio; <b>Luisa Serrano<\/b>, por Artesan\u00edas; <b>Tom\u00e1s Lip\u00e1n<\/b>, en Folclore, <b>Marcelo Pi\u00f1eyro<\/b>, por Artes Audiovisuales, y <b>Luisa Valenzuela<\/b> , en Letras.<\/p>\n<p class=\"paragraph\">Durante el acto, <b>Andreussi Guzm\u00e1n<\/b> subray\u00f3 el valor de esta entrega anual, al remarcar que se trata de la 62\u00aa edici\u00f3n del Gran Premio y la 33\u00aa de los Premios Trayectoria, y sostuvo que estos reconocimientos reflejan \u201cel aporte de personas que han enriquecido el patrimonio cultural del pa\u00eds a trav\u00e9s del conocimiento, la creatividad y su labor\u201d. Por primera vez, los homenajeados recibieron una medalla especialmente dise\u00f1ada y realizada por el Banco Central de la Rep\u00fablica Argentina.<\/p>\n<p><img alt=\"La premiada en la disciplina\" class=\"global-image\" decoding=\"async\" fetchpriority=\"low\" height=\"1280\" loading=\"lazy\" src=\"https:\/\/www.europesays.com\/es\/wp-content\/uploads\/2025\/11\/QZMVFH3RRNDI3OWVPXAG3FRU2E.jpg\" width=\"1920\"\/>La premiada en la disciplina Letras fue Luisa Valenzuela<\/p>\n<p class=\"paragraph\">Participaron en la entrega miembros del Directorio del FNA: <b>Mar\u00eda Silvia Corcuera<\/b> (Artes Visuales), <b>Juan Antonio L\u00e1zara<\/b> (Patrimonio, Radio y Televisi\u00f3n), <b>Guillermo Scarabino<\/b> (M\u00fasica), <b>Marcelo Nougu\u00e9s<\/b> (Arquitectura), <b>Mauricio Wainrot<\/b> (Artes Esc\u00e9nicas y Danza), <b>Miguel Pereira<\/b> (Cine) y <b>Patricio Zunini<\/b> (Letras).<\/p>\n<p class=\"paragraph\">Entre los galardonados, <b>Orly Benzacar<\/b> manifest\u00f3 que el premio reconoce el trabajo colectivo de su galer\u00eda, que cumpli\u00f3 seis d\u00e9cadas de existencia. <b>Vechy Logioio<\/b> agradeci\u00f3 el reconocimiento y lo comparti\u00f3 con sus maestros y colegas. <b>Edgardo Minond<\/b> record\u00f3 su formaci\u00f3n profesional y se\u00f1al\u00f3 el valor de la arquitectura en su vida. <b>Lidia Segni<\/b> se refiri\u00f3 al esfuerzo y la dedicaci\u00f3n necesarios para desarrollar una carrera art\u00edstica, y <b>Fabio Grementieri<\/b> expres\u00f3 su alegr\u00eda al recibir un premio que, destac\u00f3, comparte con quienes lo acompa\u00f1aron en el estudio y salvaguarda del patrimonio.<\/p>\n<p><img alt=\"En la categor\u00eda Artes Audiovisuales,\" class=\"global-image\" decoding=\"async\" fetchpriority=\"low\" height=\"1280\" loading=\"lazy\" src=\"https:\/\/www.europesays.com\/es\/wp-content\/uploads\/2025\/11\/J363BX5XCFGMHDI4AQAGFVBRL4.jpg\" width=\"1920\"\/>En la categor\u00eda Artes Audiovisuales, el Fondo Nacional de las Artes premi\u00f3 a Marcelo Pi\u00f1eyro<\/p>\n<p class=\"paragraph\">En el tramo de testimonios, <b>Sonia Berjman<\/b> valor\u00f3 la emoci\u00f3n de regresar al pa\u00eds para la ocasi\u00f3n y recorrer su trayectoria, mientras que <b>Luisa Serrano<\/b> mencion\u00f3 el legado familiar detr\u00e1s de su labor en artesan\u00edas. <b>Tom\u00e1s Lip\u00e1n<\/b> dedic\u00f3 el reconocimiento a sus padres y a su familia e indic\u00f3 que las coplas alegran el coraz\u00f3n.<\/p>\n<p class=\"paragraph\"><b>Marcelo Pi\u00f1eyro<\/b> consider\u00f3 que la cultura enfrenta dificultades y expres\u00f3 el deseo de que el galard\u00f3n al cine impulse a la actividad. <b>Luisa Valenzuela<\/b> record\u00f3 que public\u00f3 su primera novela con apoyo del <b>FNA<\/b> y agradeci\u00f3 los aprendizajes a lo largo de su vida. <b>Nelson Goerner<\/b> y <b>H\u00e9ctor Alterio<\/b> participaron de la ceremonia mediante mensajes grabados, en los que transmitieron su gratitud y orgullo por haber sido reconocidos en el rubro musical y en artes esc\u00e9nicas, respectivamente.<\/p>\n<p><img alt=\"Tom\u00e1s Lip\u00e1n, distinguido en Folclore\" class=\"global-image\" decoding=\"async\" fetchpriority=\"low\" height=\"1280\" loading=\"lazy\" src=\"https:\/\/www.europesays.com\/es\/wp-content\/uploads\/2025\/11\/NFQAJ7ETBJH4JNIDL4SIVTBXSA.jpg\" width=\"1920\"\/>Tom\u00e1s Lip\u00e1n, distinguido en Folclore<\/p>\n<p class=\"paragraph\">Adem\u00e1s de la entrega de premios, la ceremonia incluy\u00f3 la exhibici\u00f3n de dos piezas audiovisuales: una, dedicada a artistas y figuras p\u00fablicas fallecidas durante el \u00faltimo a\u00f1o, como Aldo Monges, Alejandra Dar\u00edn, Lalo Schifrin, Leo Dan, Antonio Gasalla y <b>Luis Felipe No\u00e9<\/b>; la otra, orientada a recordar a <b>Teresa Anchorena<\/b>, quien form\u00f3 parte del directorio en la disciplina Artesan\u00edas hasta d\u00edas antes de su muerte.<\/p>\n<p class=\"paragraph\">La jornada concluy\u00f3 con la entrega simb\u00f3lica del <b>Gran Premio Trayectoria<\/b> a <b>Daniel Barenboim<\/b>. En su intervenci\u00f3n final, el presidente del <b>FNA<\/b> se\u00f1al\u00f3 que \u201cArgentina es una tierra que crea genios\u201d y remarc\u00f3 el perfil de <b>Barenboim<\/b> como s\u00edmbolo de la m\u00fasica y de la paz. El embajador <b>Pedro Villagra Delgado<\/b> subray\u00f3 la proyecci\u00f3n internacional del homenajeado y destac\u00f3 que <b>Barenboim<\/b> \u201ces un embajador de Argentina en el mundo\u201d.<\/p>\n<p class=\"paragraph\">[Fotos: Guido Limardo\/comunicaci\u00f3n Fondo Nacional de las Artes]<\/p>\n","protected":false},"excerpt":{"rendered":"El Fondo Nacional de las Artes entreg\u00f3 los Premios Trayectoria 2025 a trece referentes de la cultura argentina&hellip;\n","protected":false},"author":2,"featured_media":261426,"comment_status":"","ping_status":"","sticky":false,"template":"","format":"standard","meta":{"footnotes":""},"categories":[170],"tags":[146,147,25,24,184,185,23],"class_list":{"0":"post-261425","1":"post","2":"type-post","3":"status-publish","4":"format-standard","5":"has-post-thumbnail","7":"category-musica","8":"tag-entertainment","9":"tag-entretenimiento","10":"tag-es","11":"tag-espana","12":"tag-music","13":"tag-musica","14":"tag-spain"},"share_on_mastodon":{"url":"https:\/\/pubeurope.com\/@es\/115630933850004620","error":""},"_links":{"self":[{"href":"https:\/\/www.europesays.com\/es\/wp-json\/wp\/v2\/posts\/261425","targetHints":{"allow":["GET"]}}],"collection":[{"href":"https:\/\/www.europesays.com\/es\/wp-json\/wp\/v2\/posts"}],"about":[{"href":"https:\/\/www.europesays.com\/es\/wp-json\/wp\/v2\/types\/post"}],"author":[{"embeddable":true,"href":"https:\/\/www.europesays.com\/es\/wp-json\/wp\/v2\/users\/2"}],"replies":[{"embeddable":true,"href":"https:\/\/www.europesays.com\/es\/wp-json\/wp\/v2\/comments?post=261425"}],"version-history":[{"count":0,"href":"https:\/\/www.europesays.com\/es\/wp-json\/wp\/v2\/posts\/261425\/revisions"}],"wp:featuredmedia":[{"embeddable":true,"href":"https:\/\/www.europesays.com\/es\/wp-json\/wp\/v2\/media\/261426"}],"wp:attachment":[{"href":"https:\/\/www.europesays.com\/es\/wp-json\/wp\/v2\/media?parent=261425"}],"wp:term":[{"taxonomy":"category","embeddable":true,"href":"https:\/\/www.europesays.com\/es\/wp-json\/wp\/v2\/categories?post=261425"},{"taxonomy":"post_tag","embeddable":true,"href":"https:\/\/www.europesays.com\/es\/wp-json\/wp\/v2\/tags?post=261425"}],"curies":[{"name":"wp","href":"https:\/\/api.w.org\/{rel}","templated":true}]}}