{"id":261429,"date":"2025-11-29T03:47:09","date_gmt":"2025-11-29T03:47:09","guid":{"rendered":"https:\/\/www.europesays.com\/es\/261429\/"},"modified":"2025-11-29T03:47:09","modified_gmt":"2025-11-29T03:47:09","slug":"a-europa-en-bicicleta-as-com","status":"publish","type":"post","link":"https:\/\/www.europesays.com\/es\/261429\/","title":{"rendered":"A Europa en bicicleta &#8211; AS.com"},"content":{"rendered":"<p class=\"\">Una bicicleta de Nyom transporta al Getafe a las puertas de Europa. El equipo azul\u00f3n se queda a un punto de entrar en puestos europeos.<\/p>\n<p class=\"\">La apuesta de Bordal\u00e1s de elegir a Nyom como lateral izquierdo siendo diestro provoc\u00f3 m\u00e1s de un comentario y ninguno era de elogio. Impensable era apostar a que ser\u00eda Nyom, a sus 37 a\u00f1os y que en verano estaba retirado, quien rompiese el partido originando la jugada del gol haciendo <b>una bicicleta en \u00e1rea contraria (traje a Mendoza)<\/b> y centrando con la pierna izquierda. Femen\u00eda empalm\u00f3 de volea y Arambarri, lanz\u00e1ndose en plancha, anot\u00f3 de cabeza. Caprichos del f\u00fatbol, Bordal\u00e1s ha hecho jugar a <b>Nyom esta temporada de delantero centro y de lateral izquierdo, y las dos veces ha salido ovacionado del Coliseum.<\/b><\/p>\n<p class=\"\">De inicio, la presi\u00f3n alta del Getafe se le atragant\u00f3 al Elche, inc\u00f3modo en su faceta habitual de sacar el bal\u00f3n jugado desde su porter\u00eda. Que<b> el primer remate a puerta fuese de Nyom (18\u2019) <\/b>al borde del \u00e1rea peque\u00f1a daba pistas de lo estrecho que estaba siendo el partido. En el 20\u2019, \u00c1lvaro Rodr\u00edguez dio respuesta, pero con m\u00e1s intenci\u00f3n que acierto.<\/p>\n<p class=\"\"><b>No falt\u00f3 la parada salvadora de Soria, esta vez a tiro de Fort en el 39\u2019. <\/b>El Elche, poco a poco, se fue soltando. Llegaba menos que el Getafe, pero lo hac\u00eda con m\u00e1s peligro. <\/p>\n<p class=\"\">Volvi\u00f3 a arrancar bravo el Getafe en la segunda parte y en el minuto 56 lleg\u00f3 el gol, tan inesperado como celebrado por los aficionados. <b>Nyom es un soldado de Bordal\u00e1s y eso cala en los aficionados. <\/b><\/p>\n<p class=\"\">Sarabia busc\u00f3 todo tipo de alternativas, pero las ocasiones claras de gol siguieron sin llegar. No se gan\u00f3 el puesto Andr\u00e9 Silva, s\u00ed gust\u00f3 <b>\u00c1lvaro Rodr\u00edguez, que regresaba al Coliseum tras jugar la temporada en el Getafe.<\/b><\/p>\n<p>Noticias relacionadas<a href=\"https:\/\/as.com\/futbol\/primera\/bordalas-y-sarabia-jugador-de-tercera-tecnico-de-primera-f202511-n\/\" class=\"s_m_w\" title=\"Getafe y Elche presentan esta noche en el Coliseum un duelo entre iguales. Los ilicitanos solo han sumado tres puntos de los \u00faltimos 18 en juego.\" data-tb-link=\"\" rel=\"nofollow noopener\" target=\"_blank\"><img decoding=\"async\" src=\"https:\/\/www.europesays.com\/es\/wp-content\/uploads\/2025\/11\/ADE3OV2IG5PBLBV3675RK6OJUY.jpg\" alt=\"Bordal\u00e1s y Sarabia: jugador de Tercera, t\u00e9cnico de Primera\" class=\"\" height=\"9\" width=\"16\"   loading=\"lazy\" data-tb-thumbnail=\"\"\/><\/a><\/p>\n<p class=\"\"><b>En el 96\u2032 pudo empatar el Elche, <\/b>pero el remate de Affenbruger lo sac\u00f3 a una mano Soria.<\/p>\n<p class=\"\"><b>\u00a1Tus opiniones importan!<\/b> Comenta en los art\u00edculos y suscr\u00edbete gratis a nuestra <a href=\"https:\/\/asfan.as.com\/newsletters\/\" target=\"_blank\" rel=\"nofollow noopener\" title=\"https:\/\/asfan.as.com\/newsletters\/\">newsletter<\/a> y a las alertas informativas en la <a href=\"https:\/\/as.com\/aplicacion-de-as-n\/\" target=\"_blank\" rel=\"nofollow noopener\" title=\"https:\/\/as.com\/aplicacion-de-as-n\/\">App<\/a> o el canal de <a href=\"https:\/\/www.whatsapp.com\/channel\/0029VaAasdA7j6g745nz9M10\" target=\"_blank\" rel=\"nofollow noopener\" title=\"https:\/\/www.whatsapp.com\/channel\/0029VaAasdA7j6g745nz9M10\">WhatsApp<\/a>. \u00bfBuscas licenciar contenido? Haz clic <a href=\"https:\/\/profesional.elpais.com\/soluciones-sindicacion?utm_medium=interno&amp;utm_source=crosslinking&amp;utm_campaign=sindicacion_as_pie_articulos\" target=\"_blank\" rel=\"nofollow noopener\" title=\"https:\/\/profesional.elpais.com\/soluciones-sindicacion?utm_medium=interno&amp;utm_source=crosslinking&amp;utm_campaign=sindicacion_as_pie_articulos\">aqu\u00ed<\/a><\/p>\n<p class=\"stat-tl ev-fw-tl\"><strong>Cambios<\/strong><\/p>\n<p class=\"ev-text-aux\">\n                            <strong>Rodrigo Mendoza<\/strong> (45&#8242;, Grady Diangana),                             <strong>Marc Aguado<\/strong> (60&#8242;, Martim Neto),                             <strong>Adri\u00e0 Pedrosa<\/strong> (63&#8242;, H\u00e9ctor Fort),                             <strong>Diego Rico<\/strong> (64&#8242;, Allan Nyom),                             <strong>Rafa Mir<\/strong> (70&#8242;, Andr\u00e9 Silva),                             <strong>Yago Santiago<\/strong> (71&#8242;, Germ\u00e1n Valera),                             <strong>Javi Mu\u00f1oz<\/strong> (79&#8242;, Kiko Femen\u00eda),                             <strong>Abu Kamara<\/strong> (79&#8242;, Alex Sancris),                             <strong>Yvan Neyou<\/strong> (89&#8242;, Borja Mayoral)                        <\/p>\n<p class=\"stat-tl ev-fw-tl\"><strong>Goles<\/strong><\/p>\n<p class=\"ev-text-aux\">\n                                                                                                        1-0, 55&#8242;: <strong>Arambarri<\/strong>                        <\/p>\n<p class=\"stat-tl ev-fw-tl\"><strong>Tarjetas<\/strong><\/p>\n<p class=\"ev-text-aux\">\n                Arbitro: Alejandro Jos\u00e9 Hern\u00e1ndez Hern\u00e1ndez<br \/>Arbitro VAR: Daniel Jes\u00fas Trujillo Su\u00e1rez, Alejandro Mu\u00f1iz Ruiz<br \/><strong>Luis Milla<\/strong> (42&#8242;,Amarilla),                                     <strong>Rodrigo Mendoza<\/strong> (72&#8242;,Amarilla),                                     <strong>Djene<\/strong> (77&#8242;,Amarilla),                                     <strong>Marc Aguado<\/strong> (85&#8242;,Amarilla)                            <\/p>\n","protected":false},"excerpt":{"rendered":"Una bicicleta de Nyom transporta al Getafe a las puertas de Europa. El equipo azul\u00f3n se queda a&hellip;\n","protected":false},"author":2,"featured_media":261430,"comment_status":"","ping_status":"","sticky":false,"template":"","format":"standard","meta":{"footnotes":""},"categories":[93],"tags":[168,25,24,23,167],"class_list":{"0":"post-261429","1":"post","2":"type-post","3":"status-publish","4":"format-standard","5":"has-post-thumbnail","7":"category-deportes","8":"tag-deportes","9":"tag-es","10":"tag-espana","11":"tag-spain","12":"tag-sports"},"share_on_mastodon":{"url":"https:\/\/pubeurope.com\/@es\/115630941896865944","error":""},"_links":{"self":[{"href":"https:\/\/www.europesays.com\/es\/wp-json\/wp\/v2\/posts\/261429","targetHints":{"allow":["GET"]}}],"collection":[{"href":"https:\/\/www.europesays.com\/es\/wp-json\/wp\/v2\/posts"}],"about":[{"href":"https:\/\/www.europesays.com\/es\/wp-json\/wp\/v2\/types\/post"}],"author":[{"embeddable":true,"href":"https:\/\/www.europesays.com\/es\/wp-json\/wp\/v2\/users\/2"}],"replies":[{"embeddable":true,"href":"https:\/\/www.europesays.com\/es\/wp-json\/wp\/v2\/comments?post=261429"}],"version-history":[{"count":0,"href":"https:\/\/www.europesays.com\/es\/wp-json\/wp\/v2\/posts\/261429\/revisions"}],"wp:featuredmedia":[{"embeddable":true,"href":"https:\/\/www.europesays.com\/es\/wp-json\/wp\/v2\/media\/261430"}],"wp:attachment":[{"href":"https:\/\/www.europesays.com\/es\/wp-json\/wp\/v2\/media?parent=261429"}],"wp:term":[{"taxonomy":"category","embeddable":true,"href":"https:\/\/www.europesays.com\/es\/wp-json\/wp\/v2\/categories?post=261429"},{"taxonomy":"post_tag","embeddable":true,"href":"https:\/\/www.europesays.com\/es\/wp-json\/wp\/v2\/tags?post=261429"}],"curies":[{"name":"wp","href":"https:\/\/api.w.org\/{rel}","templated":true}]}}