{"id":261433,"date":"2025-11-29T03:49:14","date_gmt":"2025-11-29T03:49:14","guid":{"rendered":"https:\/\/www.europesays.com\/es\/261433\/"},"modified":"2025-11-29T03:49:14","modified_gmt":"2025-11-29T03:49:14","slug":"el-cortometraje-correct-me-if-im-wrong-logra-el-gran-premio-de-la-67-a-edicion-de-zinebi","status":"publish","type":"post","link":"https:\/\/www.europesays.com\/es\/261433\/","title":{"rendered":"El cortometraje &#8216;Correct Me If I&#8217;m Wrong&#8217; logra el Gran Premio de la 67.\u00aa edici\u00f3n de ZINEBI"},"content":{"rendered":"<ul class=\"rslides\" id=\"sliderDetalle\">\n<li id=\"callbacks1_s0\" class=\"callbacks1\"><img decoding=\"async\" title=\"El cortometraje \" correct=\"\" me=\"\" if=\"\" i=\"\" wrong=\"\" logra=\"\" el=\"\" gran=\"\" premio=\"\" de=\"\" la=\"\" edici=\"\" zinebi=\"\" alt=\"El cortometraje \" src=\"https:\/\/www.europesays.com\/es\/wp-content\/uploads\/2025\/11\/correct.jpg\"\/><\/li>\n<\/ul>\n<p><\/p>\n<ul class=\"lista\">&#13;<\/p>\n<li><strong>Habana industrial\u00a0gana el Gran Premio al Mejor Cortometraje Vasco, y Geratzen den hori, al Mejor Cortometraje Espa\u00f1ol<\/strong><\/li>\n<p>&#13;\n<\/ul>\n<ul class=\"lista\">&#13;<\/p>\n<li><strong>La entrega de premios tendr\u00e1 lugar en la gala de clausura que se celebra esta tarde a partir de las 19:30 horas en el Teatro Arriaga<\/strong><\/li>\n<p>&#13;\n<\/ul>\n<p>ZINEBI \u2013 Festival Internacional de Cine Documental y Cortometraje de Bilbao\u00a0entregar\u00e1 los galardones de su\u00a067.\u00aa edici\u00f3n, que ascienden a 74.000 euros, y que han sido otorgados por un\u00a0<a class=\"external-link\" href=\"https:\/\/www.bilbao.eus\/cs\/Satellite?c=BIO_Noticia_FA&amp;cid=1279244786718&amp;language=es&amp;pageid=3000075248&amp;pagename=Bilbaonet%2FBIO_Noticia_FA%2FBIO_Noticia\" target=\"_blank\" rel=\"nofollow noopener\">Jurado internacional<\/a>\u00a0formado por\u00a0Ramia Beladel, Callisto McNulty, Norika Sefa, Daniel Suljic y Santiago Tabernero.<\/p>\n<p>Han sido las y los miembros del Jurado, junto al director de ZINEBI,\u00a0Joseba Lopezortega, quienes han anunciado el Palmar\u00e9s de la Secci\u00f3n Oficial-Concurso Internacional de Cortometraje\u00a0en una rueda de prensa celebrada esta ma\u00f1ana en el Teatro Arriaga.<\/p>\n<p>El cortometraje documental Correct Me If I\u2019m Wrong\u00a0(Alemania, China, USA), dirigido por\u00a0Hao Zhou, ha logrado el\u00a0Gran Premio\u00a0de la 67.\u00aa edici\u00f3n de ZINEBI, dotado con 8.000 euros. El jurado destaca que la pel\u00edcula \u00abexplora el peso de las expectativas familiares y el amor equivocado que hay detr\u00e1s de ellas. Revela, con una maravillosa exuberancia, c\u00f3mo la b\u00fasqueda de la normalidad \u2014el conformismo hacia la heterosexualidad\u2014 puede convertirse en algo absurdo y verdaderamente enloquecido. Este documental nos conmovi\u00f3 profundamente. Es una f\u00e1bula tierna, l\u00fadica y mordaz sobre los lazos familiares que atan y la emancipaci\u00f3n queer\u00bb.<\/p>\n<p><a href=\"https:\/\/zinebi.eus\/noticias\/el-cortometraje-correct-me-if-im-wrong-logra-el-gran-premio-de-la-67a-edicion-de-zinebi\/\" target=\"_blank\" rel=\"nofollow noopener\">Sigue leyendo<\/a><\/p>\n","protected":false},"excerpt":{"rendered":"&#13; Habana industrial\u00a0gana el Gran Premio al Mejor Cortometraje Vasco, y Geratzen den hori, al Mejor Cortometraje Espa\u00f1ol&hellip;\n","protected":false},"author":2,"featured_media":261434,"comment_status":"","ping_status":"","sticky":false,"template":"","format":"standard","meta":{"footnotes":""},"categories":[91],"tags":[146,147,25,24,23],"class_list":{"0":"post-261433","1":"post","2":"type-post","3":"status-publish","4":"format-standard","5":"has-post-thumbnail","7":"category-entretenimiento","8":"tag-entertainment","9":"tag-entretenimiento","10":"tag-es","11":"tag-espana","12":"tag-spain"},"share_on_mastodon":{"url":"https:\/\/pubeurope.com\/@es\/115630949304951934","error":""},"_links":{"self":[{"href":"https:\/\/www.europesays.com\/es\/wp-json\/wp\/v2\/posts\/261433","targetHints":{"allow":["GET"]}}],"collection":[{"href":"https:\/\/www.europesays.com\/es\/wp-json\/wp\/v2\/posts"}],"about":[{"href":"https:\/\/www.europesays.com\/es\/wp-json\/wp\/v2\/types\/post"}],"author":[{"embeddable":true,"href":"https:\/\/www.europesays.com\/es\/wp-json\/wp\/v2\/users\/2"}],"replies":[{"embeddable":true,"href":"https:\/\/www.europesays.com\/es\/wp-json\/wp\/v2\/comments?post=261433"}],"version-history":[{"count":0,"href":"https:\/\/www.europesays.com\/es\/wp-json\/wp\/v2\/posts\/261433\/revisions"}],"wp:featuredmedia":[{"embeddable":true,"href":"https:\/\/www.europesays.com\/es\/wp-json\/wp\/v2\/media\/261434"}],"wp:attachment":[{"href":"https:\/\/www.europesays.com\/es\/wp-json\/wp\/v2\/media?parent=261433"}],"wp:term":[{"taxonomy":"category","embeddable":true,"href":"https:\/\/www.europesays.com\/es\/wp-json\/wp\/v2\/categories?post=261433"},{"taxonomy":"post_tag","embeddable":true,"href":"https:\/\/www.europesays.com\/es\/wp-json\/wp\/v2\/tags?post=261433"}],"curies":[{"name":"wp","href":"https:\/\/api.w.org\/{rel}","templated":true}]}}