{"id":261437,"date":"2025-11-29T03:52:16","date_gmt":"2025-11-29T03:52:16","guid":{"rendered":"https:\/\/www.europesays.com\/es\/261437\/"},"modified":"2025-11-29T03:52:16","modified_gmt":"2025-11-29T03:52:16","slug":"alejandro-gertz-manero-la-eternidad-de-gertz-en-la-vida-publica-el-fiscal-que-se-convierte-en-embajador-a-los-86-anos","status":"publish","type":"post","link":"https:\/\/www.europesays.com\/es\/261437\/","title":{"rendered":"Alejandro Gertz Manero : La eternidad de Gertz en la vida p\u00fablica: el fiscal que se convierte en embajador a los 86 a\u00f1os"},"content":{"rendered":"<p class=\"\">Alejandro Gertz Manero, uno de los viejos lobos de la pol\u00edtica mexicana, ha dejado su cargo de fiscal general, pero no renuncia, a los 86 a\u00f1os, a la vida p\u00fablica. El funcionario ser\u00e1 embajador \u201cen un pa\u00eds amigo\u201d, como ha recalcado en su carta de renuncia. Su salida se hab\u00eda rumoreado muchas veces antes, igual que sus problemas de salud, sin embargo, ha sido este jueves de finales de noviembre cuando ha terminado dando un paso a un lado. Gertz ha esperado hasta las 5.15 de la tarde para presentar su dimisi\u00f3n, <a href=\"https:\/\/elpais.com\/mexico\/2025-11-27\/el-senado-inicia-una-sesion-con-todas-las-miradas-puestas-en-el-fiscal-gertz.html\" target=\"_self\" rel=\"nofollow noopener\" title=\"https:\/\/elpais.com\/mexico\/2025-11-27\/el-senado-inicia-una-sesion-con-todas-las-miradas-puestas-en-el-fiscal-gertz.html\">despu\u00e9s de horas de caos en el Senado<\/a>. Su renuncia deja v\u00eda libre a la presidenta Claudia Sheinbaum para redondear su Gabinete de Seguridad. Hasta ahora, Gertz era la \u00fanica pieza que no hab\u00eda sido elegida por la mandataria morenista. <\/p>\n<p class=\"\">Gertz <a href=\"https:\/\/elpais.com\/internacional\/2019\/01\/18\/mexico\/1547826190_621298.html\" target=\"_self\" rel=\"nofollow noopener\" title=\"https:\/\/elpais.com\/internacional\/2019\/01\/18\/mexico\/1547826190_621298.html\">se convirti\u00f3 en el primer fiscal de M\u00e9xico<\/a>, en enero de 2019, propuesto por el presidente Andr\u00e9s Manuel L\u00f3pez Obrador. Antes, la Fiscal\u00eda era Procuradur\u00eda. Aunque parece un cambio cosm\u00e9tico, se trat\u00f3 de una profunda reforma constitucional que pretend\u00eda darle a la instituci\u00f3n autonom\u00eda de acci\u00f3n respecto del poder ejecutivo. A partir de entonces, el titular de la Fiscal\u00eda durar\u00eda nueve a\u00f1os en el cargo y lo ejercer\u00eda de manera transexenal, es decir, no podr\u00eda ya ser removido a voluntad del nuevo presidente. As\u00ed, Gertz, que contaba 79 a\u00f1os cuando se volvi\u00f3 fiscal, deb\u00eda permanecer en el cargo hasta la edad de 88. No ha llegado. Pero tuvo en sus manos un poder que pod\u00eda convertirse en arma: la independencia institucional. Los cr\u00edticos de Gertz sostienen que utiliz\u00f3 su enorme influencia para saldar venganzas personales y proteger supuestos negocios. Defensor del pueblo mexicano en el papel, fue, a ojos de muchos, un fiscal ego\u00edsta.<\/p>\n<p><img decoding=\"auto\" class=\"_re lazyload a_m-h\" height=\"277\"  width=\"414\"  src=\"https:\/\/www.europesays.com\/es\/wp-content\/uploads\/2025\/11\/3VJICCZYQVA23BLSNZCKQBBPTU.jpeg\" loading=\"lazy\"\/>Alejandro Gertz Manero, durante un informe de sus primeros 100 d\u00edas como fiscal, en mayo de 2019.Galo Ca\u00f1as (CUARTOSCURO)<\/p>\n<p class=\"\">El nombramiento de Gertz como fiscal general en 2019 supuso el retorno de un superviviente pol\u00edtico a la vida p\u00fablica. Originario de Ciudad de M\u00e9xico, descendiente de una familia adinerada y avezada en las bellas artes, inici\u00f3 su carrera en la funci\u00f3n p\u00fablica nada m\u00e1s concluir la carrera en Derecho en 1961, en el \u00faltimo tramo del Gobierno de Adolfo L\u00f3pez Mateos, del Partido Revolucionario Institucional (PRI). En los albores de su juventud combin\u00f3 el trabajo de bur\u00f3crata con el de empresario, docente, investigador y escritor (es autor de una decena de libros hist\u00f3ricos y biogr\u00e1ficos, seg\u00fan su curr\u00edculum).<\/p>\n<p class=\"\">En poco m\u00e1s de una d\u00e9cada pas\u00f3 de ejercer cargos menores en el Gobierno \u2014auxiliar, secretario particular, asesor jur\u00eddico\u2014 a convertirse, en 1975, en la Administraci\u00f3n de Luis Echeverr\u00eda, en el primer zar antidrogas de M\u00e9xico. Su despacho se llam\u00f3, oficialmente, Coordinaci\u00f3n Nacional de la Campa\u00f1a contra el Narcotr\u00e1fico. Extraoficialmente, esa \u201ccampa\u00f1a\u201d se conoci\u00f3 como <a href=\"https:\/\/elpais.com\/ideas\/2021-04-25\/alejandro-gertz-el-fiscal-fiel-de-mexico-en-la-tormenta.html\" target=\"_self\" rel=\"nofollow noopener\" title=\"https:\/\/elpais.com\/ideas\/2021-04-25\/alejandro-gertz-el-fiscal-fiel-de-mexico-en-la-tormenta.html\">Operaci\u00f3n C\u00f3ndor<\/a> y marc\u00f3 el nacimiento del enfoque punitivista de lucha contra las drogas que ha detonado la crisis de violencia, desapariciones y desplazamiento forzado en el pa\u00eds.<\/p>\n<p><img decoding=\"auto\" class=\"_re lazyload a_m-h\" height=\"274\"  width=\"414\"  src=\"https:\/\/www.europesays.com\/es\/wp-content\/uploads\/2025\/11\/BGIBNMMOXVFP7GDJXLUIKWPZ4Y.jpg\" loading=\"lazy\"\/>Alejandro Gertz Manero, cuando era secretario de Seguridad en la capital, en el a\u00f1o 2000, durante una inspecci\u00f3n de las instalaciones del cuerpo.Alberto Valdez<\/p>\n<p class=\"\">En 1998, <a href=\"https:\/\/elpais.com\/internacional\/2019\/12\/04\/actualidad\/1575489863_502560.html\" target=\"_self\" rel=\"nofollow noopener\" title=\"https:\/\/elpais.com\/internacional\/2019\/12\/04\/actualidad\/1575489863_502560.html\">Cuauht\u00e9moc C\u00e1rdenas<\/a>, fundador del Partido de la Revoluci\u00f3n Democr\u00e1tica (PRD), lo nombr\u00f3 secretario de Seguridad P\u00fablica de la Ciudad de M\u00e9xico. C\u00e1rdenas se convert\u00eda en el primer pol\u00edtico opositor al r\u00e9gimen en ganar mediante el voto la capital. \u00bfEl de Gertz era el viraje a la izquierda de un bur\u00f3crata empoderado a lo largo de d\u00e9cadas por el priismo o era el cambio de vestuario de un sujeto pragm\u00e1tico que actuaba en esa puesta en escena que es la pol\u00edtica? Amante de lo histri\u00f3nico, despu\u00e9s de todo, Gertz era hijo de una escritora de ficci\u00f3n \u2014Mercedes Manero\u2014 y hab\u00eda creado en 1975 la Asociaci\u00f3n Nacional de Productores de Teatro.<\/p>\n<p class=\"\">Dos a\u00f1os dur\u00f3 Gertz como funcionario del Gobierno de C\u00e1rdenas. En el 2000 se convirti\u00f3 en secretario de Seguridad P\u00fablica federal de <a href=\"https:\/\/elpais.com\/mexico\/2022-06-23\/vicente-fox-me-veo-obligado-a-estar-en-politica-porque-al-pais-se-lo-esta-llevando-el-carajo.html\" target=\"_self\" rel=\"nofollow noopener\" title=\"https:\/\/elpais.com\/mexico\/2022-06-23\/vicente-fox-me-veo-obligado-a-estar-en-politica-porque-al-pais-se-lo-esta-llevando-el-carajo.html\">Vicente Fox<\/a>, un empresario carism\u00e1tico del conservador Partido Acci\u00f3n Nacional (PAN). Desde ah\u00ed, Gertz atestigu\u00f3 c\u00f3mo Joaqu\u00edn El Chapo Guzm\u00e1n, cabeza del C\u00e1rtel de Sinaloa, se fug\u00f3 por primera vez \u2014porque lo har\u00eda una segunda\u2014 de una prisi\u00f3n supuestamente de m\u00e1xima seguridad de Jalisco en 2001 <a href=\"https:\/\/elpais.com\/internacional\/2015\/07\/12\/actualidad\/1436690251_239080.html\" target=\"_self\" rel=\"nofollow noopener\" title=\"https:\/\/elpais.com\/internacional\/2015\/07\/12\/actualidad\/1436690251_239080.html\">escondido en un carrito de lavander\u00eda<\/a>. Guzm\u00e1n Loera no ser\u00eda recapturado sino hasta 13 a\u00f1os despu\u00e9s. A pesar de todo, Gertz aguant\u00f3 en su cargo hasta 2004, cuando present\u00f3 su renuncia para jubilarse a sus 65 a\u00f1os.<\/p>\n<p><img decoding=\"auto\" class=\"_re lazyload a_m-h\" height=\"311\"  width=\"414\"  src=\"https:\/\/www.europesays.com\/es\/wp-content\/uploads\/2025\/11\/OYIMOYCOEZEJRHF6WIPBRL3EPM.jpg\" loading=\"lazy\"\/>El 2 de julio de 2004 Vicente Fox habla con su secretario de Seguridad P\u00fablica.JOSE LUIS MAGANA (AP)<\/p>\n<p class=\"\">Gertz no ten\u00eda preocupaciones econ\u00f3micas. Nieto de un empresario alem\u00e1n, Cornelius Gertz, el abogado era due\u00f1o de una riqueza que le permiti\u00f3 adquirir en los a\u00f1os posteriores a su jubilaci\u00f3n <a href=\"https:\/\/elpais.com\/mexico\/2022-03-17\/el-patrimonio-desconocido-en-espana-del-fiscal-general-de-mexico-cuatro-viviendas-de-lujo-valoradas-en-mas-de-cinco-millones-de-euros.html\" target=\"_self\" rel=\"nofollow noopener\" title=\"https:\/\/elpais.com\/mexico\/2022-03-17\/el-patrimonio-desconocido-en-espana-del-fiscal-general-de-mexico-cuatro-viviendas-de-lujo-valoradas-en-mas-de-cinco-millones-de-euros.html\">cuatro viviendas en Espa\u00f1a con valor de 113 millones de pesos<\/a> (m\u00e1s de seis millones de d\u00f3lares), de acuerdo con una investigaci\u00f3n de este peri\u00f3dico. Adem\u00e1s, compr\u00f3 un departamento en Nueva York y otro en Santa M\u00f3nica, California, por un valor de 3,5 millones de d\u00f3lares, seg\u00fan public\u00f3 Univisi\u00f3n. Eso sin contar los 122 veh\u00edculos de lujo que adquiri\u00f3 por 110 millones de pesos, seg\u00fan una acusaci\u00f3n de la Unidad de Inteligencia Financiera (UIF) que dio a conocer El Universal. Gertz siempre neg\u00f3 irregularidades en su inmensa fortuna, cuyo tama\u00f1o no revel\u00f3 a la Secretar\u00eda de la Funci\u00f3n P\u00fablica, como tampoco sus posibles conflictos de inter\u00e9s.<\/p>\n<p class=\"\">En 2009, Gertz tuvo un regreso m\u00e1s bien testimonial al escenario pol\u00edtico como diputado federal por Movimiento Ciudadano, un joven partido de izquierda. En los tres a\u00f1os que ocup\u00f3 su curul present\u00f3 14 iniciativas de reforma, ninguna de las cuales prosper\u00f3, y se ausent\u00f3 en m\u00e1s de la mitad de las votaciones.<\/p>\n<p><img decoding=\"auto\" class=\"_re lazyload a_m-v\" height=\"582\"  width=\"414\"  src=\"https:\/\/www.europesays.com\/es\/wp-content\/uploads\/2025\/11\/PYK5V2AD7RCV7NJWZXUTER7ZPU.jpg\" loading=\"lazy\"\/>Alejandro Gertz, entonces secretario de Seguridad P\u00fablica, llega en helic\u00f3ptero a dialogar con polic\u00edas auxiliares que realizaban un bloqueo en la Ciudad de M\u00e9xico, en el a\u00f1o 2000.Echery Salmer\u00f3n (Cuartoscuro)<\/p>\n<p class=\"\">La llegada de L\u00f3pez Obrador al Gobierno tras la elecci\u00f3n de 2018 signific\u00f3 un nuevo retorno de Gertz a la pol\u00edtica, esta vez con un poder que jam\u00e1s tuvo en sus seis d\u00e9cadas previas como servidor p\u00fablico. El art\u00edfice de su acercamiento al obradorismo y de su posterior nombramiento como fiscal general fue el poderoso Julio Scherer Ibarra, quien fuera consejero jur\u00eddico de la Presidencia de la Rep\u00fablica. Aliados al principio del sexenio, <a href=\"https:\/\/elpais.com\/mexico\/2022-05-23\/lopez-obrador-defiende-al-fiscal-gertz-manero-en-la-polemica-con-scherer.html\" target=\"_self\" rel=\"nofollow noopener\" title=\"https:\/\/elpais.com\/mexico\/2022-05-23\/lopez-obrador-defiende-al-fiscal-gertz-manero-en-la-polemica-con-scherer.html\">la estruendosa ruptura de ambos en 2021<\/a> puso en duda la imparcialidad de la procuraci\u00f3n de justicia y la persecuci\u00f3n del delito con Gertz en la FGR.<\/p>\n<p class=\"\">El caso m\u00e1s escandaloso es el relacionado con su excu\u00f1ada Laura Mor\u00e1n y la hija de esta, Alejandra Cuevas, a quienes Gertz denunci\u00f3 ante la Fiscal\u00eda de la Ciudad de M\u00e9xico por la muerte de su hermano Federico. El funcionario <a href=\"https:\/\/elpais.com\/mexico\/2022-04-01\/cronologia-del-caso-gertz-cuevas.html\" target=\"_self\" rel=\"nofollow noopener\" title=\"https:\/\/elpais.com\/mexico\/2022-04-01\/cronologia-del-caso-gertz-cuevas.html\">acusaba a ambas de homicidio<\/a> por, supuestamente, haber descuidado la salud de su pariente. La Fiscal\u00eda capitalina cerr\u00f3 el caso en 2016 por falta de pruebas. Sin embargo, fue reabierto en 2020, luego de que Gertz asumiera las riendas de la FGR. De inmediato, Alejandra Cuevas fue detenida y llevada a prisi\u00f3n, donde estuvo un a\u00f1o y medio, hasta que <a href=\"https:\/\/elpais.com\/mexico\/2022-03-28\/la-suprema-corte-tumba-el-caso-del-fiscal-gertz-contra-su-familia-politica.html\" target=\"_self\" rel=\"nofollow noopener\" title=\"https:\/\/elpais.com\/mexico\/2022-03-28\/la-suprema-corte-tumba-el-caso-del-fiscal-gertz-contra-su-familia-politica.html\">la Suprema Corte de Justicia orden\u00f3 su liberaci\u00f3n<\/a>.<\/p>\n<p><img decoding=\"auto\" class=\"_re lazyload a_m-h\" height=\"277\"  width=\"414\"  src=\"https:\/\/www.europesays.com\/es\/wp-content\/uploads\/2025\/11\/XKF7ULFC3FAFLC5ECVJ2JOKZ2U.jpg\" loading=\"lazy\"\/>Alejandro Encinas, ahora en la secretar\u00eda de Gobernaci\u00f3n, habla con Alejandro Gertz, cuando ambos eran diputados, en 2010.Guillermo Perea (Cuartoscuro)<\/p>\n<p class=\"\">M\u00e1s all\u00e1 de los asuntos en los que Gertz pudo tener un inter\u00e9s personal, es indiscutible que fue un escudero que entend\u00eda cu\u00e1les eran los anhelos del presidente L\u00f3pez Obrador y, en el sentido de esos vientos, conduc\u00eda la Fiscal\u00eda. Ejemplos hay varios. Cuando el Gobierno de Estados Unidos <a href=\"https:\/\/elpais.com\/mexico\/2020-10-16\/detenido-en-ee-uu-el-ex-secretario-de-la-defensa-con-enrique-pena-nieto.html\" target=\"_self\" rel=\"nofollow noopener\" title=\"https:\/\/elpais.com\/mexico\/2020-10-16\/detenido-en-ee-uu-el-ex-secretario-de-la-defensa-con-enrique-pena-nieto.html\">detuvo al general Salvador Cienfuegos<\/a>, exsecretario de la Defensa, acus\u00e1ndolo de narcotr\u00e1fico, el mandatario mexicano se incomod\u00f3 por el da\u00f1o que esos se\u00f1alamientos podr\u00edan causar a la imagen de las Fuerzas Armadas. Cienfuegos fue entregado a M\u00e9xico y, en poco tiempo, la FGR inform\u00f3 de que <a href=\"https:\/\/elpais.com\/mexico\/2021-01-15\/la-fiscalia-exonera-al-general-salvador-cienfuegos-tras-su-vuelta-a-mexico.html\" target=\"_self\" rel=\"nofollow noopener\" title=\"https:\/\/elpais.com\/mexico\/2021-01-15\/la-fiscalia-exonera-al-general-salvador-cienfuegos-tras-su-vuelta-a-mexico.html\">no emprender\u00eda acciones legales en su contra<\/a> por falta de pruebas. No solo eso: Gertz amenaz\u00f3 con presentar denuncias internacionales contra los investigadores de EE UU que se atrevieron a se\u00f1alar al general.<\/p>\n<p class=\"\">L\u00f3pez Obrador dijo en varias ocasiones que consideraba preferible que los acusados de actos de corrupci\u00f3n devuelvan lo robado a que pasen su vida en la c\u00e1rcel. El fiscal prest\u00f3 o\u00eddos a la peculiar concepci\u00f3n de la justicia del presidente y sobre esa base proces\u00f3 desde la FGR los millonarios fraudes a Pemex y los sobornos del caso Odebrecht que marcaron el sexenio de Enrique Pe\u00f1a Nieto, como con Alonso Ancira o Emilio Lozoya.<\/p>\n<p class=\"\">Durante la gesti\u00f3n de Gertz, la FGR tambi\u00e9n cerr\u00f3 el expediente por delitos electorales contra <a href=\"https:\/\/elpais.com\/mexico\/2022-10-25\/la-fiscalia-desiste-de-acusar-a-un-hermano-de-lopez-obrador-por-las-grabaciones-en-las-que-recibe-dinero-para-campanas.html\" target=\"_self\" rel=\"nofollow noopener\" title=\"https:\/\/elpais.com\/mexico\/2022-10-25\/la-fiscalia-desiste-de-acusar-a-un-hermano-de-lopez-obrador-por-las-grabaciones-en-las-que-recibe-dinero-para-campanas.html\">P\u00edo L\u00f3pez Obrador<\/a>, hermano del presidente, y <a href=\"https:\/\/elpais.com\/mexico\/2021-09-22\/la-fiscalia-pide-la-detencion-de-31-investigadores-del-conacyt-por-delincuencia-organizada.html\" target=\"_self\" rel=\"nofollow noopener\" title=\"https:\/\/elpais.com\/mexico\/2021-09-22\/la-fiscalia-pide-la-detencion-de-31-investigadores-del-conacyt-por-delincuencia-organizada.html\">persigui\u00f3 a 31 cient\u00edficos del Conacyt<\/a> por los se\u00f1alamientos del mandatario. Esto, porque el fiscal no tuvo tanta clemencia con los enemigos de L\u00f3pez Obrador, caso de Rosario Robles, antigua amiga y colaboradora del presidente convertida al priismo. A petici\u00f3n de la FGR, Robles estuvo encarcelada \u2014sin sentencia\u2014 <a href=\"https:\/\/elpais.com\/mexico\/2022-08-20\/rosario-robles-sale-de-prision-despues-de-tres-anos-y-podra-defenderse-en-libertad.html\" target=\"_self\" rel=\"nofollow noopener\" title=\"https:\/\/elpais.com\/mexico\/2022-08-20\/rosario-robles-sale-de-prision-despues-de-tres-anos-y-podra-defenderse-en-libertad.html\">durante tres a\u00f1os por los desv\u00edos millonarios de la Estafa maestra<\/a> en el Gobierno de Pe\u00f1a Nieto, presionada por Gertz para que implicara a Luis Videgaray, exsecretario de Hacienda, en los actos de corrupci\u00f3n. No logr\u00f3 su cometido el fiscal.<\/p>\n<p><img decoding=\"auto\" class=\"_re lazyload a_m-h\" height=\"276\"  width=\"414\"  src=\"https:\/\/www.europesays.com\/es\/wp-content\/uploads\/2025\/11\/SAJHDSH555GHRAYP66U6LCXURQ.jpg\" loading=\"lazy\"\/>Manifestantes afuera de la corte de Nueva York en la que se juzgaba a Cienfuegos, luego de que se retiraran las acusaciones en su contra, en 2020.BRENDAN MCDERMID (Reuters)<\/p>\n<p class=\"\">La llegada de Claudia Sheinbaum al poder dej\u00f3 a Gertz como una ficha fuera de lugar. Aunque el funcionario hizo gestos hacia el Gobierno de la nueva presidenta y hacia Omar Garc\u00eda Harfuch, el poderoso zar de Seguridad, no han sido suficientes para su permanencia en el cargo. Hace semanas que se publicaba que desde Palacio Nacional estaban presionando al fiscal para que dejara su posici\u00f3n en la FGR, ya que seg\u00fan el art\u00edculo 102 de la Constituci\u00f3n, la presidenta solo puede quitarlo por motivos graves. La otra opci\u00f3n era la mil veces mencionada reforma a las Fiscal\u00edas. <a href=\"https:\/\/elpais.com\/mexico\/2025-09-02\/mexico-abre-una-nueva-era-para-su-sistema-de-justicia-con-un-poder-judicial-electo-por-voto-popular.html\" target=\"_self\" rel=\"nofollow noopener\" title=\"https:\/\/elpais.com\/mexico\/2025-09-02\/mexico-abre-una-nueva-era-para-su-sistema-de-justicia-con-un-poder-judicial-electo-por-voto-popular.html\">Sheinbaum ejecut\u00f3 el plan estrella de L\u00f3pez Obrador de demoler el poder judicial<\/a>, pero todas las voces expertas apuntaban hacia la misma direcci\u00f3n: sin modificar el funcionamiento de las Fiscal\u00edas, la impunidad en el pa\u00eds \u2014que ronda el 95%\u2014 no mejorar\u00eda.<\/p>\n<p class=\"\">Gertz fue \u00fatil a Sheinbaum para cerrar algunas de las primeras crisis de su Gobierno, como el hallazgo del rancho de Teuchitl\u00e1n, el centro de reclutamiento forzado del Cartel Jalisco Nueva Generaci\u00f3n, ante el que <a href=\"https:\/\/elpais.com\/mexico\/2025-04-29\/gertz-sobre-teuchitlan-no-hay-una-sola-prueba-que-acredite-que-era-un-sitio-de-cremacion.html\" target=\"_self\" rel=\"nofollow noopener\" title=\"https:\/\/elpais.com\/mexico\/2025-04-29\/gertz-sobre-teuchitlan-no-hay-una-sola-prueba-que-acredite-que-era-un-sitio-de-cremacion.html\">el funcionario puso la cara<\/a> para negar que se tratara de un centro de exterminio como apuntaban los colectivos de buscadoras. Sin embargo, tambi\u00e9n ha recibido los rega\u00f1os de la mandataria por alguna de sus gestiones; <a href=\"https:\/\/elpais.com\/mexico\/2025-11-27\/de-lo-kitsch-al-crimen-organizado-la-polemica-de-miss-universo-destapa-una-red-de-trafico-de-drogas-armas-y-huachicol.html\" target=\"_self\" rel=\"nofollow noopener\" title=\"https:\/\/elpais.com\/mexico\/2025-11-27\/de-lo-kitsch-al-crimen-organizado-la-polemica-de-miss-universo-destapa-una-red-de-trafico-de-drogas-armas-y-huachicol.html\">la \u00faltima esta misma semana con la pol\u00e9mica de Miss Universo<\/a> y su poderoso presidente del certamen, Ra\u00fal Rocha. El empresario ten\u00eda una orden de detenci\u00f3n y estaba siendo investigado por la FGR desde 2024. En esta indagaci\u00f3n tambi\u00e9n aparecen integrantes de la Fiscal\u00eda General. Ante la bola de nieve, Sheinbaum pidi\u00f3 a Gertz que aclarara la situaci\u00f3n. Adem\u00e1s, este mismo jueves, <a href=\"https:\/\/elpais.com\/mexico\/2025-11-27\/sheinbaum-sobre-la-posible-salida-de-gertz-manero-recibi-una-carta-del-senado-y-la-estoy-analizando.html\" target=\"_self\" rel=\"nofollow noopener\" title=\"https:\/\/elpais.com\/mexico\/2025-11-27\/sheinbaum-sobre-la-posible-salida-de-gertz-manero-recibi-una-carta-del-senado-y-la-estoy-analizando.html\">unas horas antes de la renuncia del fiscal<\/a>, la presidenta, que no ha querido adelantar la salida, s\u00ed ha dicho: \u201cNecesitamos mucha m\u00e1s coordinaci\u00f3n entre las Fiscal\u00edas estatales y la Fiscal\u00eda General de la Rep\u00fablica\u201d.<\/p>\n<p class=\"\">Los cr\u00edticos del funcionario consideran que Gertz desaprovech\u00f3 la naciente independencia de la FGR para encaminar al pa\u00eds, donde campea la impunidad, hacia una verdadera procuraci\u00f3n de la justicia. Una tarea que le caer\u00e1 ahora a un aliado de Sheinbaum, el \u00faltimo eslab\u00f3n que cierra la cadena.<\/p>\n","protected":false},"excerpt":{"rendered":"Alejandro Gertz Manero, uno de los viejos lobos de la pol\u00edtica mexicana, ha dejado su cargo de fiscal&hellip;\n","protected":false},"author":2,"featured_media":261438,"comment_status":"","ping_status":"","sticky":false,"template":"","format":"standard","meta":{"footnotes":""},"categories":[42],"tags":[65238,889,17,18,18291,13,14,11948,11,61,62,63,64,19,20,1804,1906,9,10,15,16,14343,12,21,22,432,65,66,67],"class_list":{"0":"post-261437","1":"post","2":"type-post","3":"status-publish","4":"format-standard","5":"has-post-thumbnail","7":"category-internacional","8":"tag-alejandro-gertz-manero","9":"tag-america","10":"tag-breaking-news","11":"tag-breakingnews","12":"tag-claudia-sheinbaum","13":"tag-featured-news","14":"tag-featurednews","15":"tag-fiscalia-general-de-la-republica","16":"tag-headlines","17":"tag-internacional","18":"tag-international","19":"tag-international-news","20":"tag-internationalnews","21":"tag-latest-news","22":"tag-latestnews","23":"tag-latinoamerica","24":"tag-mexico","25":"tag-news","26":"tag-noticias","27":"tag-noticias-destacadas","28":"tag-noticiasdestacadas","29":"tag-seguridad-nacional","30":"tag-titulares","31":"tag-ultimas-noticias","32":"tag-ultimasnoticias","33":"tag-violencia","34":"tag-world","35":"tag-world-news","36":"tag-worldnews"},"share_on_mastodon":{"url":"","error":"Validation failed: Text character limit of 500 exceeded"},"_links":{"self":[{"href":"https:\/\/www.europesays.com\/es\/wp-json\/wp\/v2\/posts\/261437","targetHints":{"allow":["GET"]}}],"collection":[{"href":"https:\/\/www.europesays.com\/es\/wp-json\/wp\/v2\/posts"}],"about":[{"href":"https:\/\/www.europesays.com\/es\/wp-json\/wp\/v2\/types\/post"}],"author":[{"embeddable":true,"href":"https:\/\/www.europesays.com\/es\/wp-json\/wp\/v2\/users\/2"}],"replies":[{"embeddable":true,"href":"https:\/\/www.europesays.com\/es\/wp-json\/wp\/v2\/comments?post=261437"}],"version-history":[{"count":0,"href":"https:\/\/www.europesays.com\/es\/wp-json\/wp\/v2\/posts\/261437\/revisions"}],"wp:featuredmedia":[{"embeddable":true,"href":"https:\/\/www.europesays.com\/es\/wp-json\/wp\/v2\/media\/261438"}],"wp:attachment":[{"href":"https:\/\/www.europesays.com\/es\/wp-json\/wp\/v2\/media?parent=261437"}],"wp:term":[{"taxonomy":"category","embeddable":true,"href":"https:\/\/www.europesays.com\/es\/wp-json\/wp\/v2\/categories?post=261437"},{"taxonomy":"post_tag","embeddable":true,"href":"https:\/\/www.europesays.com\/es\/wp-json\/wp\/v2\/tags?post=261437"}],"curies":[{"name":"wp","href":"https:\/\/api.w.org\/{rel}","templated":true}]}}