{"id":261439,"date":"2025-11-29T03:53:10","date_gmt":"2025-11-29T03:53:10","guid":{"rendered":"https:\/\/www.europesays.com\/es\/261439\/"},"modified":"2025-11-29T03:53:10","modified_gmt":"2025-11-29T03:53:10","slug":"la-subida-del-27-de-las-pensiones-supondra-un-coste-extra-de-5-200-millones-para-las-arcas-publicas","status":"publish","type":"post","link":"https:\/\/www.europesays.com\/es\/261439\/","title":{"rendered":"La subida del 2,7% de las pensiones supondr\u00e1 un coste extra de 5.200 millones para las arcas p\u00fablicas"},"content":{"rendered":"<p style=\"\"><a href=\"https:\/\/www.abc.es\/economia\/modelo-pensiones-cuentas-nocionales-sueco-capitalizacion-chile-20251126133814-nt.html\" target=\"_self\" data-voc-vtm-id=\"in-text-traffic\" title=\"Las m\u00e1s de diez millones de pensiones\" rel=\"nofollow noopener\">Las m\u00e1s de diez millones de pensiones<\/a> contributivas se revalorizar\u00e1n en 2026 un 2,7% tras conocerse que la inflaci\u00f3n aument\u00f3 un 3% en noviembre. Esto es as\u00ed porque la ley establece que las pensiones crecer\u00e1n cada a\u00f1o lo mismo que el promedio de  &#8230; la inflaci\u00f3n de los doce meses comprendidos entre noviembre del a\u00f1o en curso y diciembre del ejercicio anterior. Y la evoluci\u00f3n media de los precios en este periodo ha sido del 2,7%. De cualquier forma, la cifra oficial se conocer\u00e1 el pr\u00f3ximo<strong> 12 de diciembre<\/strong>, cuando se publique el dato definitivo, aunque al tratarse de medias anuales, es dif\u00edcil que var\u00ede ese 2,7%. <\/p>\n<p class=\"voc-p\" style=\"\">El alza es similar a la aplicada este ejercicio, del 2,8%, e inferior al 3,8% de 2024 y al 8,5% de 2023 y supondr\u00e1 un coste para las arcas de la Seguridad Social superior a los 5.200 millones de euros, factura que llega en un momento de muy delicado para el sistema p\u00fablico, necesitado de la ayuda del Estado para pagar las n\u00f3minas y con<strong> una deuda de 126.000 millones de euros<\/strong>, cuatro veces m\u00e1s que la que hab\u00eda en junio de 2018 cuando Pedro S\u00e1nchez lleg\u00f3 a la Moncloa. El pasivo entonces apenas llegaba a los 34.000 millones.<\/p>\n<p><img decoding=\"async\" id=\"g-nomina-mensual-pensiones-nov2025-size-S-img\" class=\"g-nomina-mensual-pensiones-nov2025-size-S-img g-aiImg\" alt=\"\" src=\"https:\/\/www.europesays.com\/es\/wp-content\/uploads\/2025\/11\/nomina-mensual-pensiones-nov2025-size-S.png\"\/><\/p>\n<p class=\"g-pstyle0\">Evoluci\u00f3n del importe<\/p>\n<p class=\"g-pstyle0\">de la pensi\u00f3n media<\/p>\n<p class=\"g-pstyle0\">Gasto mensual de<\/p>\n<p class=\"g-pstyle0\">la n\u00f3mina de las pensiones <\/p>\n<p class=\"g-pstyle6\">Fuente: Ministerio de Inclusi\u00f3n, <\/p>\n<p class=\"g-pstyle6\">Seguridad Social y Migraciones \/  ABC<\/p>\n<p><img decoding=\"async\" id=\"g-nomina-mensual-pensiones-nov2025-size-M-img\" class=\"g-nomina-mensual-pensiones-nov2025-size-M-img g-aiImg\" alt=\"\" src=\"https:\/\/www.europesays.com\/es\/wp-content\/uploads\/2025\/11\/nomina-mensual-pensiones-nov2025-size-M.png\"\/><\/p>\n<p class=\"g-pstyle0\">Evoluci\u00f3n del importe de la pensi\u00f3n media<\/p>\n<p class=\"g-pstyle0\">Gasto mensual de la n\u00f3mina de las pensiones <\/p>\n<p class=\"g-pstyle4\">Fuente: Ministerio de Inclusi\u00f3n, Seguridad Social y Migraciones \/  ABC<\/p>\n<p class=\"voc-p\" style=\"\"><a href=\"https:\/\/www.abc.es\/economia\/familias-multadas-evaluan-riesgos-empleadas-20251111185402-nt.html\" target=\"_self\" data-voc-vtm-id=\"in-text-traffic\" title=\"El incremento se aplicar\u00e1 a todas las jubilaciones\" rel=\"nofollow noopener\">El incremento se aplicar\u00e1 a todas las jubilaciones<\/a> pero, como ocurre todos los ejercicios, la cuant\u00eda ser\u00e1 superior para las <strong>m\u00ednimas y las no contributivas<\/strong>, tal y como marca la reforma de las pensiones aprobada el pasado 2024 con el objetivo de recortar su margen con el umbral de la pobreza. Este 2025 aumentaron un 6% las m\u00ednimas y del 9% las no contributivas, por encima en ambos casos del alza del 2,8% que registraron las pensiones contributivas.<\/p>\n<p class=\"voc-p\" style=\"\">La nueva actualizaci\u00f3n beneficiar\u00e1 a los m\u00e1s de <strong>9,4 millones de personas<\/strong> que reciben 10,4 millones de pensiones contributivas. Supondr\u00e1 unos 572 euros adicionales al a\u00f1o (40 al mes) para una pensi\u00f3n media de jubilaci\u00f3n, y 498 euros anuales (35 al mes) para la media del sistema. Tambi\u00e9n saldr\u00e1n beneficiados los 715.000 jubilados del r\u00e9gimen de clases pasivas del Estado. <\/p>\n<p class=\"voc-p\" style=\"\">La pensi\u00f3n media del sistema de la Seguridad Social est\u00e1 situada en <strong>1.316,7 euros<\/strong> este noviembre, un 4,4% m\u00e1s que en el mismo mes del a\u00f1o anterior. Esta media incluye la cuant\u00eda de las distintas clases de pensi\u00f3n (jubilaci\u00f3n, incapacidad permanente, viudedad, orfandad y en favor de familiares). La media de jubilaci\u00f3n, que perciben m\u00e1s de dos tercios del total de pensionistas (6,5 millones de personas), se sit\u00faa en <strong>1.511,5 euros<\/strong> mensuales, tras incrementarse un 4,3% de media respecto al mismo periodo de 2024. Con la actualizaci\u00f3n que se llevar\u00e1 a cabo en sus n\u00f3minas percibir\u00e1n unos 40 euros m\u00e1s al mes, lo que dejar\u00e1 su ingreso mensual en unos 1.552 euros. Para el caso de la viudedad, cuya prestaci\u00f3n est\u00e1 fijada en <strong>937 euros<\/strong>, el alza ser\u00e1 de unos 25 euros, hasta los 962 euros.<\/p>\n<p>\nLa m\u00e1xima, en 3.359 euros\n<\/p>\n<p class=\"voc-p\" style=\"\">Y para el caso de la pensi\u00f3n m\u00e1xima se incrementar\u00e1 en 2026 con el IPC m\u00e1s un 0,115% adicional, seg\u00fan determin\u00f3 la reforma de pensiones. De este modo, con la revalorizaci\u00f3n del 2,7% del IPC m\u00e1s ese porcentaje adicional, se situar\u00e1 en 3.359,6 euros. El incremento en la pensi\u00f3n m\u00e1xima es algo superior a la subida general de las prestaciones debido al <strong>mayor esfuerzo de cotizaci\u00f3n<\/strong> realizado por las n\u00f3minas m\u00e1s altas para pagar las prestaciones. As\u00ed, su aumento es del IPC m\u00e1s un 0,115 puntos porcentuales cada a\u00f1o.<\/p>\n<p class=\"voc-p\" style=\"\">El recargo de cotizaciones de este a\u00f1o no ha tenido precedentes. La base m\u00e1xima se elev\u00f3 este ejercicio un 2,8%, la variaci\u00f3n media interanual del IPC entre diciembre de 2023 y noviembre de 2024. A este porcentaje se sum\u00f3 otro 1,2% adicional por el destope en las bases que comenz\u00f3 a operar este a\u00f1o y que se mantendr\u00e1 hasta 2050, a\u00f1o en el que <strong>los incrementos acumulados llegar\u00e1n al 38%<\/strong>. Siguiendo este mismo esquema de incrementos esta base m\u00e1xima podr\u00eda crecer en 2026 un 3,9% (el 2,7% del IPC promedio m\u00e1s un 1,2% adicional). <\/p>\n<p>\nMEI: 0,9% en 2026\n<\/p>\n<p class=\"voc-p\" style=\"\">A ambos crecimientos se han sumado otro 0,8% del Mecanismo de Equidad Intergeneracional (MEI), que se aplica a <strong>todas las n\u00f3minas con independencia del nivel salarial<\/strong> y que desde enero se eleva otro 0,1 punto respecto a 2025 para situarlo en el 0,9%, y la &#8216;cuota de solidaridad&#8217;, que soportar\u00e1n los sueldos superiores a 59.000 euros. Esta cuota no generar\u00e1 derechos para la jubilaci\u00f3n, por lo que estamos ante un impuesto.<\/p>\n<p>\nEn la diana de la OCDE\n<\/p>\n<p class=\"voc-p\" style=\"\">La revalorizaci\u00f3n se conoce tras una semana en la que Espa\u00f1a ha sido diana de las cr\u00edticas de la OCDE, recurrentes en el tiempo. Sus propuestas pasan una nueva reforma del sistema que permita su sostenibilidad, para que el gasto se adapte al aumento de la <strong>esperanza de vida<\/strong> recuperando el derogado factor de sostenibilidad del PP que nunca se lleg\u00f3 a aplicar, adem\u00e1s de ampliar el periodo de c\u00f3mputo a 35 a\u00f1os, de modo que se tengan en cuenta tambi\u00e9n los a\u00f1os de baja cotizaci\u00f3n.<\/p>\n<p class=\"voc-p\" style=\"\">El organismo estima que con la pol\u00edtica actual de indexaci\u00f3n de las pensiones al IPC y la jubilaci\u00f3n de generaci\u00f3n del <strong>baby boom<\/strong>, Espa\u00f1a gastar\u00e1 en pensiones un 17,3% del PIB en 2050. Ser\u00eda el pa\u00eds que mayor ratio de gasto en pensiones registrar\u00e1 de la OCDE y descender\u00eda hasta el 16,9% en 2060.<\/p>\n","protected":false},"excerpt":{"rendered":"Las m\u00e1s de diez millones de pensiones contributivas se revalorizar\u00e1n en 2026 un 2,7% tras conocerse que la&hellip;\n","protected":false},"author":2,"featured_media":261440,"comment_status":"","ping_status":"","sticky":false,"template":"","format":"standard","meta":{"footnotes":""},"categories":[8],"tags":[65239,17,18,4897,17936,25,24,11556,13,14,11,19,20,4724,9,10,15,16,12865,23,14531,12,21,22],"class_list":{"0":"post-261439","1":"post","2":"type-post","3":"status-publish","4":"format-standard","5":"has-post-thumbnail","7":"category-espana","8":"tag-65239","9":"tag-breaking-news","10":"tag-breakingnews","11":"tag-coste","12":"tag-enero","13":"tag-es","14":"tag-espana","15":"tag-extra","16":"tag-featured-news","17":"tag-featurednews","18":"tag-headlines","19":"tag-latest-news","20":"tag-latestnews","21":"tag-millones","22":"tag-news","23":"tag-noticias","24":"tag-noticias-destacadas","25":"tag-noticiasdestacadas","26":"tag-pensiones","27":"tag-spain","28":"tag-suben","29":"tag-titulares","30":"tag-ultimas-noticias","31":"tag-ultimasnoticias"},"share_on_mastodon":{"url":"","error":""},"_links":{"self":[{"href":"https:\/\/www.europesays.com\/es\/wp-json\/wp\/v2\/posts\/261439","targetHints":{"allow":["GET"]}}],"collection":[{"href":"https:\/\/www.europesays.com\/es\/wp-json\/wp\/v2\/posts"}],"about":[{"href":"https:\/\/www.europesays.com\/es\/wp-json\/wp\/v2\/types\/post"}],"author":[{"embeddable":true,"href":"https:\/\/www.europesays.com\/es\/wp-json\/wp\/v2\/users\/2"}],"replies":[{"embeddable":true,"href":"https:\/\/www.europesays.com\/es\/wp-json\/wp\/v2\/comments?post=261439"}],"version-history":[{"count":0,"href":"https:\/\/www.europesays.com\/es\/wp-json\/wp\/v2\/posts\/261439\/revisions"}],"wp:featuredmedia":[{"embeddable":true,"href":"https:\/\/www.europesays.com\/es\/wp-json\/wp\/v2\/media\/261440"}],"wp:attachment":[{"href":"https:\/\/www.europesays.com\/es\/wp-json\/wp\/v2\/media?parent=261439"}],"wp:term":[{"taxonomy":"category","embeddable":true,"href":"https:\/\/www.europesays.com\/es\/wp-json\/wp\/v2\/categories?post=261439"},{"taxonomy":"post_tag","embeddable":true,"href":"https:\/\/www.europesays.com\/es\/wp-json\/wp\/v2\/tags?post=261439"}],"curies":[{"name":"wp","href":"https:\/\/api.w.org\/{rel}","templated":true}]}}