{"id":261441,"date":"2025-11-29T03:54:31","date_gmt":"2025-11-29T03:54:31","guid":{"rendered":"https:\/\/www.europesays.com\/es\/261441\/"},"modified":"2025-11-29T03:54:31","modified_gmt":"2025-11-29T03:54:31","slug":"el-cis-pronostica-que-el-pp-seguira-dependiendo-de-vox-en-extremadura-y-un-batacazo-del-psoe","status":"publish","type":"post","link":"https:\/\/www.europesays.com\/es\/261441\/","title":{"rendered":"El CIS pronostica que el PP seguir\u00e1 dependiendo de Vox en Extremadura y un batacazo del PSOE"},"content":{"rendered":"<p>Estimaci\u00f3n<br \/>\n    del CIS en Extremadura<\/p>\n<p style=\"font-size:14px;text-align:center;font-family:'Encode Sans',sans-serif;line-height:20px;color:#181818\">\n    Estimaci\u00f3n de voto CIS (en % sobre el total del voto v\u00e1lido)<\/p>\n<p class=\"article-text\">\n        El adelanto electoral en Extremadura no servir\u00e1 al PP para deshacerse de Vox. \u00a0El estudio preelectoral del CIS, conocido este viernes, aleja la ilusi\u00f3n de Mar\u00eda Guardiola de alcanzar una mayor\u00eda absoluta el 21 de diciembre y, si quiere volver a convertirse en presidenta de la comunidad tendr\u00e1 que intentar entenderse con la extrema derecha, que ser\u00e1 el partido m\u00e1s beneficiado en estas elecciones.\n    <\/p>\n<p class=\"article-text\">\n        La mayor\u00eda absoluta est\u00e1 fijada en 33 diputados en Extremadura, pero, seg\u00fan el CIS, el PP conseguir\u00e1 entre 25 y 29, frente a los 28 que tiene en la actualidad, por lo que necesitar\u00eda el apoyo o la abstenci\u00f3n de otras fuerzas pol\u00edticas para alcanzar el Gobierno de la Junta de Extremadura. El PSOE bajar\u00eda de los 28 actuales a tener 19-22 esca\u00f1os, el peor resultado cosechado en esta comunidad, despu\u00e9s de haber ganado las elecciones auton\u00f3micas hace dos a\u00f1os (con un margen de 6.000 votos respecto al PP).\n    <\/p>\n<p class=\"article-text\">\n        Vox podr\u00eda duplicar su representaci\u00f3n actual, al pasar de cinco a 10-12 asientos y Unidas por Extremadura tambi\u00e9n mejorar\u00eda su resultado desde los cuatro representantes actuales hasta los seis o siete.\n    <\/p>\n<p class=\"article-text\">\n        Es decir, el PP ganar\u00eda las elecciones auton\u00f3micas en Extremadura, aunque lejos de la mayor\u00eda absoluta, al hacerse con el 38,5% de lo vostos, a casi siete puntos del PSOE, que ser\u00eda la segunda fuerza con el 31,6%. Vox se dispara hasta el 17,3% y Unidas por Extremadura rozar\u00eda el 10% de los votos.\n    <\/p>\n<p class=\"article-text\">\n        En cuanto al reparto de esca\u00f1os por provincias, el CIS estima que el PP se quedar\u00e1 en los 15 esca\u00f1os que obtuvo en 2023 en Badajoz, y el PSOE perder\u00eda en esta provincia cinco y al quedarse con 11 diputados. Vox pasar\u00eda de tres a seis y Unidas por Extremadura duplicar\u00eda su representaci\u00f3n al pasar de dos a cuatro.\n    <\/p>\n<p class=\"article-text\">\n        En C\u00e1ceres, el PP perder\u00e1 un diputado y lograr\u00e1 12 esca\u00f1os, seg\u00fan el CIS, mientras que el PSOE obtendr\u00eda nueve, es decir, tres menos que en las elecciones de 2023. Vox lograr\u00eda seis asientos por esta provincia, desde los dos acuales, y Unidas por Extremadura mantendr\u00eda los que tiene, dos.\n    <\/p>\n<p class=\"article-text\">\n        Seg\u00fan los resultados del estudio preelectoral, Mar\u00eda Guardiola (PP) es la l\u00edder pol\u00edtica m\u00e1s valorada, con una nota media de 5,63 sobre diez; seguida de Irene de Miguel (Unidas por Extremadura), con 4,10; Ra\u00fal Gonz\u00e1lez (Juntos Por Extremadura-Levanta Extremadura) logra 3,87, Miguel \u00c1ngel Gallardo (PSOE) obtiene 3,68 y \u00d3scar Fern\u00e1ndez Calle (Vox) logra un 3,60.\n    <\/p>\n<p>    <a href=\"https:\/\/www.eldiario.es\/extremadura\/politica\/adelanto-electoral-guardiola-costara-siete-millones-extremadura-60-elecciones-2023_1_12783258.html\" data-mrf-recirculation=\"saber-mas-abajo\" data-dl-event=\"saber-mas-abajo\" rel=\"nofollow noopener\" target=\"_blank\"><\/p>\n<p class=\"know-more__title\">El adelanto electoral de Guardiola costar\u00e1 siete millones a Extremadura, un 60% m\u00e1s que en las elecciones de 2023\n<\/p>\n<p>            <img decoding=\"async\" class=\"lazy\" loading=\"lazy\" data-src=\"https:\/\/static.eldiario.es\/clip\/a4183077-2571-496a-bf7e-bdf91d8d53d9_16-9-aspect-ratio_default_0.jpg\" src=\"data:image\/svg+xml,%3Csvg xmlns=\" http:=\"\" viewbox=\"0 0 880 495\" alt=\"El adelanto electoral de Guardiola costar\u00e1 siete millones a Extremadura, un 60% m\u00e1s que en las elecciones de 2023\"\/><\/p>\n<p>                        <\/a><\/p>\n<p class=\"article-text\">\n        El estudio del CIS, con una muestra de 2.037 entrevistas realizada entre el 21 y el 25 de noviembre, y un error de muestreo del 2,2%, tambi\u00e9n refleja que un 14,3% de los encuestados afirma no tener decidido su voto y un 2,6% apunta que no acudir\u00e1 a la cita electoral.\n    <\/p>\n","protected":false},"excerpt":{"rendered":"Estimaci\u00f3n del CIS en Extremadura Estimaci\u00f3n de voto CIS (en % sobre el total del voto v\u00e1lido) El&hellip;\n","protected":false},"author":2,"featured_media":261442,"comment_status":"","ping_status":"","sticky":false,"template":"","format":"standard","meta":{"footnotes":""},"categories":[5],"tags":[517,7239,7235,17,18,3975,25,24,7234,13,14,11,7238,7237,19,20,7236,9,10,15,16,952,492,23,12,21,22],"class_list":{"0":"post-261441","1":"post","2":"type-post","3":"status-publish","4":"format-standard","5":"has-post-thumbnail","7":"category-titulares","8":"tag-actualidad","9":"tag-agro","10":"tag-badajoz","11":"tag-breaking-news","12":"tag-breakingnews","13":"tag-caceres","14":"tag-es","15":"tag-espana","16":"tag-extremadura","17":"tag-featured-news","18":"tag-featurednews","19":"tag-headlines","20":"tag-jesus-conde","21":"tag-jose-l-aroca","22":"tag-latest-news","23":"tag-latestnews","24":"tag-merida","25":"tag-news","26":"tag-noticias","27":"tag-noticias-destacadas","28":"tag-noticiasdestacadas","29":"tag-politica","30":"tag-sociedad","31":"tag-spain","32":"tag-titulares","33":"tag-ultimas-noticias","34":"tag-ultimasnoticias"},"share_on_mastodon":{"url":"https:\/\/pubeurope.com\/@es\/115630968865554478","error":""},"_links":{"self":[{"href":"https:\/\/www.europesays.com\/es\/wp-json\/wp\/v2\/posts\/261441","targetHints":{"allow":["GET"]}}],"collection":[{"href":"https:\/\/www.europesays.com\/es\/wp-json\/wp\/v2\/posts"}],"about":[{"href":"https:\/\/www.europesays.com\/es\/wp-json\/wp\/v2\/types\/post"}],"author":[{"embeddable":true,"href":"https:\/\/www.europesays.com\/es\/wp-json\/wp\/v2\/users\/2"}],"replies":[{"embeddable":true,"href":"https:\/\/www.europesays.com\/es\/wp-json\/wp\/v2\/comments?post=261441"}],"version-history":[{"count":0,"href":"https:\/\/www.europesays.com\/es\/wp-json\/wp\/v2\/posts\/261441\/revisions"}],"wp:featuredmedia":[{"embeddable":true,"href":"https:\/\/www.europesays.com\/es\/wp-json\/wp\/v2\/media\/261442"}],"wp:attachment":[{"href":"https:\/\/www.europesays.com\/es\/wp-json\/wp\/v2\/media?parent=261441"}],"wp:term":[{"taxonomy":"category","embeddable":true,"href":"https:\/\/www.europesays.com\/es\/wp-json\/wp\/v2\/categories?post=261441"},{"taxonomy":"post_tag","embeddable":true,"href":"https:\/\/www.europesays.com\/es\/wp-json\/wp\/v2\/tags?post=261441"}],"curies":[{"name":"wp","href":"https:\/\/api.w.org\/{rel}","templated":true}]}}