{"id":261445,"date":"2025-11-29T04:03:10","date_gmt":"2025-11-29T04:03:10","guid":{"rendered":"https:\/\/www.europesays.com\/es\/261445\/"},"modified":"2025-11-29T04:03:10","modified_gmt":"2025-11-29T04:03:10","slug":"pelea-de-los-ultras-de-sevilla-y-betis-antes-del-derbi-en-video","status":"publish","type":"post","link":"https:\/\/www.europesays.com\/es\/261445\/","title":{"rendered":"Pelea de los ultras de Sevilla y Betis antes del derbi en v\u00eddeo"},"content":{"rendered":"\n<p>M\u00e1s noticias<\/p>\n<p><a class=\"info_masnoticias\" href=\"https:\/\/www.eldesmarque.com\/futbol\/real-betis\/\" rel=\"nofollow noopener\" target=\"_blank\"><br \/>\nM\u00e1s de<br \/>\nM\u00e1s noticias de<br \/>\nReal Betis<br \/>\n<\/a><\/p>\n<p>Semana cargada de <a href=\"https:\/\/www.eldesmarque.com\/futbol\/sevilla-fc\/20251115\/joaquin-caparros-saca-pecho-sevillismo-lanza-mensaje-derbi-andaluz-hay-equipos-que-llevan-medio-telediario_300810407.html\" rel=\"nofollow noopener\" target=\"_blank\">emociones y alta tensi\u00f3n<\/a> en la capital hispalense. La noche de este viernes, a poco menos de dos d\u00edas para el <strong>derbi sevillano<\/strong>, se vio salpicada por la batalla campal que libraron los ultras de <strong>Sevilla FC y Real Betis<\/strong>. Una pelea multitudinaria entre los hinchas m\u00e1s radicales de ambos clubes que se sald\u00f3 con importantes altercados contra la alteraci\u00f3n del orden p\u00fablico. Esta es <a href=\"https:\/\/www.eldesmarque.com\/futbol\/real-betis\/20251124\/pelea-radicales-sevilla-betis-lunes-derbi_300817361.html\" rel=\"nofollow noopener\" target=\"_blank\">la segunda vez que se produce un enfrentamiento<\/a> entre ambos bandos, como ya ocurri\u00f3 el pasado lunes entre <strong>Biris Norte y Supporters Gol Sur<\/strong> (SGS).<\/p>\n<p>Por el momento no se conocen m\u00e1s datos, pero s\u00ed se han filtrado algunos v\u00eddeos en redes sociales. En las im\u00e1genes se pueden ver lanzamientos de bengalas, de fuegos artificiales. La pelea se produjo en las inmediaciones del barrio de Nervi\u00f3n, en las calles aleda\u00f1as al S\u00e1nchez-Pizju\u00e1n.<\/p>\n<blockquote class=\"twitter-tweet\" data-media-max-width=\"560\">\n<p lang=\"zxx\" dir=\"ltr\"><a href=\"https:\/\/t.co\/QmKEAUoSAS\" rel=\"nofollow\">pic.twitter.com\/QmKEAUoSAS<\/a><\/p>\n<p>\u2014 FootballDoNorte (@footballdonorte) <a href=\"https:\/\/twitter.com\/footballdonorte\/status\/1994568464506499448?ref_src=twsrc%5Etfw\" rel=\"nofollow noopener\" target=\"_blank\">November 29, 2025<\/a><\/p>\n<\/blockquote>\n<blockquote class=\"twitter-tweet\" data-media-max-width=\"560\">\n<p lang=\"tr\" dir=\"ltr\">Sevilla-Betis 29\/11\/2025 <a href=\"https:\/\/t.co\/w3mHLQvlUy\" rel=\"nofollow\">pic.twitter.com\/w3mHLQvlUy<\/a><\/p>\n<p>\u2014 FootballDoNorte (@footballdonorte) <a href=\"https:\/\/twitter.com\/footballdonorte\/status\/1994558164952609197?ref_src=twsrc%5Etfw\" rel=\"nofollow noopener\" target=\"_blank\">November 29, 2025<\/a><\/p>\n<\/blockquote>\n<p>Segunda pelea entre ultras en cinco d\u00edas<\/p>\n<p lang=\"tr\" dir=\"ltr\">El pasado lunes, como se pudo ver en algunos de los v\u00eddeos publicados en redes sociales, ultras de Sevilla y Real Betis protagonizaron una ruidosa pelea en el barrio de Nervi\u00f3n.<\/p>\n<blockquote class=\"twitter-tweet\">\n<p lang=\"tr\" dir=\"ltr\">Biris norte(Sevilla) vs SGS(Betis) 24\/11\/2025 <a href=\"https:\/\/t.co\/mTQ5eXi5Rr\" rel=\"nofollow\">pic.twitter.com\/mTQ5eXi5Rr<\/a><\/p>\n<p>\u2014 FootballDoNorte (@footballdonorte) <a href=\"https:\/\/twitter.com\/footballdonorte\/status\/1993075987358400726?ref_src=twsrc%5Etfw\" rel=\"nofollow noopener\" target=\"_blank\">November 24, 2025<\/a><\/p>\n<\/blockquote>\n<p>Unas im\u00e1genes que salieron a la luz horas despu\u00e9s de las pintadas aparecidas esta misma jornada en los alrededores de La Cartuja.<\/p>\n<blockquote class=\"twitter-tweet\">\n<p lang=\"es\" dir=\"ltr\">Semana de Derbi Sevillano \ud83d\udd34\u26aa\ufe0f &#8211; \ud83d\udfe2\u26aa\ufe0f<br \/>Sevilla FC &#8211; Real Betis. (30-11-25)<\/p>\n<p>As\u00ed ha amanecido hoy los alrededores del Estadio de La Cartuja:<\/p>\n<p>\u201cDAR LA CARA MARICO*ES\u201d<\/p>\n<p>\u201cSGS CERD*S \ud83d\udc37<\/p>\n<p>\u201cBIRIS NORTE 75\u201d<\/p>\n<p>(Hace unos a\u00f1os en la calle tajo tambi\u00e9n aparecieron pintadas) <a href=\"https:\/\/t.co\/8tlnSnleYN\" rel=\"nofollow\">pic.twitter.com\/8tlnSnleYN<\/a><\/p>\n<p>\u2014 ULTRAS \ud835\udd73 PRESENT (@UltrasPresent) <a href=\"https:\/\/twitter.com\/UltrasPresent\/status\/1992933332024533011?ref_src=twsrc%5Etfw\" rel=\"nofollow noopener\" target=\"_blank\">November 24, 2025<\/a><\/p>\n<\/blockquote>\n<blockquote class=\"twitter-tweet\">\n<p lang=\"es\" dir=\"ltr\">As\u00ed amanece hoy la Cartuja <a href=\"https:\/\/t.co\/c94GKY1X9L\" rel=\"nofollow\">pic.twitter.com\/c94GKY1X9L<\/a><\/p>\n<p>\u2014 Mividaa.SFC \ud83d\udca5 (@mivida_sfc) <a href=\"https:\/\/twitter.com\/mivida_sfc\/status\/1992890630637494687?ref_src=twsrc%5Etfw\" rel=\"nofollow noopener\" target=\"_blank\">November 24, 2025<\/a><\/p>\n<\/blockquote>\n<p>Un fort\u00edsimo dispositivo policial<\/p>\n<p>Para este domingo el Gobierno de Espa\u00f1a ha activado un operativo de<strong> 396 miembros de la Polic\u00eda Naciona<\/strong>l, que contar\u00e1 con la colaboraci\u00f3n de la Polic\u00eda Local, Bomberos, Protecci\u00f3n Civil, Cruz Roja, Servicio de Emergencias 061 y la empresa de limpieza municipal de Sevilla.<\/p>\n<p>En la reuni\u00f3n de seguridad participaron, adem\u00e1s de representantes de la Polic\u00eda Nacional y de ambos clubes, miembros de la Polic\u00eda Adscrita, Polic\u00eda Local, as\u00ed como responsables del servicio de ambulancias adscritas a la Consejer\u00eda de Salud y Consumo.<\/p>\n<p>Las autoridades se\u00f1alaron que el operativo \u201cpermitir\u00e1 un entorno seguro antes, durante y despu\u00e9s del encuentro, especialmente en zonas sensibles como Nervi\u00f3n y los hoteles de concentraci\u00f3n\u201d, y subrayaron que la Polic\u00eda Nacional \u201cmantendr\u00e1 una vigilancia reforzada previa al encuentro para anticiparse a cualquier movimiento de grupos radicales\u201d.<\/p>\n<p>Partido de alto riesgo<\/p>\n<p>El servicio dise\u00f1ado por la Polic\u00eda Nacional, que se activar\u00e1 el s\u00e1bado en su Fase Precr\u00edtica, incluye unidades como la de Atenci\u00f3n al Ciudadano y de Prevenci\u00f3n y Reacci\u00f3n (UPR) de la Brigada Provincial de Seguridad Ciudadana (BPSC), as\u00ed como miembros de la Brigada Provincial de Informaci\u00f3n, entre otras.<\/p>\n<p>El domingo dar\u00e1 comienzo la Fase Cr\u00edtica antes del partido, en la que efectivos de la IV Unidad de Intervenci\u00f3n Policial (UIP) ofrecer\u00e1n servicio de protecci\u00f3n en los alrededores del estadio Ram\u00f3n S\u00e1nchez-Pizju\u00e1n, apoyados por la Unidad de Caballer\u00eda, especialmente en zonas de concentraci\u00f3n de los seguidores.<\/p>\n<p>Esta acci\u00f3n se complementar\u00e1 con el servicio de protecci\u00f3n en los hoteles de concentraci\u00f3n de ambos equipos y de los \u00e1rbitros, en los que se mantendr\u00e1 la seguridad y tambi\u00e9n en los traslados hasta el estadio.<\/p>\n<p>Una vez iniciado el partido, la UIP mantendr\u00e1 vigilancia en el interior y exterior del estadio, apoyada en los alrededores del recinto por la Unidad de Caballer\u00eda, y supervisando al personal de seguridad privada. Al finalizar el encuentro, los efectivos permanecer\u00e1n en las inmediaciones prevenir posibles altercados.<\/p>\n<p><img loading=\"lazy\" decoding=\"async\" src=\"https:\/\/www.europesays.com\/es\/wp-content\/uploads\/2025\/11\/seguridad_derbi_sanchez_pizjuan_007.jpeg\" width=\"660\" height=\"440\" alt=\"Dispositivo de seguridad en el S\u00e1nchez-Pizju\u00e1n (Foto: Kiko Hurtado).\"\/><br \/>\nDispositivo de seguridad en el S\u00e1nchez-Pizju\u00e1n (Foto: Kiko Hurtado).<\/p>\n<p><script async src=\"https:\/\/platform.twitter.com\/widgets.js\" charset=\"utf-8\"><\/script><\/p>\n","protected":false},"excerpt":{"rendered":"M\u00e1s noticias M\u00e1s de M\u00e1s noticias de Real Betis Semana cargada de emociones y alta tensi\u00f3n en la&hellip;\n","protected":false},"author":2,"featured_media":261446,"comment_status":"","ping_status":"","sticky":false,"template":"","format":"standard","meta":{"footnotes":""},"categories":[268],"tags":[168,25,24,280,282,281,23,167],"class_list":{"0":"post-261445","1":"post","2":"type-post","3":"status-publish","4":"format-standard","5":"has-post-thumbnail","7":"category-futbol","8":"tag-deportes","9":"tag-es","10":"tag-espana","11":"tag-football","12":"tag-futbol","13":"tag-soccer","14":"tag-spain","15":"tag-sports"},"share_on_mastodon":{"url":"https:\/\/pubeurope.com\/@es\/115631004524774980","error":""},"_links":{"self":[{"href":"https:\/\/www.europesays.com\/es\/wp-json\/wp\/v2\/posts\/261445","targetHints":{"allow":["GET"]}}],"collection":[{"href":"https:\/\/www.europesays.com\/es\/wp-json\/wp\/v2\/posts"}],"about":[{"href":"https:\/\/www.europesays.com\/es\/wp-json\/wp\/v2\/types\/post"}],"author":[{"embeddable":true,"href":"https:\/\/www.europesays.com\/es\/wp-json\/wp\/v2\/users\/2"}],"replies":[{"embeddable":true,"href":"https:\/\/www.europesays.com\/es\/wp-json\/wp\/v2\/comments?post=261445"}],"version-history":[{"count":0,"href":"https:\/\/www.europesays.com\/es\/wp-json\/wp\/v2\/posts\/261445\/revisions"}],"wp:featuredmedia":[{"embeddable":true,"href":"https:\/\/www.europesays.com\/es\/wp-json\/wp\/v2\/media\/261446"}],"wp:attachment":[{"href":"https:\/\/www.europesays.com\/es\/wp-json\/wp\/v2\/media?parent=261445"}],"wp:term":[{"taxonomy":"category","embeddable":true,"href":"https:\/\/www.europesays.com\/es\/wp-json\/wp\/v2\/categories?post=261445"},{"taxonomy":"post_tag","embeddable":true,"href":"https:\/\/www.europesays.com\/es\/wp-json\/wp\/v2\/tags?post=261445"}],"curies":[{"name":"wp","href":"https:\/\/api.w.org\/{rel}","templated":true}]}}