{"id":261447,"date":"2025-11-29T04:04:14","date_gmt":"2025-11-29T04:04:14","guid":{"rendered":"https:\/\/www.europesays.com\/es\/261447\/"},"modified":"2025-11-29T04:04:14","modified_gmt":"2025-11-29T04:04:14","slug":"se-casa-con-su-alma-gemela-que-le-mando-su-madre-desde-el-cielo","status":"publish","type":"post","link":"https:\/\/www.europesays.com\/es\/261447\/","title":{"rendered":"se casa con su \u00abalma gemela\u00bb que le mand\u00f3 su madre desde el cielo"},"content":{"rendered":"<p id=\"eYA5eAEGh9\" data-wc=\"67\">La vida le sonr\u00ede a Paco Arango, el hombre cuya vida siempre ha estado<a class=\"hm-link ho-link\" href=\"https:\/\/www.hola.com\/actualidad\/20220325206766\/paco-arango-sobre-ayuda-aladina-en-ucrania-ninos-cancer\/\" data-mrf-recirculation=\"article-body-link\" rel=\"nofollow noopener\" target=\"_blank\">\u00a0guiada por la generosidad, la creatividad y el compromiso<\/a> con los dem\u00e1s. El fil\u00e1ntropo, m\u00fasico, guionista y director de cine, tal y como ha adelantado El Mundo, \u00a0se casa con su alma gemela, Bego\u00f1a Aguilera, experta en fondos de inversi\u00f3n, m\u00e1s joven que \u00e9l y vasca de nacimiento como su madre, Maite Garc\u00eda-Urtiaga.<\/p>\n<p> <img src=\"https:\/\/www.europesays.com\/es\/wp-content\/uploads\/2025\/11\/1f222accf890-gettyimages-1710451679.jpg\"   width=\"682\" height=\"1024\" loading=\"lazy\" decoding=\"async\" alt=\"Paco Arango, en una imagen de archivo\" fetchpriority=\"auto\" class=\"image ho-image\"\/>\u00a9 Getty ImagesPaco Arango, en una imagen de archivo<\/p>\n<p id=\"eImmAuzriv\" data-wc=\"177\">\u00a0Junto a ella, Paco Arango ha perdido completamente el \u00abmiedo\u00bb a dar este paso con la firme convicci\u00f3n de que el amor verdadero merece celebrarse. \u00ab<strong>Estoy muy feliz porque yo a estas alturas no me lo esperaba\u00bb<\/strong>, dice el empresario, de 59 a\u00f1os, a quien el destino le ten\u00eda reservada esta maravillosa sorpresa. \u201cMi madre, que muri\u00f3 hace tres a\u00f1os, me dijo \u2018Paco, b\u00fascate una vasca que te cuide\u2019, porque ella era vasca\u2026 Me la mand\u00f3 mi madre desde el cielo\u201d, ha confesado el creador de la \u00a0Fundaci\u00f3n Aladina, que desde 2005 llena de esperanza y alegr\u00eda a miles de ni\u00f1os y familias que luchan contra el c\u00e1ncer. De hecho, su futura esposa, a qui\u00e9n conoci\u00f3 poco tiempo despu\u00e9s de morir su madre, luce ahora el colgante que \u00e9l le regal\u00f3 a su progenitora y que tanto significado tiene para \u00e9l. Se trata de un coraz\u00f3n abollado de Christie\u2019s, y nadie mejor que ella para llevarlo, como cont\u00f3 en el diario El mundo: \u201cVeo la mano de mi madre todo el tiempo y eso me hace feliz\u201d.<\/p>\n<p id=\"ept1-8XPEu\" data-wc=\"116\">La boda ser\u00e1 una celebraci\u00f3n \u00edntima, pero d\u00edas despu\u00e9s dar\u00e1 una gran fiesta con <a class=\"hm-link ho-link\" href=\"https:\/\/www.hola.com\/us\/\" data-mrf-recirculation=\"article-body-link\" rel=\"nofollow noopener\" target=\"_blank\">su familia y amigos<\/a>. Quienes conocen a la pareja saben que est\u00e1n hechos el uno para el otro.\u201dHe encontrado a mi partner. Se dedica a fondos de inversi\u00f3n. Es muy inteligente, humana. Hablamos el mismo idioma, tenemos mucha suerte de habernos conocido\u201d, declaraba con orgullo el empresario. Como ya dijo en una ocasi\u00f3n \u201cque este\u0301 soltero, no significa que me guste estar solo\u201d, revelaba en\u00a0Vanity Fair. Conocer a Bego\u00f1a le ha hecho cumplir uno de sus deseos porque tiene muchos: Paco sue\u00f1a en grande y quiere que los ni\u00f1os enfermos de c\u00e1ncer jam\u00e1s pierdan la sonrisa ni las ganas de luchar.<\/p>\n<p> <img src=\"https:\/\/www.europesays.com\/es\/wp-content\/uploads\/2025\/11\/46d520c9af36-gettyimages-2157491986.jpg\"   width=\"1080\" height=\"1080\" loading=\"lazy\" decoding=\"async\" alt=\"Paco Arango, con su prometida Bego\u00f1a Aguilera\" fetchpriority=\"auto\" class=\"image ho-image\"\/>\u00a9 Getty ImagesPaco Arango, con su prometida Bego\u00f1a Aguilera<\/p>\n<p id=\"eFhuNOuCf3\" data-wc=\"198\">El fundador de Aladina vive por y para los dem\u00e1s. Desde que realiz\u00f3 un voluntariado en el a\u00f1o 2001 en el hospital madrile\u00f1o Ni\u00f1o Jes\u00fas, su vida cambi\u00f3 para siempre: \u00abEntr\u00e9 por la puerta del hospital y no sal\u00ed. Nunca pens\u00e9 que se iba a convertir en mi vida\u00bb. Para el hijo de Pl\u00e1cido Arango, <a class=\"hm-link ho-link\" href=\"https:\/\/www.hola.com\/actualidad\/20200217160800\/placido-arango-fallece\/\" data-mrf-recirculation=\"article-body-link\" rel=\"nofollow noopener\" target=\"_blank\">uno de los fundadores de la cadena Vips<\/a>, esta experiencia le llev\u00f3 a fundar en 2005 la Fundaci\u00f3n Aladina, que mejora la estancia hospitalaria y apoya a miles de ni\u00f1os y familias afectadas por el c\u00e1ncer. La organizaci\u00f3n ha construido unidades avanzadas, como el Centro Maktub de trasplantes de m\u00e9dula en Madrid, y como cineasta y guionista destina todos los beneficios de sus pel\u00edculas<strong>, Maktub (2011), nominada a tres Goya<\/strong> e inspirada en sus experiencias con ni\u00f1os enfermos,<strong>\u00a0Lo que de verdad importa\u00a0(<\/strong>2016), galardonada con un Premio Forqu\u00e9, <strong>Los Rodr\u00edguez y el m\u00e1s all\u00e1<\/strong> (2019) y <strong>Mi otro Jon<\/strong><strong>\u00a0<\/strong>(2023), a la lucha contra el c\u00e1ncer infantil. Su compromiso no conoce de fronteras. A trav\u00e9s de su Fundaci\u00f3n, evacu\u00f3 y traslad\u00f3 a m\u00e1s de 74 ni\u00f1os con c\u00e1ncer y sus familias desde Ucrania en plena guerra para recibir tratamiento en hospitales espa\u00f1oles.<\/p>\n<p id=\"e50riTNT8u\" data-wc=\"35\">Con la misma pasi\u00f3n y entrega con la que lucha cada d\u00eda por los dem\u00e1s, Paco Arango celebra ahora su amor junto a Bego\u00f1a, su compa\u00f1era de vida, con quien muy pronto sellar\u00e1 su uni\u00f3n.<\/p>\n","protected":false},"excerpt":{"rendered":"La vida le sonr\u00ede a Paco Arango, el hombre cuya vida siempre ha estado\u00a0guiada por la generosidad, la&hellip;\n","protected":false},"author":2,"featured_media":261448,"comment_status":"","ping_status":"","sticky":false,"template":"","format":"standard","meta":{"footnotes":""},"categories":[174],"tags":[517,255,146,147,25,24,256,65240,23],"class_list":{"0":"post-261447","1":"post","2":"type-post","3":"status-publish","4":"format-standard","5":"has-post-thumbnail","7":"category-famosos","8":"tag-actualidad","9":"tag-celebrities","10":"tag-entertainment","11":"tag-entretenimiento","12":"tag-es","13":"tag-espana","14":"tag-famosos","15":"tag-paco-arango","16":"tag-spain"},"share_on_mastodon":{"url":"https:\/\/pubeurope.com\/@es\/115631008483228120","error":""},"_links":{"self":[{"href":"https:\/\/www.europesays.com\/es\/wp-json\/wp\/v2\/posts\/261447","targetHints":{"allow":["GET"]}}],"collection":[{"href":"https:\/\/www.europesays.com\/es\/wp-json\/wp\/v2\/posts"}],"about":[{"href":"https:\/\/www.europesays.com\/es\/wp-json\/wp\/v2\/types\/post"}],"author":[{"embeddable":true,"href":"https:\/\/www.europesays.com\/es\/wp-json\/wp\/v2\/users\/2"}],"replies":[{"embeddable":true,"href":"https:\/\/www.europesays.com\/es\/wp-json\/wp\/v2\/comments?post=261447"}],"version-history":[{"count":0,"href":"https:\/\/www.europesays.com\/es\/wp-json\/wp\/v2\/posts\/261447\/revisions"}],"wp:featuredmedia":[{"embeddable":true,"href":"https:\/\/www.europesays.com\/es\/wp-json\/wp\/v2\/media\/261448"}],"wp:attachment":[{"href":"https:\/\/www.europesays.com\/es\/wp-json\/wp\/v2\/media?parent=261447"}],"wp:term":[{"taxonomy":"category","embeddable":true,"href":"https:\/\/www.europesays.com\/es\/wp-json\/wp\/v2\/categories?post=261447"},{"taxonomy":"post_tag","embeddable":true,"href":"https:\/\/www.europesays.com\/es\/wp-json\/wp\/v2\/tags?post=261447"}],"curies":[{"name":"wp","href":"https:\/\/api.w.org\/{rel}","templated":true}]}}