{"id":261449,"date":"2025-11-29T04:07:26","date_gmt":"2025-11-29T04:07:26","guid":{"rendered":"https:\/\/www.europesays.com\/es\/261449\/"},"modified":"2025-11-29T04:07:26","modified_gmt":"2025-11-29T04:07:26","slug":"kimy-hace-vibrar-el-plato-de-la-voz-con-un-tema-de-lady-gaga-y-vuelve-a-sorprender-a-yatra","status":"publish","type":"post","link":"https:\/\/www.europesays.com\/es\/261449\/","title":{"rendered":"Kimy hace vibrar el plat\u00f3 de La Voz con un tema de Lady Gaga y vuelve a sorprender a Yatra"},"content":{"rendered":"<p><b>Kimy<\/b>, una de las voces m\u00e1s reconocibles del equipo de Sebasti\u00e1n Yatra, ha vuelto a demostrar por qu\u00e9 se ha convertido en una de las <b>grandes revelaciones<\/b> de esta edici\u00f3n.<\/p>\n<p>La talent, que conquist\u00f3 al coach colombiano con la profundidad de sus graves, lleg\u00f3 a la primera <b>Semifinal <\/b>de La Voz dispuesta a <b>superarse <\/b>una vez m\u00e1s y <b>dejar el list\u00f3n a\u00fan m\u00e1s alto<\/b>.<\/p>\n<p>En el escenario, <b>Kimy <\/b>interpret\u00f3 <b>\u2018Always remember us this way\u2019 <\/b>de Lady Gaga con una mezcla perfecta de fuerza, emoci\u00f3n y t\u00e9cnica. Su actuaci\u00f3n, llena de matices y personalidad, convirti\u00f3 el plat\u00f3 en un momento de pura intensidad musical.<\/p>\n<p>La artista <b>se entreg\u00f3 por completo<\/b>, se rdejando claro que quiere seguir avanzando en el concurso y que<b> no tiene miedo<\/b> a enfrentarse a los <b>grandes retos <\/b>de esta fase.<b> \u00a1Menuda actuaci\u00f3n! <\/b><\/p>\n<p>   <img decoding=\"async\" title=\"Mal\u00fa\" alt=\"Mal\u00fa\" width=\"480\" height=\"270\" src=\"https:\/\/www.europesays.com\/es\/wp-content\/uploads\/2025\/11\/1764389246_667_malu-coach-voz-2025_70.jpg\" loading=\"lazy\" class=\"lazy\"\/><\/p>\n","protected":false},"excerpt":{"rendered":"Kimy, una de las voces m\u00e1s reconocibles del equipo de Sebasti\u00e1n Yatra, ha vuelto a demostrar por qu\u00e9&hellip;\n","protected":false},"author":2,"featured_media":261450,"comment_status":"","ping_status":"","sticky":false,"template":"","format":"standard","meta":{"footnotes":""},"categories":[171],"tags":[146,147,25,24,23,214],"class_list":{"0":"post-261449","1":"post","2":"type-post","3":"status-publish","4":"format-standard","5":"has-post-thumbnail","7":"category-tv","8":"tag-entertainment","9":"tag-entretenimiento","10":"tag-es","11":"tag-espana","12":"tag-spain","13":"tag-tv"},"share_on_mastodon":{"url":"https:\/\/pubeurope.com\/@es\/115631021058969145","error":""},"_links":{"self":[{"href":"https:\/\/www.europesays.com\/es\/wp-json\/wp\/v2\/posts\/261449","targetHints":{"allow":["GET"]}}],"collection":[{"href":"https:\/\/www.europesays.com\/es\/wp-json\/wp\/v2\/posts"}],"about":[{"href":"https:\/\/www.europesays.com\/es\/wp-json\/wp\/v2\/types\/post"}],"author":[{"embeddable":true,"href":"https:\/\/www.europesays.com\/es\/wp-json\/wp\/v2\/users\/2"}],"replies":[{"embeddable":true,"href":"https:\/\/www.europesays.com\/es\/wp-json\/wp\/v2\/comments?post=261449"}],"version-history":[{"count":0,"href":"https:\/\/www.europesays.com\/es\/wp-json\/wp\/v2\/posts\/261449\/revisions"}],"wp:featuredmedia":[{"embeddable":true,"href":"https:\/\/www.europesays.com\/es\/wp-json\/wp\/v2\/media\/261450"}],"wp:attachment":[{"href":"https:\/\/www.europesays.com\/es\/wp-json\/wp\/v2\/media?parent=261449"}],"wp:term":[{"taxonomy":"category","embeddable":true,"href":"https:\/\/www.europesays.com\/es\/wp-json\/wp\/v2\/categories?post=261449"},{"taxonomy":"post_tag","embeddable":true,"href":"https:\/\/www.europesays.com\/es\/wp-json\/wp\/v2\/tags?post=261449"}],"curies":[{"name":"wp","href":"https:\/\/api.w.org\/{rel}","templated":true}]}}