{"id":261451,"date":"2025-11-29T04:11:10","date_gmt":"2025-11-29T04:11:10","guid":{"rendered":"https:\/\/www.europesays.com\/es\/261451\/"},"modified":"2025-11-29T04:11:10","modified_gmt":"2025-11-29T04:11:10","slug":"cata-coll-e-irene-paredes-mantienen-viva-a-espana","status":"publish","type":"post","link":"https:\/\/www.europesays.com\/es\/261451\/","title":{"rendered":"Cata Coll e Irene Paredes mantienen viva a Espa\u00f1a"},"content":{"rendered":"<p>Empate de oro para la Roja ante la Selecci\u00f3n germana. Sonia Berm\u00fadez sac\u00f3 un once de gala, con la apuesta por Esther Gonz\u00e1lez en punta de lanza. Alemania, con m\u00e1s de 40.000 espectadores en las gradas, sali\u00f3 mejor, y tuvo dos acercamientos muy peligrosos en los primeros diez minutos. Primero fue Klara B\u00fchl la que envi\u00f3 un bal\u00f3n a las manos de Cata Coll, y despu\u00e9s fue Anyomi la que se anim\u00f3 con un centro-chut que se march\u00f3 desviado por poco. Las locales llevaban la batuta del encuentro. Laia Aleixandri no tard\u00f3 en recibir una cartulina amarilla al intentar cortocircuitar el centro del campo alem\u00e1n. Espa\u00f1a no lograba probar la porter\u00eda de Berger. Todo lo contrario que las de Christian W\u00fcck, que tuvieron una muy clara en las botas de Franziska Kett, pero la lateral zurda perdon\u00f3 sola ante la guardameta mallorquina.\u00a0<\/p>\n<p>Un minuto despu\u00e9s, Irene Paredes sac\u00f3 sobre la misma l\u00ednea de gol un disparo de Jule Brand, que hubiera sido el primera tanto del encuentro. Antes del descanso, de nuevo, Klara B\u00fchl se plant\u00f3 sola ante Cata Coll, que respondi\u00f3 con una formidable parada abajo. El final de la primera parte le vino bien a la Roja, que necesitaba resetear tras una primera mitad donde no hab\u00eda podido encontrar su mejor f\u00fatbol. Tras el paso por vestuarios, Alexia se anim\u00f3 con un chut, el primero de Espa\u00f1a en el partido, pero el lanzamiento de la doble Bal\u00f3n de Oro se march\u00f3 desviado. La m\u00e1s clara fue para Esther Gonz\u00e1lez, que remat\u00f3 un centro de Mariona. Los cambios buscaron cambiar el ritmo del duelo. Eva Navarro entr\u00f3 por parte del lado espa\u00f1ol, y posteriormente, tambi\u00e9n tuvieron minutos Mar\u00eda M\u00e9ndez en defensa y Athenea en ataque.\u00a0<\/p>\n<p><img decoding=\"async\" src=\"https:\/\/www.europesays.com\/es\/wp-content\/uploads\/2025\/11\/_AM_3158.jpg\" style=\"width: 100%;\"\/><\/p>\n<p>Aunque tanto Jule Brand como Klara B\u00fchl segu\u00edan siendo un peligro contante para la zaga espa\u00f1ola, que se defend\u00eda con u\u00f1as y dientes en busca de mantener la porter\u00eda a 0. El palo se ali\u00f3 con Espa\u00f1a para impedir el gol de B\u00fchl, que se invent\u00f3 un lanzamiento que se estrell\u00f3 directamente con la madera. La respuesta fue de Esther Gonz\u00e1lez, que prob\u00f3 fortuna con un disparo raso que se fue a las manos de la portera local. La delantera termin\u00f3 siendo sustituida por Edna Imade, que debut\u00f3 con la Selecci\u00f3n espa\u00f1ola, aunque sin apenas tiempo para brillar en el frente de ataque. A Alemania se le qued\u00f3 corto el resultado, y no pudo superar el muro espa\u00f1ol, mientras que la Roja sali\u00f3 viva de tierras germanas. El Metropolitano dictar\u00e1 sentencia el martes 2 de diciembre a las 18:30H. Un todo o nada en busca de lograr la Nations League.\u00a0<\/p>\n<p><b>La ficha del partido<\/b><\/p>\n<p><b>Alemania:<\/b>\u00a0Ann-Katrin Berger; Giulia Gwinn, Janina Minge, Rebecca Knaak, Franziska Kett; Elisa Senss (Kathrian Hendrich 90+2\u2019), Sjoeke Nusken; Selina Cerci (Alara Sehitler 69\u2019), Jule Brand, Klara B\u00fchl; Nicole Anyomi (Shekiera Mart\u00ednez 73\u2019).<\/p>\n<p><b>Espa\u00f1a:<\/b>\u00a0Cata Coll; Ona Batlle, Irene Paredes, Mapi Le\u00f3n (Mar\u00eda M\u00e9ndez 77\u2019), Olga Carmona; Laia Aleixandri, Aitana Bonmat\u00ed (Athenea del Castillo 77\u2019), Alexia Putellas; Claudia Pina (Eva Navarro 63\u2019), Esther Gonz\u00e1lez (Edna Imade 86\u2019) y Mariona Caldentey.\u00a0<\/p>\n<p><b>\u00c1rbitra principal:<\/b>\u00a0Iuliana Demetrescu. Amonest\u00f3 a Jule Brand por parte de Alemania, y a Laia Aleixandri por Espa\u00f1a.\u00a0<\/p>\n","protected":false},"excerpt":{"rendered":"Empate de oro para la Roja ante la Selecci\u00f3n germana. Sonia Berm\u00fadez sac\u00f3 un once de gala, con&hellip;\n","protected":false},"author":2,"featured_media":261452,"comment_status":"","ping_status":"","sticky":false,"template":"","format":"standard","meta":{"footnotes":""},"categories":[93],"tags":[168,25,24,34963,3714,23,167],"class_list":{"0":"post-261451","1":"post","2":"type-post","3":"status-publish","4":"format-standard","5":"has-post-thumbnail","7":"category-deportes","8":"tag-deportes","9":"tag-es","10":"tag-espana","11":"tag-liga-f","12":"tag-seleccion-espanola","13":"tag-spain","14":"tag-sports"},"share_on_mastodon":{"url":"https:\/\/pubeurope.com\/@es\/115631036473792715","error":""},"_links":{"self":[{"href":"https:\/\/www.europesays.com\/es\/wp-json\/wp\/v2\/posts\/261451","targetHints":{"allow":["GET"]}}],"collection":[{"href":"https:\/\/www.europesays.com\/es\/wp-json\/wp\/v2\/posts"}],"about":[{"href":"https:\/\/www.europesays.com\/es\/wp-json\/wp\/v2\/types\/post"}],"author":[{"embeddable":true,"href":"https:\/\/www.europesays.com\/es\/wp-json\/wp\/v2\/users\/2"}],"replies":[{"embeddable":true,"href":"https:\/\/www.europesays.com\/es\/wp-json\/wp\/v2\/comments?post=261451"}],"version-history":[{"count":0,"href":"https:\/\/www.europesays.com\/es\/wp-json\/wp\/v2\/posts\/261451\/revisions"}],"wp:featuredmedia":[{"embeddable":true,"href":"https:\/\/www.europesays.com\/es\/wp-json\/wp\/v2\/media\/261452"}],"wp:attachment":[{"href":"https:\/\/www.europesays.com\/es\/wp-json\/wp\/v2\/media?parent=261451"}],"wp:term":[{"taxonomy":"category","embeddable":true,"href":"https:\/\/www.europesays.com\/es\/wp-json\/wp\/v2\/categories?post=261451"},{"taxonomy":"post_tag","embeddable":true,"href":"https:\/\/www.europesays.com\/es\/wp-json\/wp\/v2\/tags?post=261451"}],"curies":[{"name":"wp","href":"https:\/\/api.w.org\/{rel}","templated":true}]}}