{"id":261453,"date":"2025-11-29T04:12:13","date_gmt":"2025-11-29T04:12:13","guid":{"rendered":"https:\/\/www.europesays.com\/es\/261453\/"},"modified":"2025-11-29T04:12:13","modified_gmt":"2025-11-29T04:12:13","slug":"guia-para-esquivar-la-gripe-k-y-otros-virus-que-estan-enfermando-a-media-espana","status":"publish","type":"post","link":"https:\/\/www.europesays.com\/es\/261453\/","title":{"rendered":"Gu\u00eda para esquivar la gripe K y otros virus que est\u00e1n enfermando a media Espa\u00f1a"},"content":{"rendered":"\n<p> Un a\u00f1o m\u00e1s, <strong>la epidemia de gripe ya est\u00e1 aqu\u00ed. <\/strong>Eso s\u00ed, este a\u00f1o ha llegado varias semanas antes, como ven\u00edan avisando las <strong>autoridades europeas, <\/strong>que tambi\u00e9n <a href=\"https:\/\/www.elconfidencial.com\/salud\/2025-11-20\/europa-alerta-sobre-la-gripe_4251080\/\" target=\"_blank\" rel=\"nofollow noopener\">alertaban del nuevo linaje del virus A(H3N2)<\/a>, el subclado K. Esta semana conoc\u00edamos que se <a href=\"https:\/\/www.elconfidencial.com\/salud\/2025-11-27\/gripe-fase-epidemia-espana-casos_4255948\/\" target=\"_blank\" rel=\"nofollow noopener\">ha alcanzado el umbral epid\u00e9mico<\/a> tras un nuevo repunte de contagios en los centros de salud durante la \u00faltima semana: se han alcanzado 112,2 casos por cada 100.000 habitantes, frente a los 12,8 que hab\u00eda en el mismo periodo del a\u00f1o pasado. <\/p>\n<p> Pero no solo ha entrado fuerte la <strong>gripe<\/strong>, el \u00faltimo bolet\u00edn epidemiol\u00f3gico del <a href=\"https:\/\/www.elconfidencial.com\/salud\/2025-11-19\/gripe-33-000-hospitalizaciones-en-espana_4250226\/\" target=\"_blank\" rel=\"nofollow noopener\">Instituto de Salud Carlos III<\/a> refleja un <strong>aumento generalizado de todas las infecciones respiratorias<\/strong>, que tambi\u00e9n incluyen el <strong>covid-19<\/strong> y el <strong>virus respiratorio sincitial<\/strong> (VRS), el principal causante de la <strong>bronquiolitis<\/strong>. <\/p>\n<p> Aunque mucha gente menosprecie la gripe, lo cierto es que <strong>cada a\u00f1o causa m\u00e1s de mil muertes en Espa\u00f1a<\/strong>. Una enfermedad que no debemos infravalorar, como se\u00f1ala a este peri\u00f3dico la <strong>Dra. Isabel Jimeno<\/strong>: \u201c<strong>La gripe no es un catarro fuerte<\/strong>, es una infecci\u00f3n diferente causada por el <strong>virus de la gripe<\/strong> (influenza), que afecta a todo el organismo y puede causar <strong>complicaciones graves<\/strong>, por ejemplo, cardiovasculares, sobre todo a <strong>personas en riesgo<\/strong>\u201d. \u201cUn catarro es m\u00e1s localizado, en nariz y garganta, suele ser leve y rara vez provoca problemas serios\u201d, apostilla la Dra. <strong>Jimeno<\/strong>, que es responsable <strong>Grupo de Vacunas<\/strong> de la Sociedad Espa\u00f1ola de M\u00e9dicos Generales y de Familia (SEMG). <\/p>\n<p> Con los <strong>virus respiratorios<\/strong> desatados, preguntamos a la especialista qu\u00e9 debemos hacer para esquivarlos este invierno, a lo que responde que \u201clo mejor es <strong>implementar las medidas cl\u00e1sicas de prevenci\u00f3n<\/strong>, en las que tanto insistimos en la <strong>pandemia<\/strong>: <strong>higiene<\/strong> de manos, mantener la distancia con personas con s\u00edntomas, estornudar o toser en el codo, utilizar pa\u00f1uelos desechables, <strong>ventilar espacios cerrados<\/strong>, <a href=\"https:\/\/www.alimente.elconfidencial.com\/bienestar\/2025-01-10\/recuperar-mascarilla-epidemia-gripe-colapso-hospitales_4039449\/\" target=\"_blank\" rel=\"nofollow noopener\">mascarilla<\/a> en espacios cerrados o al estar con <strong>personas vulnerables<\/strong> si estamos con s\u00edntomas y, lo fundamental, la vacunaci\u00f3n contra la gripe\u201d.  <\/p>\n<p>              <img decoding=\"async\" class=\"inTextNews__img\" alt=\"Foto: Centro de salud de Canarias cuando se recuper\u00f3 la mascarilla en 2024. (EFE \/ \u00c1ngel Medina G.) \" src=\"https:\/\/www.europesays.com\/es\/wp-content\/uploads\/2025\/11\/f.elconfidencial.com\/original\/8d7\/67d\/2bf\/8d767d2bf0c345d92858bf5c98bcd6cc.jpg\"  \/>     <\/p>\n<p>TE PUEDE INTERESAR<\/p>\n<p>      <a class=\"inTextNews__title\" href=\"https:\/\/www.elconfidencial.com\/salud\/2025-11-20\/europa-alerta-sobre-la-gripe_4251080\/\" onclick=\"window.ECCO.emit(&#039;amplitude&#039;, { dataEventName: &#039;click_related_article_module&#039;, data: { related_article_url: &#039;https:\/\/www.elconfidencial.com\/salud\/2025-11-20\/europa-alerta-sobre-la-gripe_4251080\/&#039;, related_article_author: &#039;Fran S\u00e1nchez Becerril&#039;, related_article_section: &#039;salud&#039; } })\" rel=\"nofollow noopener\" target=\"_blank\"> Europa alerta sobre la gripe: \u00bfpor qu\u00e9 todo el mundo a tu alrededor est\u00e1 enfermo? <\/a>   <\/p>\n<p>    F. S. B.   <\/p>\n<p> La m\u00e9dico hace especial hincapi\u00e9 en <strong>la importancia de la vacunaci\u00f3n<\/strong> tanto contra la influenza como para el covid-19 y recuerda que deben <strong>vacunarse todos los a\u00f1os los grupos recomendados<\/strong> por las autoridades sanitarias. Adem\u00e1s, aunque no est\u00e9n en los grupos de m\u00e1ximo riesgo, la experta considera especialmente recomendable la vacunaci\u00f3n en: <\/p>\n<ul class=\"bodyList bodyList--unordered\">\n<li class=\"bodyList__item\">Adultos de 18 a 64 a\u00f1os sin patolog\u00edas cr\u00f3nicas, pero con contacto frecuente con grandes grupos (por ejemplo, <strong>transporte p\u00fablico<\/strong> o determinados entornos laborales).<\/li>\n<li class=\"bodyList__item\">Personas que quieren contribuir a la <strong>protecci\u00f3n comunitaria<\/strong>.<\/li>\n<li class=\"bodyList__item\">Quienes desean <strong>proteger su salud y reducir las ausencias<\/strong> laborales por enfermedad.<\/li>\n<\/ul>\n<p>          Sue\u00f1o, estr\u00e9s y alimentaci\u00f3n           <\/p>\n<p> M\u00e1s all\u00e1 de las <strong>vacunas<\/strong> y la higiene, <strong>el estado general del organismo tambi\u00e9n influye<\/strong> en la facilidad con la que \u201cnos engancha\u201d un virus. <\/p>\n<p> \u201cTanto <strong>dormir bien<\/strong>, <strong>no tener estr\u00e9s y una correcta alimentaci\u00f3n<\/strong> ayudan a nuestro <strong>sistema inmunitario<\/strong>\u201d, explica Jimeno. Un <strong>buen descanso<\/strong>, un <strong>nivel de estr\u00e9s razonable<\/strong> y una <strong>dieta equilibrada<\/strong>, rica en frutas, verduras y agua, favorecen que las defensas funcionen mejor y respondan con m\u00e1s eficacia frente a los virus respiratorios. <\/p>\n<p> Y no hay, seg\u00fan recalca, un alimento milagroso o un suplemento concreto que permita \u201cesquivar\u201d la gripe, pero s\u00ed una pauta general: <strong>alimentaci\u00f3n sana y equilibrada como base del sistema inmune<\/strong>. <\/p>\n<p>            Fr\u00edo, abrigos y mitos           <\/p>\n<p> Uno de los cl\u00e1sicos del invierno es el debate sobre si el fr\u00edo \u201cprovoca\u201d catarros o gripe. La respuesta de la <strong>doctora<\/strong> es tajante: <strong>El fr\u00edo no provoca infecciones virales<\/strong>; estas est\u00e1n <strong>causadas por virus<\/strong> y se <strong>contagian de persona a persona<\/strong>. <\/p>\n<p> Entonces, \u00bftiene sentido abrigarse? S\u00ed, pero no por el motivo que solemos creer. Para Jimeno, es importante <strong>mantenerse abrigado para que la temperatura corporal no baje<\/strong> demasiado, porque <strong>el fr\u00edo extremo puede debilitar las defensas<\/strong> y favorecer las infecciones, especialmente en ni\u00f1os y personas vulnerables. No es el fr\u00edo el que \u201ccrea\u201d el virus, pero s\u00ed puede pon\u00e9rselo m\u00e1s f\u00e1cil. <\/p>\n<p>                Gimnasio, <strong>ocio <\/strong>y transporte: \u00bfhay que limitar actividades?           <\/p>\n<p> En cada pico de virus respiratorios reaparece la duda: \u00bfconviene evitar el <strong>gimnasio<\/strong>, el ocio nocturno o el transporte p\u00fablico en hora punta? <\/p>\n<p> \u201cLimitar las actividades en <strong>picos de circulaci\u00f3n del virus<\/strong> tiene sentido desde el <strong>punto de vista epidemiol\u00f3gico<\/strong>\u201d, responde Jimeno, aunque matiza que la decisi\u00f3n debe hacerse \u201cde forma individual y <strong>basada en la evidencia<\/strong>\u201d. <\/p>\n<p>              <img decoding=\"async\" class=\"inTextNews__img\" alt=\"Foto: Los casos de bronquiolitis han ca\u00eddo a partir de la inmunizaci\u00f3n frente al VRS (Foto: iStock)\" src=\"https:\/\/www.europesays.com\/es\/wp-content\/uploads\/2025\/11\/f.elconfidencial.com\/original\/83c\/475\/460\/83c4754604cca0e948776825df6ecaac.jpg\"  \/>     <\/p>\n<p>TE PUEDE INTERESAR<\/p>\n<p>      <a class=\"inTextNews__title\" href=\"https:\/\/www.elconfidencial.com\/salud\/2025-11-22\/proteger-ninos-virus-respiratorio-sincitial_4251759\/\" onclick=\"window.ECCO.emit(&#039;amplitude&#039;, { dataEventName: &#039;click_related_article_module&#039;, data: { related_article_url: &#039;https:\/\/www.elconfidencial.com\/salud\/2025-11-22\/proteger-ninos-virus-respiratorio-sincitial_4251759\/&#039;, related_article_author: &#039;Fran S\u00e1nchez Becerril&#039;, related_article_section: &#039;salud&#039; } })\" rel=\"nofollow noopener\" target=\"_blank\"> Los consejos europeos para proteger a los ni\u00f1os del virus respiratorio sincitial <\/a>   <\/p>\n<p>    El Confidencial   <\/p>\n<p> En el caso de personas con <strong>factores de riesgo<\/strong>, la recomendaci\u00f3n es m\u00e1s clara: mejor <strong>evitar los lugares cerrados y concurridos<\/strong> para proteger su salud durante los periodos de m\u00e1xima circulaci\u00f3n viral. <\/p>\n<p>                Ventilar aunque haga fr\u00edo           <\/p>\n<p> Durante la pandemia se normaliz\u00f3 hablar de <strong>aerosoles<\/strong>, <strong>ventilaci\u00f3n<\/strong> y <strong>CO\u2082<\/strong>. Para la <strong>doctora Jimeno<\/strong>, <strong>esa lecci\u00f3n no deber\u00eda olvidarse<\/strong>: <\/p>\n<p> Aunque fuera haga fr\u00edo, \u201c<strong>es fundamental ventilar espacios cerrados<\/strong>, tanto en casas como en lugares de trabajo, para <a href=\"https:\/\/www.elconfidencial.com\/salud\/2025-11-04\/arranca-la-temporada-de-gripe_4241136\/\" target=\"_blank\" rel=\"nofollow noopener\">reducir la concentraci\u00f3n de virus en el aire<\/a> y prevenir contagios\u201d. Lo ideal, explica, es abrir ventanas y puertas de forma regular y cruzada, varias veces al d\u00eda durante 5\u201310 minutos, en funci\u00f3n del tama\u00f1o del espacio y del n\u00famero de personas que lo ocupan. <\/p>\n<p>            \u00bfTiene sentido seguir usando <strong>mascarilla<\/strong>?           <\/p>\n<p> Otra <strong>herencia de la pandemia<\/strong> es la mascarilla. \u00bfDeber\u00edamos guardarla definitivamente en el caj\u00f3n o <strong>sigue teniendo sentido para esquivar la gripe<\/strong>? <\/p>\n<p> Jimeno recuerda que <strong>el uso de mascarilla en espacios cerrados<\/strong>, transporte p\u00fablico, <strong>hospitales<\/strong> o cuando se est\u00e1 cerca de personas de riesgo sigue siendo \u201cuna medida sencilla y \u00fatil para prevenir contagios\u201d. De hecho, durante la covid-19 se vio que las mascarillas redujeron no solo los casos de SARS-CoV-2, sino tambi\u00e9n los de gripe y otros virus respiratorios. <\/p>\n<p> <strong>La doctora<\/strong> recomienda especialmente su uso en: <\/p>\n<ul class=\"bodyList bodyList--unordered\">\n<li class=\"bodyList__item\">Transporte p\u00fablico<\/li>\n<li class=\"bodyList__item\">Espacios cerrados y mal ventilados<\/li>\n<li class=\"bodyList__item\">Hospitales y centros sanitarios<\/li>\n<li class=\"bodyList__item\">Visitas o contacto estrecho con personas vulnerables (mayores, inmunodeprimidos, embarazadas o pacientes con patolog\u00edas cr\u00f3nicas)<\/li>\n<li class=\"bodyList__item\">Picos epid\u00e9micos de gripe o de alta transmisi\u00f3n de virus respiratorios<\/li>\n<\/ul>\n<p> Respecto al tipo de mascarilla, <strong>diferencia claramente entre quir\u00fargica y FFP2<\/strong>: <\/p>\n<ul class=\"bodyList bodyList--unordered\">\n<li class=\"bodyList__item\">Mascarilla quir\u00fargica: evita la dispersi\u00f3n de got\u00edculas por parte de quien la lleva. Es decir, protege sobre todo a los dem\u00e1s.<\/li>\n<li class=\"bodyList__item\">Mascarilla FFP2: ofrece mayor filtraci\u00f3n de part\u00edculas en suspensi\u00f3n, incluidos aerosoles, se ajusta mejor a la cara y filtra hasta el 94% de las part\u00edculas. Protege mejor al usuario, por lo que se recomienda en situaciones y personas de mayor riesgo.<\/li>\n<\/ul>\n<p> Aunque las quir\u00fargicas \u201cson una buena opci\u00f3n para la mayor\u00eda\u201d, la <strong>FFP2<\/strong> aporta \u201c<strong>una protecci\u00f3n superior<\/strong>\u201d en contextos de <a href=\"https:\/\/www.elconfidencial.com\/salud\/2025-11-20\/europa-alerta-sobre-la-gripe_4251080\/\" target=\"_blank\" rel=\"nofollow noopener\">alto riesgo<\/a> o para los m\u00e1s vulnerables. <\/p>\n","protected":false},"excerpt":{"rendered":"Un a\u00f1o m\u00e1s, la epidemia de gripe ya est\u00e1 aqu\u00ed. Eso s\u00ed, este a\u00f1o ha llegado varias semanas&hellip;\n","protected":false},"author":2,"featured_media":261454,"comment_status":"","ping_status":"","sticky":false,"template":"","format":"standard","meta":{"footnotes":""},"categories":[92],"tags":[25,24,165,166,23],"class_list":{"0":"post-261453","1":"post","2":"type-post","3":"status-publish","4":"format-standard","5":"has-post-thumbnail","7":"category-salud","8":"tag-es","9":"tag-espana","10":"tag-health","11":"tag-salud","12":"tag-spain"},"share_on_mastodon":{"url":"https:\/\/pubeurope.com\/@es\/115631040650617444","error":""},"_links":{"self":[{"href":"https:\/\/www.europesays.com\/es\/wp-json\/wp\/v2\/posts\/261453","targetHints":{"allow":["GET"]}}],"collection":[{"href":"https:\/\/www.europesays.com\/es\/wp-json\/wp\/v2\/posts"}],"about":[{"href":"https:\/\/www.europesays.com\/es\/wp-json\/wp\/v2\/types\/post"}],"author":[{"embeddable":true,"href":"https:\/\/www.europesays.com\/es\/wp-json\/wp\/v2\/users\/2"}],"replies":[{"embeddable":true,"href":"https:\/\/www.europesays.com\/es\/wp-json\/wp\/v2\/comments?post=261453"}],"version-history":[{"count":0,"href":"https:\/\/www.europesays.com\/es\/wp-json\/wp\/v2\/posts\/261453\/revisions"}],"wp:featuredmedia":[{"embeddable":true,"href":"https:\/\/www.europesays.com\/es\/wp-json\/wp\/v2\/media\/261454"}],"wp:attachment":[{"href":"https:\/\/www.europesays.com\/es\/wp-json\/wp\/v2\/media?parent=261453"}],"wp:term":[{"taxonomy":"category","embeddable":true,"href":"https:\/\/www.europesays.com\/es\/wp-json\/wp\/v2\/categories?post=261453"},{"taxonomy":"post_tag","embeddable":true,"href":"https:\/\/www.europesays.com\/es\/wp-json\/wp\/v2\/tags?post=261453"}],"curies":[{"name":"wp","href":"https:\/\/api.w.org\/{rel}","templated":true}]}}