{"id":261455,"date":"2025-11-29T04:13:27","date_gmt":"2025-11-29T04:13:27","guid":{"rendered":"https:\/\/www.europesays.com\/es\/261455\/"},"modified":"2025-11-29T04:13:27","modified_gmt":"2025-11-29T04:13:27","slug":"el-extremeno-javier-cercas-sorprende-a-broncano-en-la-revuelta-con-un-regalo-ligado-al-23-f","status":"publish","type":"post","link":"https:\/\/www.europesays.com\/es\/261455\/","title":{"rendered":"El extreme\u00f1o Javier Cercas sorprende a Broncano en &#8216;La Revuelta&#8217; con un regalo ligado al 23-F"},"content":{"rendered":"<p><img fetchpriority=\"high\" class=\"v-a-img\" src=\"https:\/\/www.europesays.com\/es\/wp-content\/uploads\/2025\/11\/cercas-broncano-kfvF-U240384383490FtF-1200x840@Hoy.jpg\" loading=\"eager\" decoding=\"async\" alt=\"Javier Cercas junto a David Broncano\"  width=\"1200\" height=\"840\"\/><\/p>\n<p>Javier Cercas junto a David Broncano          La Revuelta        <\/p>\n<p>El escritor acud\u00eda al programa de TVE acompa\u00f1ado de Eduard Fern\u00e1ndez para presentar la serie de televisi\u00f3n &#8216;Anatom\u00eda de un instante&#8217;, basada en la novela hom\u00f3nima de Cercas<\/p>\n<p><a class=\"v-mdl-ath__fig-a\" href=\"https:\/\/www.hoy.es\/autor\/irene-toribio-7289.html\" title=\"Irene Toribio\" rel=\"nofollow noopener\" target=\"_blank\"><br \/>\n<img decoding=\"async\" class=\"v-mdl-ath__img\" src=\"https:\/\/www.europesays.com\/es\/wp-content\/uploads\/2025\/07\/autor-7289-foto-2.jpeg\" alt=\"Irene Toribio\"\/><br \/>\n<\/a><\/p>\n<p class=\"v-mdl-ath__p v-mdl-ath__p--6\">\nViernes, 28 de noviembre 2025, 09:51<\/p>\n<p class=\"v-p\">Este jueves<strong> &#8216;La Revuelta&#8217;<\/strong> ha vuelto a tener <a href=\"https:\/\/www.hoy.es\/extremadura\/sanguijuelas-guadiana-guillermo-gracia-inundan-revuelta-acento-extremadura-20251104082647-nt.html\" target=\"_blank\" data-voc-vtm-id=\"in-text-traffic\" title=\"acento extreme\u00f1o\" rel=\"nofollow noopener\">acento extreme\u00f1o<\/a>. El escritor <strong>Javier Cercas<\/strong> acud\u00eda al programa de David Broncano acompa\u00f1ado del actor Eduard Fern\u00e1ndez para hablar de &#8216;Anatom\u00eda de un instante&#8217;, la nueva serie de Movistar+ basada en la novela del extreme\u00f1o.<\/p>\n<p class=\"v-p\">La miniserie, que, como la novela, reconstruye el golpe de Estado de Tejero el 23 de febrero de 1981, est\u00e1 protagonizada por \u00c1lvaro Morte, que hace de Adolfo Su\u00e1rez y por Eduard Fern\u00e1ndez, que se mete en la piel del hist\u00f3rico dirigente comunista Santiago Carrillo.<\/p>\n<p><a href=\"http:\/\/www.hoy.es\/extremadura\/escritor-extremeno-javier-cercas-desmiente-version-rey-20251111152230-nt.html#vtm_modulosEngag=mod-rel:culturas:noticia:1:cmp:1-not\" class=\"v-a-link\" aria-label=\"Imagen\" rel=\"nofollow noopener\" target=\"_blank\"><\/p>\n<p><img decoding=\"async\" loading=\"lazy\" src=\"https:\/\/www.europesays.com\/es\/wp-content\/uploads\/2025\/11\/cercas-rey-kDXB--366x256@Hoy.jpg\" class=\"v-a-img\" width=\"258\" height=\"180\" alt=\"\" data-voc-vtm-id=\"in-text-traffic\"\/><\/p>\n<p><\/a><\/p>\n<p class=\"v-p\">Pero m\u00e1s all\u00e1 de hablar de la ficci\u00f3n, Cercas protagoniz\u00f3 un momento de lo m\u00e1s comentado que dej\u00f3 sin palabras a David Broncano al mostrarle un objeto de gran valor hist\u00f3rico muy ligado a los sucesos del 23-F: <strong>una bala real<\/strong> que permaneci\u00f3 en el Congreso tras lo ocurrido.<\/p>\n<p class=\"v-p\">Eso s\u00ed, aunque parec\u00eda el tradicional regalo que el invitado da al presentador del programa de TVE, no lo era&#8230; \u00abNo te la doy. Es para que tengas envidia. Se le cay\u00f3 a un Guardia Civil en el bar del Congreso. Los militares lo saquearon todo en la barra. La otra la tiene el hijo de Adolfo Su\u00e1rez\u00bb, comentaba Cercas, poco antes de entregarle el regalo real: dos de sus libros, &#8216;Anatom\u00eda de un instante&#8217; y &#8216;El loco de Dios en el fin del mundo&#8217;.<\/p>\n<p class=\"v-p\">Pero eso no fue todo. Cercas tambi\u00e9n le entreg\u00f3 un rosario, asegurando que era un regalo del mism\u00edsimo <strong>Papa Francisco<\/strong>: \u00abMe lo regal\u00f3 el Papa Francisco, y yo te lo regalo a ti, para que te proteja. Para que te portes bien, reces y vayas al cielo, que falta te hace\u00bb. Un gesto que dej\u00f3 a Broncano completamente asombrado. \u00abEl Vaticano, por primera vez en la historia, abri\u00f3 sus puertas a un escritor, y me toc\u00f3 a m\u00ed. Nunca hab\u00eda pasado\u00bb, explic\u00f3 Cercas, revelando otro de los momentos inolvidables de la conversaci\u00f3n.<\/p>\n<p>Reporta un error<\/p>\n","protected":false},"excerpt":{"rendered":"Javier Cercas junto a David Broncano La Revuelta El escritor acud\u00eda al programa de TVE acompa\u00f1ado de Eduard&hellip;\n","protected":false},"author":2,"featured_media":261456,"comment_status":"","ping_status":"","sticky":false,"template":"","format":"standard","meta":{"footnotes":""},"categories":[91],"tags":[15093,13289,27994,9029,146,147,25,24,7234,13074,11540,5264,29956,16552,7382,528,6924,23,3156],"class_list":{"0":"post-261455","1":"post","2":"type-post","3":"status-publish","4":"format-standard","5":"has-post-thumbnail","7":"category-entretenimiento","8":"tag-15093","9":"tag-broncano","10":"tag-cercas","11":"tag-david-broncano","12":"tag-entertainment","13":"tag-entretenimiento","14":"tag-es","15":"tag-espana","16":"tag-extremadura","17":"tag-extremeno","18":"tag-febrero","19":"tag-javier","20":"tag-la-revuelta","21":"tag-ligado","22":"tag-regalo","23":"tag-revuelta","24":"tag-sorprende","25":"tag-spain","26":"tag-tve"},"share_on_mastodon":{"url":"https:\/\/pubeurope.com\/@es\/115631045894465078","error":""},"_links":{"self":[{"href":"https:\/\/www.europesays.com\/es\/wp-json\/wp\/v2\/posts\/261455","targetHints":{"allow":["GET"]}}],"collection":[{"href":"https:\/\/www.europesays.com\/es\/wp-json\/wp\/v2\/posts"}],"about":[{"href":"https:\/\/www.europesays.com\/es\/wp-json\/wp\/v2\/types\/post"}],"author":[{"embeddable":true,"href":"https:\/\/www.europesays.com\/es\/wp-json\/wp\/v2\/users\/2"}],"replies":[{"embeddable":true,"href":"https:\/\/www.europesays.com\/es\/wp-json\/wp\/v2\/comments?post=261455"}],"version-history":[{"count":0,"href":"https:\/\/www.europesays.com\/es\/wp-json\/wp\/v2\/posts\/261455\/revisions"}],"wp:featuredmedia":[{"embeddable":true,"href":"https:\/\/www.europesays.com\/es\/wp-json\/wp\/v2\/media\/261456"}],"wp:attachment":[{"href":"https:\/\/www.europesays.com\/es\/wp-json\/wp\/v2\/media?parent=261455"}],"wp:term":[{"taxonomy":"category","embeddable":true,"href":"https:\/\/www.europesays.com\/es\/wp-json\/wp\/v2\/categories?post=261455"},{"taxonomy":"post_tag","embeddable":true,"href":"https:\/\/www.europesays.com\/es\/wp-json\/wp\/v2\/tags?post=261455"}],"curies":[{"name":"wp","href":"https:\/\/api.w.org\/{rel}","templated":true}]}}