{"id":261459,"date":"2025-11-29T04:19:30","date_gmt":"2025-11-29T04:19:30","guid":{"rendered":"https:\/\/www.europesays.com\/es\/261459\/"},"modified":"2025-11-29T04:19:30","modified_gmt":"2025-11-29T04:19:30","slug":"actualidad-buscador-ayto-pinto-es-11","status":"publish","type":"post","link":"https:\/\/www.europesays.com\/es\/261459\/","title":{"rendered":"Actualidad buscador &#8211; ayto-pinto.es"},"content":{"rendered":"<p><strong>\u2022 Un gran espect\u00e1culo, a partir de las 20:00 horas, en la Avenida Antonio L\u00f3pez (frente al Parque Gabriel Mart\u00edn)<\/strong><\/p>\n<p><strong>\u2022 Pasacalles, m\u00fasica y fuegos artificiales, para dar la bienvenida a la Navidad en la ciudad<\/strong><\/p>\n<p>La Navidad llega a Pinto el 5 de diciembre. Y lo har\u00e1 con un gran espect\u00e1culo el pr\u00f3ximo 5 de diciembre, a las 20:00 horas, en la Avenida Antonio L\u00f3pez, frente al Parque Gabriel Mart\u00edn.\u00a0<\/p>\n<p>Las campeonas del Club de Gimnasia R\u00edtmica (GRD Pinto) toman el relevo del CEIP El Prado y ser\u00e1n las protagonistas del Encendido de Luces, como han anunciado el Alcalde de Pinto, Salom\u00f3n Aguado, junto al responsable de Festejos, V\u00edctor Alonso, y la entrenadora To\u00f1i Moreno.\u00a0<\/p>\n<p>Un reconocimiento a la trayectoria del Club, que cuenta conla campeona y subcampeona de Espa\u00f1a,\u00a0Daniela Mim\u00f3\u00a0y\u00a0Ariadna Gonz\u00e1lez, o Roc\u00edo Gallego y Roc\u00edo Illana, que <a href=\"https:\/\/www.ayto-pinto.es\/-\/dos-gimnastas-pinte%C3%B1as-representar%C3%A1n-a-la-ciudad-en-la-copa-base-del-campeonato-de-espa%C3%B1a\" target=\"_blank\" rel=\"nofollow noopener\"><strong>disputar\u00e1n este fin de semana la\u00a0<\/strong><\/a><strong data-end=\"985\" data-start=\"947\"><a href=\"https:\/\/www.ayto-pinto.es\/-\/dos-gimnastas-pinte%C3%B1as-representar%C3%A1n-a-la-ciudad-en-la-copa-base-del-campeonato-de-espa%C3%B1a\" target=\"_blank\" rel=\"nofollow noopener\"><strong>Copa Base del Campeonato de Espa\u00f1a<\/strong><\/a>.<\/strong><\/p>\n<p>El Encendido de Luces arrancar\u00e1 con un Pasacalles de Luz previo a las 19:30, desde el Parque del Egido. Ya en Antonio L\u00f3pez, la m\u00fasica amenizar\u00e1 la espera y habr\u00e1 villancicos de la Banda Municipal de M\u00fasica, actuaci\u00f3n del GRD Pinto, iluminaci\u00f3n y fuegos artificiales.\u00a0<\/p>\n<p>A partir de ah\u00ed arrancar\u00e1 una programaci\u00f3n que, pr\u00f3ximamente, se desvelar\u00e1, incluyendo m\u00fasica, conciertos, teatro, la Villa de la Navidad, Preuvas y la Gran Cabalgata de Reyes Magos.\u00a0<\/p>\n<p><img decoding=\"async\" data-fileentryid=\"1976284\" src=\"https:\/\/www.europesays.com\/es\/wp-content\/uploads\/2025\/11\/a1815f8d-1bfe-b220-746b-e514ff98f4b9\"\/><\/p>\n<p>\u00a0<\/p>\n","protected":false},"excerpt":{"rendered":"\u2022 Un gran espect\u00e1culo, a partir de las 20:00 horas, en la Avenida Antonio L\u00f3pez (frente al Parque&hellip;\n","protected":false},"author":2,"featured_media":261460,"comment_status":"","ping_status":"","sticky":false,"template":"","format":"standard","meta":{"footnotes":""},"categories":[5],"tags":[60617,17,18,65242,209,65241,25,24,24132,13,14,3869,11,22723,19,20,2951,9,7207,10,15,16,23,12,21,22],"class_list":{"0":"post-261459","1":"post","2":"type-post","3":"status-publish","4":"format-standard","5":"has-post-thumbnail","7":"category-titulares","8":"tag-11-noviembre","9":"tag-breaking-news","10":"tag-breakingnews","11":"tag-club-de-gimnasia-ritmica-de-pinto","12":"tag-cultura","13":"tag-encendido-de-luces-2025","14":"tag-es","15":"tag-espana","16":"tag-etiquetas-hemeroteca-2025","17":"tag-featured-news","18":"tag-featurednews","19":"tag-festejos","20":"tag-headlines","21":"tag-hemeroteca-2025","22":"tag-latest-news","23":"tag-latestnews","24":"tag-navidad","25":"tag-news","26":"tag-notas-de-prensa","27":"tag-noticias","28":"tag-noticias-destacadas","29":"tag-noticiasdestacadas","30":"tag-spain","31":"tag-titulares","32":"tag-ultimas-noticias","33":"tag-ultimasnoticias"},"share_on_mastodon":{"url":"https:\/\/pubeurope.com\/@es\/115631067499677031","error":""},"_links":{"self":[{"href":"https:\/\/www.europesays.com\/es\/wp-json\/wp\/v2\/posts\/261459","targetHints":{"allow":["GET"]}}],"collection":[{"href":"https:\/\/www.europesays.com\/es\/wp-json\/wp\/v2\/posts"}],"about":[{"href":"https:\/\/www.europesays.com\/es\/wp-json\/wp\/v2\/types\/post"}],"author":[{"embeddable":true,"href":"https:\/\/www.europesays.com\/es\/wp-json\/wp\/v2\/users\/2"}],"replies":[{"embeddable":true,"href":"https:\/\/www.europesays.com\/es\/wp-json\/wp\/v2\/comments?post=261459"}],"version-history":[{"count":0,"href":"https:\/\/www.europesays.com\/es\/wp-json\/wp\/v2\/posts\/261459\/revisions"}],"wp:featuredmedia":[{"embeddable":true,"href":"https:\/\/www.europesays.com\/es\/wp-json\/wp\/v2\/media\/261460"}],"wp:attachment":[{"href":"https:\/\/www.europesays.com\/es\/wp-json\/wp\/v2\/media?parent=261459"}],"wp:term":[{"taxonomy":"category","embeddable":true,"href":"https:\/\/www.europesays.com\/es\/wp-json\/wp\/v2\/categories?post=261459"},{"taxonomy":"post_tag","embeddable":true,"href":"https:\/\/www.europesays.com\/es\/wp-json\/wp\/v2\/tags?post=261459"}],"curies":[{"name":"wp","href":"https:\/\/api.w.org\/{rel}","templated":true}]}}