{"id":261463,"date":"2025-11-29T04:27:25","date_gmt":"2025-11-29T04:27:25","guid":{"rendered":"https:\/\/www.europesays.com\/es\/261463\/"},"modified":"2025-11-29T04:27:25","modified_gmt":"2025-11-29T04:27:25","slug":"rubit-presentado-chase-audige-segundo-fichaje-al-caer","status":"publish","type":"post","link":"https:\/\/www.europesays.com\/es\/261463\/","title":{"rendered":"Rubit, presentado; Chase Audige, segundo fichaje al caer"},"content":{"rendered":"<p class=\"\"><b>Jornada intensa en el Unicaja con la presentaci\u00f3n del p\u00edvot americano Augustine Rubit<\/b>, el elegido para <a href=\"https:\/\/as.com\/baloncesto\/el-unicaja-anuncia-el-fichaje-de-augustine-rubit-f202511-n\/\" target=\"_self\" rel=\"nofollow noopener\" title=\"https:\/\/as.com\/baloncesto\/el-unicaja-anuncia-el-fichaje-de-augustine-rubit-f202511-n\/\">reemplazar a David Kravish<\/a>. Un molde diferente, ese denominado cuatro y medio de 2.03 metros y 36 a\u00f1os. \u201cEstoy feliz de formar parte de un programa hist\u00f3rico. Para m\u00ed es un honor intentar competir al nivel al que lo est\u00e1 haciendo este equipo. Sab\u00eda del inter\u00e9s del Unicaja desde hace dos semanas. Para m\u00ed es un honor tener la oportunidad de estar aqu\u00ed. Tener la oportunidad de seguir compitiendo al m\u00e1ximo nivel fue muy importante. Este club es uno de los equipos m\u00e1s fuertes de la Liga, incluso de<b>Europa<\/b>. Ya cuando jugaba en <b>Euroliga<\/b>, ten\u00eda la esperanza de jugar aqu\u00ed alg\u00fan d\u00eda. No pod\u00eda dejar pasar esta oportunidad\u201d, explicaba el americano, que llega hasta final de temporada.<\/p>\n<p class=\"\">\u201cEstoy contento de formar parte de esto. He seguido los \u00e9xitos del equipo y a los jugadores que han pasado por aqu\u00ed; para m\u00ed es una gran oportunidad y voy a intentar adaptarme para entrar en ritmo lo antes posible\u201d, dec\u00eda <b>Rubit<\/b>, que llevar\u00e1 el n\u00famero <b>21<\/b>. \u201cEsa es la raz\u00f3n de mis primeros n\u00fameros (se\u00f1alaba una foto suya de su pasado en Euroliga, con el 21). Juanma y yo empezamos a mirar y siempre hab\u00eda jugado con el 21, y he tenido la suerte de que en todos los equipos a los que he ido estaba libre\u201d.<\/p>\n<p><img decoding=\"async\" src=\"https:\/\/www.europesays.com\/es\/wp-content\/uploads\/2025\/11\/M4DQE3YPFZHSLCAJEZO2AUFI5A.jpg\" alt=\"Rubit, presentado; Chase Audige, segundo fichaje al caer\" height=\"2624\" width=\"3936\"   loading=\"lazy\"\/>Rubit, en su presentaci\u00f3n.Mariano Pozo<b>El repaso de Juanma Rodr\u00edguez, con Casta\u00f1eda como centro de atenci\u00f3n.<\/b><\/p>\n<p class=\"\"><b>Por qu\u00e9 Rubit.<\/b> \u201cAlgo que ya sabemos desde que estoy aqu\u00ed, siempre tenemos que estar en el mercado. Ya desde comienzos de temporada manej\u00e1bamos listas de jugadores que no hab\u00edan fichado los equipos. Hay que estar en el mercado por las circunstancias que puedan pasar. Pas\u00f3 lo de David y ya sabemos c\u00f3mo est\u00e1 el mercado de baloncesto, con dos equipos m\u00e1s de <b>Euroliga<\/b>, con los mercados asi\u00e1ticos<b> (China, Indonesia, Taiw\u00e1n)<\/b>, que hace que sea muy dif\u00edcil acceder a jugadores. Es muy dif\u00edcil acceder a jugadores. Nos lleg\u00f3 la informaci\u00f3n de que Rubit terminaba contrato el d\u00eda <b>23 <\/b>de noviembre, bien es cierto que lo intentamos incorporar antes, pero al final decidimos que cumpliera su contrato\u201d.<\/p>\n<p class=\"\">\u201cCuando tuvimos noticias de que \u00e9l ten\u00eda esa situaci\u00f3n contractual, hablamos con <b>Ibon <\/b>y coincidimos en que pudiese ser ese jugador que nos ayudar, pese al pasaporte extracomunitario. En \u00e9l se re\u00fanen muchas caracter\u00edsticas que nos pueden venir bien: una experiencia en el baloncesto europeo, una persona que creo que va a tener una adaptaci\u00f3n r\u00e1pida a nuestro sistema, que conoce el juego, y que creo que aqu\u00ed se le va a cuidar. \u00c9l lo sabe para que nos d\u00e9 un rendimiento, quiz\u00e1s no tantos como en <b>Lietkabelis<\/b>, pero s\u00ed en pocos minutos. Pens\u00e1bamos que iba a ser m\u00e1s complicado encontrar un jugador de mayores garant\u00edas que <b>Augustine<\/b>\u201d, explicaba el director deportivo malague\u00f1o.<\/p>\n<p><img decoding=\"async\" src=\"https:\/\/www.europesays.com\/es\/wp-content\/uploads\/2025\/11\/YIPD4YCL5VCAFNZOJ3KFA2S5ZQ.jpg\" alt=\"Rubit, presentado; Chase Audige, segundo fichaje al caer\" height=\"2624\" width=\"3936\"   loading=\"lazy\"\/>Juanma Rodr\u00edguez interviene en la presentaci\u00f3n de Rubit.Mariano Pozo<\/p>\n<p class=\"\"><b>Xavier Casta\u00f1eda. <\/b>\u201cSiempre estamos en el mercado para cualquier situaci\u00f3n que se pueda producir. A pesar de que su actitud es impresionante, c\u00f3mo trabaja d\u00eda a d\u00eda, por unas cosas u otras las cosas no est\u00e1n saliendo, entonces tenemos que estar pendientes del mercado por si hay alguien que pueda mejorar la situaci\u00f3n de estar aqu\u00ed. Ahora hay que estar con los dedos cruzados porque tenemos seis jugadores, m\u00e1s Marcus Moller, m\u00e1s una jugadora del femenino (Cesarina Capell\u00e1n). Tenemos que estar en el mercado por cualquier cosa que pueda ocurrir. Augustine tiene pasaporte americano y ahora es m\u00e1s complejo encontrar un jugador europeo, americano con pasaporte, coton\u00fa. Hay diferentes opciones, pero no son sencillas, con el suficiente nivel para poder venir a jugar aqu\u00ed o que nos puedan ayudar para hacer mejor al equipo. <b>En ello vamos a estar siempre. Hay que estar preparado porque no sabes qu\u00e9 puede ocurrir\u201d<\/b>, dec\u00eda Juanma Rodr\u00edguez, antes de conocerse el inter\u00e9s del club en Chase Audige.<\/p>\n<p class=\"\">\u201cTenemos que ser inteligentes. Tenemos seis jugadores en las Ventanas, dos de ellos bases. Vamos a ver c\u00f3mo juegan en las Ventanas, c\u00f3mo llegan, y a partir de ah\u00ed tomaremos decisiones. No queremos perjudicar al chico. Os pongo el ejemplo de <b>Zaragoza<\/b>, donde \u00e9l no juega nada, y estaba celebrando cada canasta con una actitud fant\u00e1stica. La gente lo quiere mucho dentro del equipo. Todos estamos tristes por esa situaci\u00f3n, pero hay que ser inteligentes y esperar; y a partir de ah\u00ed tomar decisiones\u201d, desarrollaba.<\/p>\n<p><b>\u00bfQui\u00e9n es Chase Audige?<\/b><\/p>\n<p class=\"\"><b>Chase Audige<\/b>, jugador exterior de 26 a\u00f1os y 1,93 metros, es el elegido por el Unicaja para cubrir la vacante dejada por Xavier Casta\u00f1eda. <b>El estadounidense, con pasaporte coton\u00fa (Jamaica)<\/b>. No ocupa plaza de extracomunitario. Inici\u00f3 el curso en el Bosna Sarajevo, donde ha competido en la ABA League y la FIBA Europe Cup. El inter\u00e9s lo adelant\u00f3 el periodista Chema de Lucas y lo pudo confirmar As.<\/p>\n<p class=\"\">Audige ya se cruz\u00f3 con el Unicaja la pasada temporada vistiendo la camiseta del <b>Filou Oostende<\/b>, habitual rival malague\u00f1o en la<b> Basketball Champions League<\/b>. Sus dos enfrentamientos fueron pr\u00e1cticamente un calco en producci\u00f3n: 15 puntos, 4 rebotes y entre 3 y 4 asistencias por partido, ambos saldados con victorias del conjunto de Ibon Navarro. En esa campa\u00f1a firm\u00f3<b> 14,8 puntos, con un 39% en tiros de campo y 33% desde el triple, adem\u00e1s de 4,1 rebotes y 3,1 asistencias de media.<\/b><\/p>\n<p><img decoding=\"async\" src=\"https:\/\/www.europesays.com\/es\/wp-content\/uploads\/2025\/11\/ABSQ52N7KNABLDL2C76AG2Q4IE.jpeg\" alt=\"Rubit, presentado; Chase Audige, segundo fichaje al caer\" height=\"801\" width=\"1200\"   loading=\"lazy\"\/>Audige, con Oostende en BCL.<\/p>\n<p class=\"\">En su paso por el <b>Bosna Sarajevo, Audige <\/b>estaba promediando 13,5 puntos, 1,5 asistencias y 1,3 rebotes en la Europe Cup, competici\u00f3n en la que ya se midi\u00f3 al UCAM Murcia. Tras su etapa universitaria en la NCAA, pas\u00f3 por la G League en las estructuras vinculadas a <b>Washington y Chicago<\/b>, antes de dar el salto a <b>Europa con Oostende.<\/b><\/p>\n<p>Noticias relacionadas<a href=\"https:\/\/as.com\/baloncesto\/la-guardia-pretoriana-de-chus-mateo-f202511-n\/\" class=\"s_m_w\" title=\"El madrile\u00f1o se ha rodeado de ayudantes de confianza. Alguno, como Guillermo Frutos, con una historia sorprendente. A Paco Aurioles lo conoce desde hace m\u00e1s de veinte a\u00f1os.\" data-tb-link=\"\" rel=\"nofollow noopener\" target=\"_blank\"><img decoding=\"async\" src=\"https:\/\/www.europesays.com\/es\/wp-content\/uploads\/2025\/11\/ULUZZMHZSVJBRFLKTQHZOYLSVY.jpg\" alt=\"La guardia pretoriana de Chus Mateo\" class=\"\" height=\"9\" width=\"16\"   loading=\"lazy\" data-tb-thumbnail=\"\"\/><\/a><a href=\"https:\/\/as.com\/baloncesto\/augustine-rubit-ya-esta-el-malaga-f202511-n\/\" class=\"s_m_w\" title=\"El nuevo fichaje del Unicaja pasar\u00e1 reconocimiento m\u00e9dico en las pr\u00f3ximas horas antes de ser presentado. Llega hasta final de temporada.\" data-tb-link=\"\" rel=\"nofollow noopener\" target=\"_blank\"><img decoding=\"async\" src=\"https:\/\/www.europesays.com\/es\/wp-content\/uploads\/2025\/11\/WRWCVRTOURAXFFGIGJAN55XXKA.jpeg\" alt=\"Augustine Rubit ya est\u00e1 el M\u00e1laga\" class=\"\" height=\"9\" width=\"16\"   loading=\"lazy\" data-tb-thumbnail=\"\"\/><\/a><\/p>\n<p class=\"\">El Unicaja lleva semanas buscando un perfil diferente al de Casta\u00f1eda para reequilibrar el per\u00edmetro. Con Audige pretende sumar m\u00e1s f\u00edsico, mayor impacto defensivo y un exterior capaz de aguantar contactos, gracias a su robustez y a una envergadura de 2,15 metros que le permite ser muy agresivo hacia el aro. En pleno proceso final de negociaci\u00f3n, el jugador se encuentra concentrado con Jamaica para las ventanas FIBA, con doble enfrentamiento ante Puerto Rico este s\u00e1bado y el 2 de diciembre.<\/p>\n<p class=\"\"><b>\u00a1Tus opiniones importan!<\/b> Comenta en los art\u00edculos y suscr\u00edbete gratis a nuestra <a href=\"https:\/\/asfan.as.com\/newsletters\/\" target=\"_blank\" rel=\"nofollow noopener\" title=\"https:\/\/asfan.as.com\/newsletters\/\">newsletter<\/a> y a las alertas informativas en la <a href=\"https:\/\/as.com\/aplicacion-de-as-n\/\" target=\"_blank\" rel=\"nofollow noopener\" title=\"https:\/\/as.com\/aplicacion-de-as-n\/\">App<\/a> o el canal de <a href=\"https:\/\/www.whatsapp.com\/channel\/0029VaAasdA7j6g745nz9M10\" target=\"_blank\" rel=\"nofollow noopener\" title=\"https:\/\/www.whatsapp.com\/channel\/0029VaAasdA7j6g745nz9M10\">WhatsApp<\/a>. \u00bfBuscas licenciar contenido? Haz clic <a href=\"https:\/\/profesional.elpais.com\/soluciones-sindicacion?utm_medium=interno&amp;utm_source=crosslinking&amp;utm_campaign=sindicacion_as_pie_articulos\" target=\"_blank\" rel=\"nofollow noopener\" title=\"https:\/\/profesional.elpais.com\/soluciones-sindicacion?utm_medium=interno&amp;utm_source=crosslinking&amp;utm_campaign=sindicacion_as_pie_articulos\">aqu\u00ed<\/a><\/p>\n","protected":false},"excerpt":{"rendered":"Jornada intensa en el Unicaja con la presentaci\u00f3n del p\u00edvot americano Augustine Rubit, el elegido para reemplazar a&hellip;\n","protected":false},"author":2,"featured_media":261464,"comment_status":"","ping_status":"","sticky":false,"template":"","format":"standard","meta":{"footnotes":""},"categories":[269],"tags":[299,298,168,25,24,23,167],"class_list":{"0":"post-261463","1":"post","2":"type-post","3":"status-publish","4":"format-standard","5":"has-post-thumbnail","7":"category-baloncesto","8":"tag-baloncesto","9":"tag-basketball","10":"tag-deportes","11":"tag-es","12":"tag-espana","13":"tag-spain","14":"tag-sports"},"share_on_mastodon":{"url":"https:\/\/pubeurope.com\/@es\/115631099191137970","error":""},"_links":{"self":[{"href":"https:\/\/www.europesays.com\/es\/wp-json\/wp\/v2\/posts\/261463","targetHints":{"allow":["GET"]}}],"collection":[{"href":"https:\/\/www.europesays.com\/es\/wp-json\/wp\/v2\/posts"}],"about":[{"href":"https:\/\/www.europesays.com\/es\/wp-json\/wp\/v2\/types\/post"}],"author":[{"embeddable":true,"href":"https:\/\/www.europesays.com\/es\/wp-json\/wp\/v2\/users\/2"}],"replies":[{"embeddable":true,"href":"https:\/\/www.europesays.com\/es\/wp-json\/wp\/v2\/comments?post=261463"}],"version-history":[{"count":0,"href":"https:\/\/www.europesays.com\/es\/wp-json\/wp\/v2\/posts\/261463\/revisions"}],"wp:featuredmedia":[{"embeddable":true,"href":"https:\/\/www.europesays.com\/es\/wp-json\/wp\/v2\/media\/261464"}],"wp:attachment":[{"href":"https:\/\/www.europesays.com\/es\/wp-json\/wp\/v2\/media?parent=261463"}],"wp:term":[{"taxonomy":"category","embeddable":true,"href":"https:\/\/www.europesays.com\/es\/wp-json\/wp\/v2\/categories?post=261463"},{"taxonomy":"post_tag","embeddable":true,"href":"https:\/\/www.europesays.com\/es\/wp-json\/wp\/v2\/tags?post=261463"}],"curies":[{"name":"wp","href":"https:\/\/api.w.org\/{rel}","templated":true}]}}