{"id":261465,"date":"2025-11-29T04:28:11","date_gmt":"2025-11-29T04:28:11","guid":{"rendered":"https:\/\/www.europesays.com\/es\/261465\/"},"modified":"2025-11-29T04:28:11","modified_gmt":"2025-11-29T04:28:11","slug":"vitor-roque-de-llorar-por-dejar-el-barca-a-la-final-de-la-libertadores","status":"publish","type":"post","link":"https:\/\/www.europesays.com\/es\/261465\/","title":{"rendered":"Vitor Roque, de llorar por dejar el Bar\u00e7a a la final de la Libertadores"},"content":{"rendered":"<p data-gtm-element-container=\"modulo-texto-link\" class=\"paragraph\"><strong>Vitor Roque (20 a\u00f1os)\u00a0<\/strong>puede ganar este s\u00e1bado su primer gran t\u00edtulo internacional como futbolista profesional tras intentar, sin \u00e9xito, estrenar su palmar\u00e9s en el<strong> FC Barcelona<\/strong>. El delantero brasile\u00f1o, que se fue del club azulgrana entre l\u00e1grimas, tal y como confes\u00f3 posteriormente \u00e9l mismo, juega hoy la final de la Copa Libertadores con el <strong>Palmeiras<\/strong> frente al <strong>Flamengo <\/strong>(22.00 horas \/ Movistar Vamos, Movistar Liga de Campeones), en un duelo a partido \u00fanico que se disputar\u00e1 en el Monumental de Lima.<\/p>\n<p data-gtm-element-container=\"modulo-texto-link\" class=\"paragraph\">Roque regres\u00f3 a su pa\u00eds para relanzar su carrera futbol\u00edstica tras su ef\u00edmero paso por el <strong>Bar\u00e7a <\/strong>y hoy podr\u00eda comenzar a recoger sus primeros frutos. El \u2018<strong>tigrinho<\/strong>\u2019 llega a la cita en un gran estado de forma, habi\u00e9ndose convertido en uno de los jugadores franquicia del conjunto verde, siendo el m\u00e1ximo goleador del equipo en la Serie A brasile\u00f1a, con 16 tantos, y habiendo contribuido a la clasificaci\u00f3n para la final de la Libertadores con 4 goles y 2 asistencias en 10 partidos.<\/p>\n<p data-gtm-element-container=\"modulo-texto-link\" class=\"paragraph\">En la vuelta de las semifinales contra el Liga de Quito, Roque dio la asistencia de gol que igualaba la eliminatoria a veinte minutos del final y que preceder\u00eda el hist\u00f3rico tanto de Veiga, de penalti, que dio el pase a los brasile\u00f1os a una final que no jugaba desde 2021, cuando l a gan\u00f3 precisamente ante el <strong>Flamengo<\/strong>.<\/p>\n<p>    Lee tambi\u00e9n<\/p>\n<p data-gtm-element-container=\"modulo-texto-link\" class=\"paragraph\">En caso de imponerse, no s\u00f3lo se llevar\u00e1 el prestigioso trofeo sino que adem\u00e1s su equipo ganar\u00e1 el billete a la Copa Intercontinental y al  Mundial de Clubs, est\u00e1 \u00faltima, competici\u00f3n que <strong>Vitor Roque<\/strong> ya  jug\u00f3 el verano pasado.<\/p>\n","protected":false},"excerpt":{"rendered":"Vitor Roque (20 a\u00f1os)\u00a0puede ganar este s\u00e1bado su primer gran t\u00edtulo internacional como futbolista profesional tras intentar, sin&hellip;\n","protected":false},"author":2,"featured_media":261466,"comment_status":"","ping_status":"","sticky":false,"template":"","format":"standard","meta":{"footnotes":""},"categories":[268],"tags":[168,25,24,280,282,281,23,167],"class_list":{"0":"post-261465","1":"post","2":"type-post","3":"status-publish","4":"format-standard","5":"has-post-thumbnail","7":"category-futbol","8":"tag-deportes","9":"tag-es","10":"tag-espana","11":"tag-football","12":"tag-futbol","13":"tag-soccer","14":"tag-spain","15":"tag-sports"},"share_on_mastodon":{"url":"https:\/\/pubeurope.com\/@es\/115631102630740708","error":""},"_links":{"self":[{"href":"https:\/\/www.europesays.com\/es\/wp-json\/wp\/v2\/posts\/261465","targetHints":{"allow":["GET"]}}],"collection":[{"href":"https:\/\/www.europesays.com\/es\/wp-json\/wp\/v2\/posts"}],"about":[{"href":"https:\/\/www.europesays.com\/es\/wp-json\/wp\/v2\/types\/post"}],"author":[{"embeddable":true,"href":"https:\/\/www.europesays.com\/es\/wp-json\/wp\/v2\/users\/2"}],"replies":[{"embeddable":true,"href":"https:\/\/www.europesays.com\/es\/wp-json\/wp\/v2\/comments?post=261465"}],"version-history":[{"count":0,"href":"https:\/\/www.europesays.com\/es\/wp-json\/wp\/v2\/posts\/261465\/revisions"}],"wp:featuredmedia":[{"embeddable":true,"href":"https:\/\/www.europesays.com\/es\/wp-json\/wp\/v2\/media\/261466"}],"wp:attachment":[{"href":"https:\/\/www.europesays.com\/es\/wp-json\/wp\/v2\/media?parent=261465"}],"wp:term":[{"taxonomy":"category","embeddable":true,"href":"https:\/\/www.europesays.com\/es\/wp-json\/wp\/v2\/categories?post=261465"},{"taxonomy":"post_tag","embeddable":true,"href":"https:\/\/www.europesays.com\/es\/wp-json\/wp\/v2\/tags?post=261465"}],"curies":[{"name":"wp","href":"https:\/\/api.w.org\/{rel}","templated":true}]}}