{"id":261467,"date":"2025-11-29T04:29:15","date_gmt":"2025-11-29T04:29:15","guid":{"rendered":"https:\/\/www.europesays.com\/es\/261467\/"},"modified":"2025-11-29T04:29:15","modified_gmt":"2025-11-29T04:29:15","slug":"tengo-una-memoria-extrema-relacionada-con-mi-vida","status":"publish","type":"post","link":"https:\/\/www.europesays.com\/es\/261467\/","title":{"rendered":"Tengo una memoria extrema relacionada con mi vida"},"content":{"rendered":"<p><b>Dabiz Mu\u00f1oz <\/b>confes\u00f3 en El Hormiguero que ten\u00eda hipertimesia, un trastorno que tan solo tienen unas <b>100 personas en todo el mundo<\/b> y que hace que tengan una memoria autobiogr\u00e1fica excepcional. Puede recordar con gran precisi\u00f3n momentos de su pasado, especialmente relacionados con la comida y las experiencias sensoriales.<\/p>\n<p>Otra de esas personas es Sara, que asegura que tiene tambi\u00e9n una memoria prodigiosa. \u00ab<b>Mi primer recuerdo es con dos a\u00f1os<\/b>, recuerdo d\u00f3nde est\u00e1bamos y la conversaci\u00f3n con mi familia\u00bb, nos cuenta.<\/p>\n<p>Sara asegura que lo que m\u00e1s recuerdos le evoca es <b>el olfato<\/b>. \u00abMe pongo hasta triste con ciertos olores, autom\u00e1ticamente voy donde estaba en aquel momento\u00bb, se\u00f1ala.<\/p>\n<p>Un trastorno que podr\u00eda ser un superpoder. \u00a1No te pierdas el incre\u00edble testimonio de Sara en el v\u00eddeo de arriba!<\/p>\n","protected":false},"excerpt":{"rendered":"Dabiz Mu\u00f1oz confes\u00f3 en El Hormiguero que ten\u00eda hipertimesia, un trastorno que tan solo tienen unas 100 personas&hellip;\n","protected":false},"author":2,"featured_media":261468,"comment_status":"","ping_status":"","sticky":false,"template":"","format":"standard","meta":{"footnotes":""},"categories":[174],"tags":[255,146,147,25,24,256,23],"class_list":{"0":"post-261467","1":"post","2":"type-post","3":"status-publish","4":"format-standard","5":"has-post-thumbnail","7":"category-famosos","8":"tag-celebrities","9":"tag-entertainment","10":"tag-entretenimiento","11":"tag-es","12":"tag-espana","13":"tag-famosos","14":"tag-spain"},"share_on_mastodon":{"url":"https:\/\/pubeurope.com\/@es\/115631106482911621","error":""},"_links":{"self":[{"href":"https:\/\/www.europesays.com\/es\/wp-json\/wp\/v2\/posts\/261467","targetHints":{"allow":["GET"]}}],"collection":[{"href":"https:\/\/www.europesays.com\/es\/wp-json\/wp\/v2\/posts"}],"about":[{"href":"https:\/\/www.europesays.com\/es\/wp-json\/wp\/v2\/types\/post"}],"author":[{"embeddable":true,"href":"https:\/\/www.europesays.com\/es\/wp-json\/wp\/v2\/users\/2"}],"replies":[{"embeddable":true,"href":"https:\/\/www.europesays.com\/es\/wp-json\/wp\/v2\/comments?post=261467"}],"version-history":[{"count":0,"href":"https:\/\/www.europesays.com\/es\/wp-json\/wp\/v2\/posts\/261467\/revisions"}],"wp:featuredmedia":[{"embeddable":true,"href":"https:\/\/www.europesays.com\/es\/wp-json\/wp\/v2\/media\/261468"}],"wp:attachment":[{"href":"https:\/\/www.europesays.com\/es\/wp-json\/wp\/v2\/media?parent=261467"}],"wp:term":[{"taxonomy":"category","embeddable":true,"href":"https:\/\/www.europesays.com\/es\/wp-json\/wp\/v2\/categories?post=261467"},{"taxonomy":"post_tag","embeddable":true,"href":"https:\/\/www.europesays.com\/es\/wp-json\/wp\/v2\/tags?post=261467"}],"curies":[{"name":"wp","href":"https:\/\/api.w.org\/{rel}","templated":true}]}}