{"id":261469,"date":"2025-11-29T04:32:15","date_gmt":"2025-11-29T04:32:15","guid":{"rendered":"https:\/\/www.europesays.com\/es\/261469\/"},"modified":"2025-11-29T04:32:15","modified_gmt":"2025-11-29T04:32:15","slug":"varios-periodistas-se-despacharon-a-gusto","status":"publish","type":"post","link":"https:\/\/www.europesays.com\/es\/261469\/","title":{"rendered":"Varios periodistas se despacharon a gusto"},"content":{"rendered":"<p class=\"c-paragraph\">Contin\u00faa <b>la presi\u00f3n sobre RTVE<\/b> por parte de la derecha pol\u00edtica, pol\u00e9mica sobre la que <b>Jos\u00e9 Pablo L\u00f3pez se ha pronunciado<\/b> este jueves en la Comisi\u00f3n Mixta de control parlamentario de la corporaci\u00f3n p\u00fablica. El presidente de RTVE ha sido muy claro cuando le han preguntado si considera que <b>se intenta \u00abdeslegitimar\u00bb a la cadena p\u00fablica. \u00a0<\/b><\/p>\n<p class=\"c-paragraph\">\u00abS\u00ed, se quiere deslegitimar el trabajo de RTVE\u00a0y <b>se hace ahora, cuando la televisi\u00f3n p\u00fablica crece en espectadores<\/b>, lidera muchas franjas de emisi\u00f3n y recibe premios, sin ir m\u00e1s lejos ayer.\u00a0<b>La televisi\u00f3n p\u00fablica molesta cuando es competitiva\u00bb,<\/b> ha asegurado el presidente de la cadena p\u00fablica.\u00a0<\/p>\n<p class=\"c-paragraph\">Jos\u00e9 Pablo L\u00f3pez ha asegurado que, <b>aunque a RTVE \u00abse le puede achacar muchas cosas\u00bb, la \u00abfalta de pluralidad\u00bb no es una de ellas<\/b>. \u00abSolamente hay que ver la composici\u00f3n de las mesas de tertulia de las televisiones auton\u00f3micas, (&#8230;) y compararlas con las de RTVE\u00bb, ha a\u00f1adido el presidente de la televisi\u00f3n p\u00fablica.\u00a0<\/p>\n<p class=\"c-paragraph\">El dirigente tambi\u00e9n ha aprovechado para dirigirse a <b>Rosal\u00eda y agradecerle que aceptase ir a La Revuelta<\/b>, lo que otorg\u00f3 a la cadena y al programa el r\u00e9cord de audiencia. <b>\u00abEs un gesto de militancia en lo p\u00fablico<\/b> por el cual yo le agradezco mucho que estuviera\u00bb, ha comentado.<\/p>\n<p class=\"c-paragraph\">A ra\u00edz de ese ejemplo, y sin nombrar directamente al programa, Jos\u00e9 Pablo L\u00f3pez se ha referido a <b>lo que al d\u00eda siguiente se coment\u00f3 en El Hormiguero<\/b>. \u00abDesde otro programa que se emite en la competencia, varios periodistas se despacharon a gusto y\u00a0<b>dijeron directamente que las televisiones p\u00fablicas deber\u00edan ser fulminadas<\/b>\u00ab, ha expresado el presidente de RTVE.\u00a0<\/p>\n<p class=\"c-paragraph\">\u00abEs decir,\u00a0<b>periodistas en prime time pidiendo el cierre de medios de comunicaci\u00f3n<\/b>. Todav\u00eda nos quedan cosas por ver.\u00a0Es verdad que puede ser que incluso pidan en un momento concreto el cierre de su propio medio.\u00a0Todo ser\u00e1 hasta que visiten los pasillos de Prado del Rey y entonces ya no les parezca mal lo que se hace en Prado del Rey\u00bb, ha continuado Jos\u00e9 Pablo L\u00f3pez.\u00a0<\/p>\n<p class=\"c-paragraph\">El dirigente de la televisi\u00f3n p\u00fablica ha respondido a las declaraciones que minutos antes daba una portavoz del PP bas\u00e1ndose en\u00a0un <b>informe del Instituto Juan de Mariana<\/b> que asegura que los contenidos en RTVE apuntan mucho m\u00e1s contra el PP que contra el PSOE. \u00abNo puedo compartir que desde determinados sectores\u00a0se difundan <b>bulos y titulares que solamente buscan presionar medi\u00e1ticamente\u00bb,<\/b> ha replicado.\u00a0<\/p>\n<p class=\"c-paragraph\">Sobre el Instituto Juan de Mariana, Jos\u00e9 Pablo L\u00f3pez ha asegurado que est\u00e1 \u00abliderado por <b>personalidades que son bastante afines a cierta corriente liberal<\/b> que se produce en la Comunidad de Madrid, y que son tambi\u00e9n admiradores de la motosierra del argentino Javier Milei\u00bb.\u00a0<\/p>\n<p class=\"c-paragraph\">\u00abEl estudio <b>concluye con que hay que privatizar el servicio p\u00fablico<\/b>, como no pod\u00eda ser de otra manera.\u00a0Y a m\u00ed esto me parece que se merece una reflexi\u00f3n.\u00a0O sea, privatizamos el servicio p\u00fablico\u00bb, ha continuado en la Comisi\u00f3n Mixta.\u00a0<\/p>\n<p class=\"c-paragraph\">El presidente de RTVE se ha referido tambi\u00e9n a las palabras del diputado del PP Eduardo Carazo sobre la supuesta manipulaci\u00f3n de Silvia Intxaurrondo.<b> \u00abNos acusa de manipular por no coincidir con el relato de su partido\u00bb, <\/b>ha comentado. \u00abLo que ustedes est\u00e1n haciendo en los \u00faltimos tiempos es un\u00a0<b>intento de intimidar a los profesionales de la televisi\u00f3n p\u00fablica<\/b>. De disciplinar a los medios que ustedes no controlan\u00bb, ha a\u00f1adido Jos\u00e9 Pablo L\u00f3pez.\u00a0<\/p>\n<p class=\"c-paragraph\">El periodista ha aclarado que <b>no es cuesti\u00f3n \u00abde ideolog\u00eda\u00bb sino de \u00ablibertad de prensa y de expresi\u00f3n\u00bb<\/b>. \u00abCreo que est\u00e1n tensionando al exceso su relaci\u00f3n con la televisi\u00f3n y radio p\u00fablica\u00bb, ha sentenciado.<\/p>\n<p class=\"c-paragraph\">Finalmente, Jos\u00e9 Pablo L\u00f3pez ha respondido a <b>las cr\u00edticas al tratamiento informativo<\/b> de los programas de RTVE y, dirigi\u00e9ndose al PP, ha asegurado que \u00abse puede acatar y debatir una sentencia\u00bb y les ha recordado que no son ellos \u00ablos que tienen control editorial\u00bb. <b>\u00abAcusan a RTVE de golpismo con facilidad,<\/b> y luego <b>tienen dificultades para marcar distancias con el franquismo\u00bb,<\/b> ha concluido contundente.\u00a0<\/p>\n","protected":false},"excerpt":{"rendered":"Contin\u00faa la presi\u00f3n sobre RTVE por parte de la derecha pol\u00edtica, pol\u00e9mica sobre la que Jos\u00e9 Pablo L\u00f3pez&hellip;\n","protected":false},"author":2,"featured_media":261470,"comment_status":"","ping_status":"","sticky":false,"template":"","format":"standard","meta":{"footnotes":""},"categories":[171],"tags":[146,147,25,24,2467,7355,618,10596,7745,23,214],"class_list":{"0":"post-261469","1":"post","2":"type-post","3":"status-publish","4":"format-standard","5":"has-post-thumbnail","7":"category-tv","8":"tag-entertainment","9":"tag-entretenimiento","10":"tag-es","11":"tag-espana","12":"tag-jose","13":"tag-lopez","14":"tag-pablo","15":"tag-pronuncia","16":"tag-se","17":"tag-spain","18":"tag-tv"},"share_on_mastodon":{"url":"https:\/\/pubeurope.com\/@es\/115631118355898850","error":""},"_links":{"self":[{"href":"https:\/\/www.europesays.com\/es\/wp-json\/wp\/v2\/posts\/261469","targetHints":{"allow":["GET"]}}],"collection":[{"href":"https:\/\/www.europesays.com\/es\/wp-json\/wp\/v2\/posts"}],"about":[{"href":"https:\/\/www.europesays.com\/es\/wp-json\/wp\/v2\/types\/post"}],"author":[{"embeddable":true,"href":"https:\/\/www.europesays.com\/es\/wp-json\/wp\/v2\/users\/2"}],"replies":[{"embeddable":true,"href":"https:\/\/www.europesays.com\/es\/wp-json\/wp\/v2\/comments?post=261469"}],"version-history":[{"count":0,"href":"https:\/\/www.europesays.com\/es\/wp-json\/wp\/v2\/posts\/261469\/revisions"}],"wp:featuredmedia":[{"embeddable":true,"href":"https:\/\/www.europesays.com\/es\/wp-json\/wp\/v2\/media\/261470"}],"wp:attachment":[{"href":"https:\/\/www.europesays.com\/es\/wp-json\/wp\/v2\/media?parent=261469"}],"wp:term":[{"taxonomy":"category","embeddable":true,"href":"https:\/\/www.europesays.com\/es\/wp-json\/wp\/v2\/categories?post=261469"},{"taxonomy":"post_tag","embeddable":true,"href":"https:\/\/www.europesays.com\/es\/wp-json\/wp\/v2\/tags?post=261469"}],"curies":[{"name":"wp","href":"https:\/\/api.w.org\/{rel}","templated":true}]}}