{"id":261471,"date":"2025-11-29T04:34:24","date_gmt":"2025-11-29T04:34:24","guid":{"rendered":"https:\/\/www.europesays.com\/es\/261471\/"},"modified":"2025-11-29T04:34:24","modified_gmt":"2025-11-29T04:34:24","slug":"me-asusta-la-tendencia-de-ciertos-movimientos-en-estados-unidos-a-empujar-a-las-mujeres-hacia-atras","status":"publish","type":"post","link":"https:\/\/www.europesays.com\/es\/261471\/","title":{"rendered":"\u201cMe asusta la tendencia de ciertos movimientos en Estados Unidos a empujar a las mujeres hacia atr\u00e1s\u201d"},"content":{"rendered":"<p>            Moda<\/p>\n<p>              Con ocho d\u00e9cadas de vida, la actriz, ganadora de un Oscar, encarna<br \/>\n              como nadie el lujo de cumplir: no el de acumular tiempo, sino el<br \/>\n              de habitarlo con una mezcla de arrojo y firmeza, como quien se<br \/>\n              prueba un vestido antiguo y descubre que le sienta mejor que<br \/>\n              nunca.<\/p>\n<p>            <img decoding=\"async\" src=\"https:\/\/www.europesays.com\/es\/wp-content\/uploads\/2025\/11\/mirren-cabecera.webp.webp\" alt=\"Helen Mirren posando para la portada del segundo Bookazine de Magas\"\/><\/p>\n<p>            Fecha de publicaci\u00f3n:<\/p>\n<p>10 noviembre 2024, 1:06h<\/p>\n<p>            Actualizada:<\/p>\n<p>24 noviembre 2024, 21:32h<\/p>\n<p class=\"first-letter\">\n            Sucedi\u00f3 el 8 de febrero de 1975.<br \/>\n            <strong>Una joven actriz llamada Helen Mirren,<\/strong> reconocida<br \/>\n            ya por sus papeles en pel\u00edculas como El mes\u00edas salvaje o<br \/>\n            Un hombre de suerte,<br \/>\n            <strong>acept\u00f3 conceder una entrevista a Michael Parkinson en la . <\/strong>\u00bfEl motivo? Hablar de sus proyectos, sus planes, sus ilusiones. Lo<br \/>\n            que no imaginaba era que el periodista acabar\u00eda pregunt\u00e1ndole por<br \/>\n            sus pechos.\n          <\/p>\n<p>\n            \u201cEres, entre comillas, una actriz seria\u201d, le dijo Parkinson mientras<br \/>\n            acompa\u00f1aba sus palabras con un gesto descarado de las manos. Ella,<br \/>\n            incr\u00e9dula, le pregunt\u00f3 qu\u00e9 quer\u00eda decir exactamente con ese<br \/>\n            comentario. \u201cQue eres lo opuesto a una actriz \u2018no seria\u2019.<br \/>\n            Pero,<strong><br \/>\n              \u00bfno crees, de hecho, que lo que podr\u00edamos llamar tu equipamiento<br \/>\n              impide que puedas ser considerada como tal?<\/strong><br \/>\n            Me refiero a tus atributos f\u00edsicos\u201d, prosigui\u00f3 el comunicador.\n          <\/p>\n<p>\n            Con la elegancia natural que la caracteriza, Mirren \u2014con el cabello<br \/>\n            alborotado y un modern\u00edsimo choker de brillantes en el<br \/>\n            cuello\u2014 lo mir\u00f3 a los ojos, seria, serena, mientras \u00e9l le ojeaba el<br \/>\n            escote. \u201c\u00bfTe refieres a mis dedos? \u00bfO acaso crees que las actrices<br \/>\n            serias no pueden tener pechos grandes?<br \/>\n            <strong>Qu\u00e9 mal si la gente est\u00e1 obsesionada con el tama\u00f1o de los pechos. <\/strong>Conf\u00edo en que la representaci\u00f3n, la obra y la relaci\u00f3n que se<br \/>\n            establece entre los actores y el p\u00fablico est\u00e9n por encima de estas<br \/>\n            preguntas tan aburridas\u201d, le respondi\u00f3 la actriz.<br \/>\n            <strong>Ah\u00ed nos brind\u00f3 la primera lecci\u00f3n, ah\u00ed nos ense\u00f1\u00f3 a trazar la<br \/>\n              l\u00ednea roja ante el machismo.<\/strong>\n          <\/p>\n<p>            <img decoding=\"async\" src=\"https:\/\/www.europesays.com\/es\/wp-content\/uploads\/2025\/11\/mirren-foto1.webp.webp\" alt=\"La actriz se encuentra respondiendo a las desafortunadas preguntas del presentador de la BBC, Michael Parkinson. A\u00f1os m\u00e1s tarde, el comunicador declar\u00f3 que no le deb\u00eda ninguna disculpa.&#10;\"\/><\/p>\n<p>              La actriz, respondiendo a las desafortunadas preguntas del<br \/>\n              presentador de la BBC, Michael Parkinson.<br \/>\n              <br \/>Fotograf\u00eda de la BBC.<\/p>\n<p>\n            50 a\u00f1os despu\u00e9s de aquella entrevista infame,<br \/>\n            <strong>Helen Mirren es una de las mujeres m\u00e1s influyentes de la cultura<br \/>\n              global, <\/strong>un icono del feminismo, una activista comprometida con los derechos<br \/>\n            de las mujeres y una de las actrices m\u00e1s premiadas en la historia<br \/>\n            del cine. En su vitrina personal conviven seis de los galardones m\u00e1s<br \/>\n            prestigiosos de la industria: el Oscar, el BAFTA, el Globo de Oro,<br \/>\n            el Emmy, el Tony y el Premio del Sindicato de Actores.\n          <\/p>\n<p>\n            El pasado mes de julio cumpli\u00f3 80 flamantes a\u00f1os. Cumplir, en Helen<br \/>\n            Mirren, no es solo contar d\u00edas, semanas y meses, sino celebrar con<br \/>\n            la misma elegancia con la que se pronuncia una verdad. Y de eso ella<br \/>\n            sabe bastante.<br \/>\n            <strong>Con ocho d\u00e9cadas de vida a sus espaldas, hoy encarna como nadie<br \/>\n              el lujo de cumplir:<\/strong><br \/>\n            no el de acumular tiempo, sino el de habitarlo con una mezcla de<br \/>\n            arrojo y firmeza, como quien se prueba un vestido antiguo y descubre<br \/>\n            que le sienta mejor que nunca.\n          <\/p>\n<p>          <a class=\"related\" href=\"https:\/\/www.elespanol.com\/mujer\/lujos\/20251123\/magas-publica-segundo-bookazine-noviembre-oda-lujo-consciente-helen-mirren-portada\/1003744023978_0.html\" rel=\"noopener noreferrer nofollow\" target=\"_blank\"><\/p>\n<p>              <img decoding=\"async\" src=\"https:\/\/www.europesays.com\/es\/wp-content\/uploads\/2025\/11\/1003744024196_260075250_1706x960.jpg\" alt=\"Miniatura de la noticia\" aria-label=\"Link a noticia relacionada\"\/><\/p>\n<p>\n                Una oda al lujo consciente con Helen Mirren en su portada: el<br \/>\n                nuevo &#8216;Bookazine&#8217; de Magas homenajea el arte de vivir\n              <\/p>\n<p>          <\/a><\/p>\n<p>\n            En su mirada hay algo de oro gastado y de fuego intacto.<br \/>\n            <strong>Se atusa el pelo, cruza las piernas y responde con firmeza a las<br \/>\n              preguntas de Magas.<\/strong><br \/>\n            No titubea a la hora de dar una nueva lecci\u00f3n sobre lo que significa<br \/>\n            llegar lejos sin renunciar a ser una misma. Porque cumplir \u2014cuando<br \/>\n            se hace con arte\u2014 es una forma de seguir debutando.\n          <\/p>\n<p class=\"question\">\n            Helen, \u00bfqu\u00e9 representa para usted el lujo de cumplir? \u00bfValora<br \/>\n            aspectos de esta etapa que antes no apreciaba?\n          <\/p>\n<p>\n            Honestamente, no siento ninguna diferencia, y nunca he celebrado ni<br \/>\n            reconocido los cumplea\u00f1os de esa manera. Tener 49 a\u00f1os y medio o 50<br \/>\n            y tres cuartos es pr\u00e1cticamente lo mismo. El d\u00eda que cumples 30, 40,<br \/>\n            50, 60\u2026 en realidad no me parece un d\u00eda de ning\u00fan inter\u00e9s. Es solo<br \/>\n            otro d\u00eda en el transcurso de tu vida, \u00bfsabes? Y algunos d\u00edas en ese<br \/>\n            recorrido son m\u00e1s importantes que otros. Y normalmente esas son<br \/>\n            fechas concretas, como cuando pierdes un ser querido o llega al<br \/>\n            mundo alguien a quien amas, como un hijo. As\u00ed que, ya ves, los<br \/>\n            cumplea\u00f1os nunca han significado nada para m\u00ed. Los otros son los<br \/>\n            hitos que cuentan.\n          <\/p>\n<p>            <img decoding=\"async\" src=\"https:\/\/www.europesays.com\/es\/wp-content\/uploads\/2025\/11\/mirren-foto2.webp.webp\" alt=\"La actriz se encuentra respondiendo a las desafortunadas preguntas del presentador de la BBC, Michael Parkinson. A\u00f1os m\u00e1s tarde, el comunicador declar\u00f3 que no le deb\u00eda ninguna disculpa.&#10;\"\/><\/p>\n<p>              Helen Mirren interpret\u00f3 a Cleopatra en una producci\u00f3n de Antonio y<br \/>\n              Cleopatra de Shakespeare en 1965 con el National Youth Theatre of<br \/>\n              Great Britain de Londres. <br \/>Fotograf\u00eda de Getty Images.<\/p>\n<p>          Hitos que cuentan<\/p>\n<p>\n            Nacida como Ilyena Lydia Vasilievna Mironoff en el bohemio barrio<br \/>\n              de Hammersmith, en Londres, en 1945, hija de un emigrante ruso y de una madre<br \/>\n            inglesa, Helen creci\u00f3 entre dos mundos radicalmente opuestas. En m\u00e1s<br \/>\n            de una ocasi\u00f3n ha recordado c\u00f3mo ese mestizaje cultural le dio una<br \/>\n            mirada amplia, pero tambi\u00e9n cierta sensaci\u00f3n de no pertenecer del<br \/>\n            todo a ninguno. Adoptar el nombre de Helen Mirren fue su manera de<br \/>\n            reconciliar ambos or\u00edgenes y de encontrar su propio equilibrio.\n          <\/p>\n<p>          <a class=\"related\" href=\"https:\/\/www.elespanol.com\/mujer\/actualidad\/20240124\/helen-mirren-golda-unica-mujer-habitacion-repleta-hombres-tiempos-guerra\/827167352_0.html\" rel=\"noopener noreferrer nofollow\" target=\"_blank\"><\/p>\n<p>              <img decoding=\"async\" src=\"https:\/\/www.europesays.com\/es\/wp-content\/uploads\/2025\/11\/827177402_239321983_1706x960.jpg\" alt=\"Miniatura de la noticia\" aria-label=\"Link a noticia relacionada\"\/><\/p>\n<p>\n                Helen Mirren en &#8216;Golda&#8217;: la \u00fanica mujer en una habitaci\u00f3n<br \/>\n                repleta de hombres en tiempos de guerra\n              <\/p>\n<p>          <\/a><\/p>\n<p>\n            A la temprana edad de 13 a\u00f1os vio una representaci\u00f3n de<br \/>\n            Hamlet en el teatro Old Vic de la capital brit\u00e1nica y<br \/>\n            sinti\u00f3, seg\u00fan sus propias palabras, \u201cla llamada del escenario\u201d.<br \/>\n            <strong><br \/>\n              Aquella revelaci\u00f3n la llev\u00f3 a estudiar interpretaci\u00f3n<\/strong><br \/>\n            y m\u00e1s tarde a unirse a la prestigiosa Royal Shakespeare Company,<br \/>\n            donde se forj\u00f3 como actriz cl\u00e1sica. All\u00ed aprendi\u00f3 a moverse entre la<br \/>\n            disciplina y la rebeld\u00eda, dos polos que marcar\u00edan su carrera y su<br \/>\n            vida.\n          <\/p>\n<p>\n            Su interpretaci\u00f3n de <strong>Cleopatra<\/strong> en 1965, a\u00fan con<br \/>\n            apenas 20 a\u00f1os, caus\u00f3 sensaci\u00f3n.<br \/>\n            <strong>Fue su primer gran \u00e9xito, pero tambi\u00e9n la encasill\u00f3 como un icono<br \/>\n              sexual para la \u00e9poca.<\/strong><br \/>\n            Mirren ha llegado a confesar que, durante mucho tiempo, tuvo que<br \/>\n            luchar contra esa etiqueta y que esa batalla la hizo m\u00e1s consciente<br \/>\n            del poder y la trampa de la imagen femenina en el cine.\n          <\/p>\n<p>            <img decoding=\"async\" src=\"https:\/\/www.europesays.com\/es\/wp-content\/uploads\/2025\/11\/mirren-foto3.webp.webp\" alt=\"Una joven Helen Mirren en los a\u00f1os 60.\"\/><\/p>\n<p>              Una joven Helen Mirren en los a\u00f1os 60. <br \/>Fotograf\u00eda de<br \/>\n              Getty Images.<\/p>\n<p>\n            Durante la d\u00e9cada de los a\u00f1os 70 y 80, eligi\u00f3 papeles inc\u00f3modos,<br \/>\n            intensos e incluso controvertidos<br \/>\n            (Caligula, El largo Viernes Santo, Excalibur). En su<br \/>\n            biograf\u00eda desvel\u00f3 que prefer\u00eda fracasar por algo elegido por ella<br \/>\n            antes que tener \u00e9xito en algo que no la representase.<br \/>\n            <strong>Prefiri\u00f3 el camino dif\u00edcil.<\/strong> Esa coherencia, no<br \/>\n            obstante, ciment\u00f3 su autoridad como actriz.\n          <\/p>\n<p>\n            En 1991 interpret\u00f3 a la inspectora Jane Tennison en la serie<br \/>\n             Principal sospechoso, un papel que rompi\u00f3 moldes.<br \/>\n            <strong>Mirren se meti\u00f3 en la piel de una mujer madura, brillante y sin<br \/>\n              concesiones, enfrentada al machismo institucional.<\/strong><br \/>\n            Aquel rol la liber\u00f3, y fue la primera vez, seg\u00fan indic\u00f3 ella misma,<br \/>\n            que el mundo ve\u00eda en pantalla algo parecido a su propia fuerza.\n          <\/p>\n<p>\n            Seis a\u00f1os despu\u00e9s de aquel \u00e9xito, en 1997, se jur\u00f3 amor eterno con<br \/>\n            el director de cine Taylor Hackford, tras m\u00e1s de una d\u00e9cada de<br \/>\n            relaci\u00f3n.<br \/>\n            <strong>La pareja se conoci\u00f3 cuando Hackford dirig\u00eda a Mirren en el drama<br \/>\n              musical White Nights de 1985,<\/strong><br \/>\n            pero no fue amor a primera vista para la actriz brit\u00e1nica. A pesar<br \/>\n            de que sus trabajos podr\u00edas ser perfectamente complementarios, no le<br \/>\n            gusta trabajar con \u00e9l. Ama hacer planes con su esposo, pero prefiere<br \/>\n            separar el trabajo del amor.\n          <\/p>\n<blockquote>\n<p>              \u201cLos artistas deben tener libertad para opinar, porque son como cualquier otro<br \/>\n              ser humano, cualquier otro votante en el pa\u00eds, pero su papel no es<br \/>\n              el mismo que el de un pol\u00edtico\u201d<\/p>\n<p>&#8211; Helen Mirren<\/p>\n<\/blockquote>\n<p>\n            Adora su compa\u00f1\u00eda, pero tambi\u00e9n disfruta de sus momentos de soledad.<br \/>\n            Entre ellos existe una enorme libertad, respeto, lealtad y amor.<br \/>\n            <strong>Cuando estall\u00f3 la pandemia de coronavirus y hubo que confinarse,<br \/>\n              dio la casualidad de que ambos estaban en la misma casa, algo raro<br \/>\n              en sus m\u00e1s de 30 a\u00f1os juntos,<\/strong>pues por sus compromisos laborales suelen estar viajando de una<br \/>\n            parte a otra del mundo. Si bien en un principio tem\u00edan que la<br \/>\n            convivencia fuera la tumba del amor, finalmente result\u00f3 una<br \/>\n            experiencia fabulosa.\n          <\/p>\n<p>\n            Helen describi\u00f3 su historia con Taylor como una uni\u00f3n sin<br \/>\n            romanticismo impostado, basada en el respeto y el humor.<br \/>\n            <strong>\u201cNos conocimos tarde, y eso fue una bendici\u00f3n. Ya sab\u00edamos<br \/>\n              qui\u00e9nes \u00e9ramos\u201d,<\/strong><br \/>\n            dijo en sus memorias. Es un ejemplo perfecto del lujo de cumplir:<br \/>\n            llegar al amor sin prisas.\n          <\/p>\n<p>            <img decoding=\"async\" src=\"https:\/\/www.europesays.com\/es\/wp-content\/uploads\/2025\/11\/mirren-foto4.webp.webp\" alt=\"Una joven Helen Mirren en los a\u00f1os 60.\"\/><\/p>\n<p>              Mirren junto a su marido, el director de cine Taylor Hackford.<br \/>\n              <br \/>Fotograf\u00eda de Gtres.<\/p>\n<p>\n            Por voluntad propia, la int\u00e9rprete no quiso hijos y no se arrepiente<br \/>\n            de no haberlos tenido. Hackford tuvo dos, Rio y Alexander, fruto de<br \/>\n            una relaci\u00f3n anterior.<strong><br \/>\n              El 14 de abril de 2022, Rio muri\u00f3 de un melanoma uveal.<\/strong><br \/>\n            \u201cEs un tumor intraocular primario, una forma de c\u00e1ncer muy agresiva<br \/>\n            y rara\u201d, compartieron Mirren y su esposo en un comunicado.\n          <\/p>\n<p>\n            \u201cRogamos a todos los que lean esto que se hagan un examen de la<br \/>\n            vista al menos una vez al a\u00f1o. Esto podr\u00eda salvar a sus seres<br \/>\n            queridos de este c\u00e1ncer\u201d. En su fondo de pantalla de su m\u00f3vil, hoy<br \/>\n            lleva la imagen de su hijastro. As\u00ed le recuerda, as\u00ed le quiere.\n          <\/p>\n<p>\n            <strong><br \/>\n              Helen Mirren ha utilizado su voz y su posici\u00f3n p\u00fablica para<br \/>\n              visibilizar las barreras que todav\u00eda hoy enfrentan las<br \/>\n              mujeres.<\/strong><br \/>\n            Con su altavoz particular ha apoyado iniciativas que promueven el<br \/>\n            liderazgo femenino y ha hablado de las estructuras que a\u00fan perpet\u00faan<br \/>\n            desigualdades. En un discurso pronunciado hace unos a\u00f1os en la<br \/>\n            Universidad de Tulane, en Nueva Orleans, Estados Unidos, dijo que el<br \/>\n            feminismo es \u201cuna necesidad y no una idea abstracta\u201d.\n          <\/p>\n<p>\n            <strong><br \/>\n              \u201cNo importa cu\u00e1l sea tu sexo o tu raza. S\u00e9 feminista\u201d,<\/strong><br \/>\n            expres\u00f3. \u201cEn todos los pa\u00edses que he visitado, desde Suecia hasta<br \/>\n            Uganda, de Singapur a Mal\u00ed, me he dado cuenta de que cuando se<br \/>\n            respeta a las mujeres y se les da la libertad de cumplir sus sue\u00f1os<br \/>\n            y ambiciones, la vida mejora para todo el mundo. No me defin\u00eda como<br \/>\n            feminista hasta hace poco, pero siempre hab\u00eda vivido como tal. As\u00ed<br \/>\n            que me declaro feminista y os animo a que hag\u00e1is lo mismo\u201d, anunci\u00f3<br \/>\n            con orgullo.\n          <\/p>\n<p>            <img decoding=\"async\" src=\"https:\/\/www.europesays.com\/es\/wp-content\/uploads\/2025\/11\/mirren-foto5.webp.webp\" alt=\"Una joven Helen Mirren en los a\u00f1os 60.\"\/><\/p>\n<p>              Particip\u00f3 en la Marcha de las Mujeres en Nueva York en 2017 para<br \/>\n              protestar el d\u00eda despu\u00e9s de la investidura de Donald Trump.<\/p>\n<p>Fotograf\u00eda de Getty Images.<\/p>\n<p>          The Queen<\/p>\n<p>\n            En el a\u00f1o 2007, lleg\u00f3 su consagraci\u00f3n real como actriz.<br \/>\n            <strong>Gan\u00f3 el Oscar a Mejor Actriz Principal por su interpretaci\u00f3n de<br \/>\n              Isabel II en la pel\u00edcula The Queen,<\/strong><br \/>\n            de Stephen Frears. A\u00f1os despu\u00e9s llev\u00f3 a la soberana brit\u00e1nica al<br \/>\n            teatro, pero declin\u00f3 la oferta de Netflix para hacer de la reina en<br \/>\n            The Crown. Prefiri\u00f3 abdicar en otra actriz. Mirren ha<br \/>\n            admitido que fue un papel \u201ctemido y fascinante\u201d, y que el \u00e9xito le<br \/>\n            ense\u00f1\u00f3 que \u201cla madurez no es una desventaja, sino un privilegio\u201d.\n          <\/p>\n<p>\n            Con esa m\u00e1xima, Helen Mirren es, en nuestros d\u00edas, un s\u00edmbolo de<br \/>\n            libertad, elegancia, estilo y poder femenino. Es embajadora e imagen<br \/>\n            de L\u2019Or\u00e9al Paris con el lema \u201cporque yo lo valgo\u2026 a mi edad\u201d, y<br \/>\n            sigue eligiendo papeles que celebran la experiencia, no que la<br \/>\n            disimulan.\n          <\/p>\n<p>\n            \u201cEse eslogan es muy importante para m\u00ed, sinceramente. Es dif\u00edcil<br \/>\n            definirlo de forma sencilla.<br \/>\n            <strong>Estoy muy orgullosa de ser una peque\u00f1a parte de una marca global<br \/>\n              como L\u2019Or\u00e9al Paris,<\/strong><br \/>\n            con su historia y su alcance, que adem\u00e1s de vender productos<br \/>\n            maravillosos, tambi\u00e9n apoya el empoderamiento y la hermandad de las<br \/>\n            mujeres. Tienen varias iniciativas, una de ellas fant\u00e1stica, llamada<br \/>\n            Women of Worth, que reconoce el trabajo comunitario y ben\u00e9fico que<br \/>\n            realizan mujeres de forma individual. Y apoyan a esas organizaciones<br \/>\n            con donaciones econ\u00f3micas. Su impacto es tan amplio y de un valor<br \/>\n            tan grande\u2026\u201d, expresa a Magas.\n          <\/p>\n<blockquote>\n<p>              \u201cLas personas mayores ya han hecho todo lo que hacen ahora los m\u00e1s<br \/>\n              j\u00f3venes. Todos creemos que somos los primeros en hacerlo, pero no<br \/>\n              es as\u00ed\u201d<\/p>\n<p>&#8211; Helen Mirren<\/p>\n<\/blockquote>\n<p>            <img decoding=\"async\" loading=\"lazy\" src=\"https:\/\/www.europesays.com\/es\/wp-content\/uploads\/2025\/11\/mirren-foto6.webp.webp\" alt=\"La actriz posando con el Oscar que la Academia de Artes y Ciencias&#10;              Cinematogr\u00e1ficas le otorg\u00f3 por su papel protagonista en The Queen.\" class=\"grayscale zoom-out\"\/><\/p>\n<p>              La actriz posando con el Oscar que la Academia de Artes y Ciencias<br \/>\n              Cinematogr\u00e1ficas le otorg\u00f3 por su papel protagonista en<br \/>\n              The Queen.<br \/>\n              <br \/>Fotograf\u00eda de Gtres.<\/p>\n<p>            <img decoding=\"async\" loading=\"lazy\" src=\"https:\/\/www.europesays.com\/es\/wp-content\/uploads\/2025\/11\/mirren-foto6.webp.webp\" alt=\" La actriz posando con el Oscar que la Academia de Artes y Ciencias Cinematogr\u00e1ficas le otorg\u00f3 por su papel protagonista en The Queen.\"\/><\/p>\n<p class=\"question\">\n            El \u00faltimo desfile de L\u2019Or\u00e9al Paris conmemor\u00f3 la sororidad entre<br \/>\n            mujeres. \u00bfQu\u00e9 significa para usted ese gesto de apoyo, en su vida y<br \/>\n            en su carrera?\n          <\/p>\n<p>\n            Siempre me ha encantado estar rodeada de mujeres, aunque debo decir<br \/>\n            que algo que me entristece de mi carrera como actriz es que pocas<br \/>\n            veces he podido trabajar con muchas de ellas. Muy rara vez he hecho<br \/>\n            pel\u00edculas con muchas mujeres. Una excepci\u00f3n fue<br \/>\n            Calendar Girls -Las chicas del calendario-, donde todas<br \/>\n            \u00e9ramos mujeres, y fue una experiencia fant\u00e1stica. Aqu\u00ed en L\u2019Or\u00e9al<br \/>\n            Paris s\u00ed he encontrado esa sororidad, con amigas como Andie<br \/>\n            MacDowell, Viola Davis o una de las nuevas embajadoras, Gillian<br \/>\n            Anderson. Somos una peque\u00f1a hermandad dentro de la marca, unidas por<br \/>\n            valores y actitudes similares hacia la vida y hacia las mujeres.\n          <\/p>\n<p class=\"question\">\n            Durante su impecable carrera ha interpretado a reinas, hero\u00ednas y<br \/>\n            mujeres de la vida cotidiana. \u00bfSiente que ha cumplido sus metas como<br \/>\n            actriz, o el verdadero lujo es seguir descubriendo nuevas?\n          <\/p>\n<p>\n            Si miro hacia atr\u00e1s, me siento muy agradecida, tengo que decirlo.<br \/>\n            Creo que he tenido mucha suerte. Por supuesto, hasta cierto punto,<br \/>\n            una crea su propia suerte, y pienso que quiz\u00e1, en parte, la raz\u00f3n<br \/>\n            por la que estoy donde estoy, sentada aqu\u00ed hablando contigo, tiene<br \/>\n            que ver con la forma en que he afrontado mi vida, con la manera en<br \/>\n            que he tratado a las personas con las que trabajo, con mis<br \/>\n            elecciones de papeles y de proyectos. As\u00ed que he sido proactiva<br \/>\n            dentro de eso. Pero, obviamente, tambi\u00e9n hay una gran parte del<br \/>\n            factor suerte. Lo \u00fanico que espero es saber tratar a esa buena<br \/>\n            suerte con mucho respeto: por haber cumplido la edad que tengo, con<br \/>\n            la salud que tengo y con la posibilidad de seguir trabajando. Y que<br \/>\n            pueda ayudar y animar a otras personas.\n          <\/p>\n<p class=\"question\">\n            \u00bfDir\u00eda que un verdadero artista es alguien profundamente<br \/>\n            comprometido con el mundo en el que vive; en otras palabras, alguien<br \/>\n            que busca transformarlo? \u00bfCu\u00e1l es su opini\u00f3n sobre los artistas que<br \/>\n            deciden no hablar de pol\u00edtica ni denunciar injusticias?\n          <\/p>\n<p>\n            Trabaj\u00e9 con Peter Brook, uno de los directores de teatro m\u00e1s<br \/>\n            importantes del siglo XX y XXI, y lo hicimos en circunstancias muy<br \/>\n            bohemias aqu\u00ed en Par\u00eds. \u00c9l era una de las personas m\u00e1s sabias que he<br \/>\n            conocido, y dec\u00eda: \u201cLa pol\u00edtica no es asunto de los artistas.<br \/>\n            Nuestro rol como artistas es otro muy diferente\u201d. De alguna forma lo<br \/>\n            entend\u00ed, porque su conocimiento y sabidur\u00eda eran mucho mayores que<br \/>\n            los m\u00edos. Puedes hacer teatro pol\u00edtico, cine pol\u00edtico, m\u00fasica<br \/>\n            pol\u00edtica&#8230; y creo que los artistas deben tener libertad, porque son<br \/>\n            como cualquier otro ser humano, cualquier otro votante en el pa\u00eds.<br \/>\n            Por supuesto que pueden expresar sus opiniones pol\u00edticas. Pero el<br \/>\n            papel de un artista no es el mismo que el de un pol\u00edtico.\n          <\/p>\n<p>            <img decoding=\"async\" src=\"https:\/\/www.europesays.com\/es\/wp-content\/uploads\/2025\/11\/mirren-foto7.webp.webp\" alt=\"En su 28&#10;              cumplea\u00f1os, en una comuna hippie en una granja en Warwickshire,&#10;              Reino Unido.\"\/><\/p>\n<p>              En su 28 cumplea\u00f1os, en una comuna hippie en una granja en<br \/>\n              Warwickshire, Reino Unido.<\/p>\n<p>Fotograf\u00eda de Gtres.<\/p>\n<p class=\"question\">\n            Desde hace tiempo usted ha sido una voz clave a la hora de hablar de<br \/>\n            igualdad y de c\u00f3mo tienen que estar representadas las mujeres. \u00bfC\u00f3mo<br \/>\n            aborda hoy la responsabilidad de cumplir con ese compromiso y c\u00f3mo<br \/>\n            le gustar\u00eda que quedara reflejado en su legado?\n          <\/p>\n<p>\n            Bueno, todo ha cambiado much\u00edsimo desde que a mis 20 a\u00f1os empezara a<br \/>\n            hacer cine, televisi\u00f3n y teatro. La presencia de mujeres es mucho<br \/>\n            mayor ahora de lo que era entonces, y realmente es motivo de<br \/>\n            celebraci\u00f3n. La presencia de mujeres es mucho mayor ahora de lo que<br \/>\n            era entonces, y realmente celebro eso. Ha sido fant\u00e1stico ver ese<br \/>\n            desarrollo durante los \u00faltimos \u2014\u00a1Dios m\u00edo!\u2014 40 o 50 a\u00f1os. Ha llevado<br \/>\n            much\u00edsimo tiempo. Y todav\u00eda no hemos llegado del todo. Lo \u00fanico que<br \/>\n            me asusta de ciertos movimientos que se ven en Estados Unidos, y<br \/>\n            quiz\u00e1 en otras partes del mundo, es que existe una tendencia a<br \/>\n            empujar a las mujeres hacia atr\u00e1s. A alejarlas de los roles<br \/>\n            profesionales, de los roles pol\u00edticos, de los puestos de liderazgo.<br \/>\n            Y eso me resulta muy, muy perturbador, porque las mujeres cumplen<br \/>\n            esos roles incre\u00edblemente bien. Los cumplen con generosidad y, muy a<br \/>\n            menudo, con humanidad.\n          <\/p>\n<p class=\"question\">\n            En El club del crimen de los jueves, su \u00faltima pel\u00edcula,<br \/>\n            interpreta a una mujer jubilada que desaf\u00eda los estereotipos. \u00bfEste<br \/>\n            papel la ha hecho reflexionar de forma diferente sobre c\u00f3mo se<br \/>\n            representa a las personas mayores en el cine actual?\n          <\/p>\n<p>\n            S\u00ed, El club del crimen de los jueves fue un libro muy, muy<br \/>\n            exitoso, y que yo, personalmente, disfrut\u00e9 much\u00edsimo. Y cuando lo<br \/>\n            le\u00ed pens\u00e9: \u201cMe pregunto si har\u00e1n una pel\u00edcula de esto. Y si la<br \/>\n            hacen, me encantar\u00eda interpretar este papel en particular\u201d. Y as\u00ed<br \/>\n            fue. Lo maravilloso que hace<br \/>\n            El club del crimen de los jueves, tanto el libro como la<br \/>\n            pel\u00edcula, es recordar a la gente que, cuando las personas envejecen,<br \/>\n            no pierden su experiencia de vida. Las personas mayores ya han hecho<br \/>\n            todo lo que hacen ahora los m\u00e1s j\u00f3venes: han tenido carreras<br \/>\n            exitosas, se han enamorado, han tenido hijos, han estado<br \/>\n            involucrados en pol\u00edtica\u2026 todos creemos que somos los primeros en<br \/>\n            hacerlo, pero no es as\u00ed. Algo precioso que hizo<br \/>\n            El club del crimen de los jueves fue reconocer a esas<br \/>\n            personas y su historia.\n          <\/p>\n<p>            <img decoding=\"async\" src=\"https:\/\/www.europesays.com\/es\/wp-content\/uploads\/2025\/11\/mirren-foto8.webp.webp\" alt=\"La actriz se encuentra respondiendo a las desafortunadas preguntas del presentador de la , Michael Parkinson. A\u00f1os m\u00e1s tarde, el comunicador declar\u00f3 que no le deb\u00eda ninguna disculpa.&#10;\"\/><\/p>\n<p>              Mirren caracterizada de la reina Isabel II de Inglaterra en<br \/>\n              The Queen.<\/p>\n<p>Fotograf\u00eda de Gtres.<\/p>\n<p>\n            Helen Mirren es historia viva del cine, un mito que trasciende<br \/>\n            generaciones, que no piensa rendirse y que anhela continuar<br \/>\n            participando proyectos con profesionales que admira. \u201cMe gustar\u00eda<br \/>\n            trabajar alg\u00fan d\u00eda con el director de teatro belga Ivo van Hove. Me<br \/>\n            ha entusiasmado La trama fenicia, la \u00faltima pel\u00edcula de Wes<br \/>\n            Anderson, y tambi\u00e9n me han dado ganas de trabajar con \u00e9l<br \/>\n            (r\u00ede)\u201d,<br \/>\n            afirma.\n          <\/p>\n<p>\n            Su energ\u00eda es apabullante, intenta hacer yoga todos los d\u00edas entre<br \/>\n            20 y 30 minutos, pero odia sudar y que el coraz\u00f3n le bombee<br \/>\n            demasiado r\u00e1pido.<br \/>\n            <strong>Le gusta estar en su jard\u00edn, alimentar a los<br \/>\n              pajarillos, leer, escribir, grabar v\u00eddeos para los<br \/>\n              proyectos solidarios que lidera y rodearse de mujeres que la<br \/>\n              inspiran.<\/strong>\n          <\/p>\n<p>\n            \u201cCreo que eso es lo bonito del grupo que formamos parte de L\u2019Or\u00e9al<br \/>\n            Paris. Nos vemos a nosotras mismas como una especie de hermandad, y<br \/>\n            una hermandad que tiende la mano a otras mujeres de nuestra<br \/>\n            generaci\u00f3n\u201d, concluye.\n          <\/p>\n<p>\n            Son muchas las mujeres que habitan en Helen Mirren.<br \/>\n            <strong>Fue Isabel II y la reina Carlota, <\/strong>Ayn Rand y<br \/>\n            Cleopatra. Fue Morgana Le Fay, Miss Julie, Jane Tennison, Betty<br \/>\n            McLeish y Magdalene Queenie Shaw.<br \/>\n            <strong>Una parte de sus personajes siempre vivir\u00e1 en su coraz\u00f3n,<\/strong><br \/>\n            pero por encima de todas a las que un d\u00eda interpret\u00f3 est\u00e1 ella<br \/>\n            misma: la luchadora, el icono, la leyenda, la mujer.<br \/>\n            Long live&#8230; Helen Mirren!\n          <\/p>\n<p>            <img decoding=\"async\" src=\"https:\/\/www.europesays.com\/es\/wp-content\/uploads\/2025\/11\/mirren-portada.webp.webp\" alt=\"Portada del segundo&#10;              bookazine de Magas. Momentos antes de subirse a la pasarela, Helen&#10;              Mirren atiende a la revista y concede la \u00fanica entrevista a un&#10;\"\/><\/p>\n<p>              Portada del segundo bookazine de Magas. Momentos antes de subirse<br \/>\n              a la pasarela, Helen Mirren atiende a la revista y concede la<br \/>\n              \u00fanica entrevista a un medio espa\u00f1ol.<\/p>\n<p>          M\u00e1s noticias<\/p>\n","protected":false},"excerpt":{"rendered":"Moda Con ocho d\u00e9cadas de vida, la actriz, ganadora de un Oscar, encarna como nadie el lujo de&hellip;\n","protected":false},"author":2,"featured_media":261472,"comment_status":"","ping_status":"","sticky":false,"template":"","format":"standard","meta":{"footnotes":""},"categories":[169],"tags":[6456,177,146,147,2958,25,24,176,65243,175,6874,23],"class_list":{"0":"post-261471","1":"post","2":"type-post","3":"status-publish","4":"format-standard","5":"has-post-thumbnail","7":"category-cine","8":"tag-actriz","9":"tag-cine","10":"tag-entertainment","11":"tag-entretenimiento","12":"tag-entrevistas","13":"tag-es","14":"tag-espana","15":"tag-film","16":"tag-mg-especiales","17":"tag-movies","18":"tag-protagonistas","19":"tag-spain"},"share_on_mastodon":{"url":"https:\/\/pubeurope.com\/@es\/115631127185856505","error":""},"_links":{"self":[{"href":"https:\/\/www.europesays.com\/es\/wp-json\/wp\/v2\/posts\/261471","targetHints":{"allow":["GET"]}}],"collection":[{"href":"https:\/\/www.europesays.com\/es\/wp-json\/wp\/v2\/posts"}],"about":[{"href":"https:\/\/www.europesays.com\/es\/wp-json\/wp\/v2\/types\/post"}],"author":[{"embeddable":true,"href":"https:\/\/www.europesays.com\/es\/wp-json\/wp\/v2\/users\/2"}],"replies":[{"embeddable":true,"href":"https:\/\/www.europesays.com\/es\/wp-json\/wp\/v2\/comments?post=261471"}],"version-history":[{"count":0,"href":"https:\/\/www.europesays.com\/es\/wp-json\/wp\/v2\/posts\/261471\/revisions"}],"wp:featuredmedia":[{"embeddable":true,"href":"https:\/\/www.europesays.com\/es\/wp-json\/wp\/v2\/media\/261472"}],"wp:attachment":[{"href":"https:\/\/www.europesays.com\/es\/wp-json\/wp\/v2\/media?parent=261471"}],"wp:term":[{"taxonomy":"category","embeddable":true,"href":"https:\/\/www.europesays.com\/es\/wp-json\/wp\/v2\/categories?post=261471"},{"taxonomy":"post_tag","embeddable":true,"href":"https:\/\/www.europesays.com\/es\/wp-json\/wp\/v2\/tags?post=261471"}],"curies":[{"name":"wp","href":"https:\/\/api.w.org\/{rel}","templated":true}]}}