{"id":261473,"date":"2025-11-29T04:35:10","date_gmt":"2025-11-29T04:35:10","guid":{"rendered":"https:\/\/www.europesays.com\/es\/261473\/"},"modified":"2025-11-29T04:35:10","modified_gmt":"2025-11-29T04:35:10","slug":"gol-de-arambarri-acerca-a-getafe-a-pasajes-europeos-con-victoria-sobre-elche-en-la-liga","status":"publish","type":"post","link":"https:\/\/www.europesays.com\/es\/261473\/","title":{"rendered":"Gol de Arambarri acerca a Getafe a pasajes europeos con victoria sobre Elche en La Liga"},"content":{"rendered":"<p>GETAFE, Espa\u00f1a (AP) \u2014 Un gol del uruguayo Mauro Arambarri en el complemento le dio el viernes a Getafe una victoria de 1-0 sobre Elche y lo llev\u00f3 al borde de los seis primeros puestos en La Liga, que otorgan pasajes para los torneos europeos.<\/p>\n<p>El resultado puso al conjunto Azul\u00f3n de vuelta en la senda de la victoria despu\u00e9s de derrotas consecutivas por 1-0 ante Atl\u00e9tico de Madrid y Mallorca. Getafe trep\u00f3 al s\u00e9ptimo lugar, un punto detr\u00e1s de Espanyol y Real Betis, ambos con un partido menos.<\/p>\n<p>Con 56 minutos transcurridos, el centrocampista Arambarri toc\u00f3 el bal\u00f3n impactado por Kiko Femenia para empujarlo al arco del Elche.<\/p>\n<p>Aunque Elche tuvo dos tercios de la posesi\u00f3n, no amenaz\u00f3 tanto como esa cifra sugerir\u00eda y David Soria estuvo s\u00f3lido bajo los palos para Getafe.<\/p>\n<p>Fue un resultado decepcionante para un equipo que el fin de semana pasado cedi\u00f3 dos veces la ventaja ante el Real Madrid en un partido que termin\u00f3 2-2.<\/p>\n<p>Fue el s\u00e9ptimo partido de liga consecutivo sin ganar para el club ilicitano, que se sit\u00faa duod\u00e9cimo.<\/p>\n<p>_____<\/p>\n<p>Deportes AP: <a class=\"Link AnClick-LinkEnhancement\" data-gtm-enhancement-style=\"LinkEnhancementA\" href=\"https:\/\/apnews.com\/hub\/deportes\" rel=\"nofollow noopener\" target=\"_blank\">https:\/\/apnews.com\/hub\/deportes<\/a><\/p>\n","protected":false},"excerpt":{"rendered":"GETAFE, Espa\u00f1a (AP) \u2014 Un gol del uruguayo Mauro Arambarri en el complemento le dio el viernes a&hellip;\n","protected":false},"author":2,"featured_media":10766,"comment_status":"","ping_status":"","sticky":false,"template":"","format":"standard","meta":{"footnotes":""},"categories":[93],"tags":[168,25,24,23,167],"class_list":{"0":"post-261473","1":"post","2":"type-post","3":"status-publish","4":"format-standard","5":"has-post-thumbnail","7":"category-deportes","8":"tag-deportes","9":"tag-es","10":"tag-espana","11":"tag-spain","12":"tag-sports"},"share_on_mastodon":{"url":"https:\/\/pubeurope.com\/@es\/115631130191867689","error":""},"_links":{"self":[{"href":"https:\/\/www.europesays.com\/es\/wp-json\/wp\/v2\/posts\/261473","targetHints":{"allow":["GET"]}}],"collection":[{"href":"https:\/\/www.europesays.com\/es\/wp-json\/wp\/v2\/posts"}],"about":[{"href":"https:\/\/www.europesays.com\/es\/wp-json\/wp\/v2\/types\/post"}],"author":[{"embeddable":true,"href":"https:\/\/www.europesays.com\/es\/wp-json\/wp\/v2\/users\/2"}],"replies":[{"embeddable":true,"href":"https:\/\/www.europesays.com\/es\/wp-json\/wp\/v2\/comments?post=261473"}],"version-history":[{"count":0,"href":"https:\/\/www.europesays.com\/es\/wp-json\/wp\/v2\/posts\/261473\/revisions"}],"wp:featuredmedia":[{"embeddable":true,"href":"https:\/\/www.europesays.com\/es\/wp-json\/wp\/v2\/media\/10766"}],"wp:attachment":[{"href":"https:\/\/www.europesays.com\/es\/wp-json\/wp\/v2\/media?parent=261473"}],"wp:term":[{"taxonomy":"category","embeddable":true,"href":"https:\/\/www.europesays.com\/es\/wp-json\/wp\/v2\/categories?post=261473"},{"taxonomy":"post_tag","embeddable":true,"href":"https:\/\/www.europesays.com\/es\/wp-json\/wp\/v2\/tags?post=261473"}],"curies":[{"name":"wp","href":"https:\/\/api.w.org\/{rel}","templated":true}]}}