{"id":261474,"date":"2025-11-29T04:36:10","date_gmt":"2025-11-29T04:36:10","guid":{"rendered":"https:\/\/www.europesays.com\/es\/261474\/"},"modified":"2025-11-29T04:36:10","modified_gmt":"2025-11-29T04:36:10","slug":"no-se-si-volveremos-al-uso-obligatorio-de-mascarillas-pero-seria-recomendable-en-ciertos-ambitos","status":"publish","type":"post","link":"https:\/\/www.europesays.com\/es\/261474\/","title":{"rendered":"&#8216;No s\u00e9 si volveremos al uso obligatorio de mascarillas, pero ser\u00eda recomendable en ciertos \u00e1mbitos&#8217;"},"content":{"rendered":"<p>Seg\u00fan el <a href=\"https:\/\/docsivira.isciii.es\/informe_semanal_SiVIRA_202547.html\" target=\"_blank\" rel=\"nofollow noopener\">\u00faltimo bolet\u00edn epidemiol\u00f3gico del Instituto de Salud Carlos III<\/a>, la incidencia de la <b>gripe<\/b> a lo largo de la \u00faltima semana se ha disparado en Espa\u00f1a hasta los <b>112,2 casos por cada 100.000 habitantes, rebasando el umbral epid\u00e9mico.<\/b><\/p>\n<p>Para poner en perspectiva esas cifras, <b>en la misma semana del a\u00f1o pasado<\/b> la incidencia de la <a href=\"https:\/\/www.huffingtonpost.es\/life\/salud\/la-comunidad-logrado-esquivar-repunte-gripe-azota-espana-ni-adelanto-pico.html\" rel=\"nofollow noopener\" target=\"_blank\">gripe<\/a> se encontraba en <b>12,8 casos<\/b> por cada 100.000 habitantes, muy por debajo del nivel actual.<\/p>\n<p>Con el objetivo de tratar de cortar el avance a la enfermedad respiratoria, el <b>Centro Europeo para la Prevenci\u00f3n y Control de Enfermedades<\/b>\u00a0ha recomendado la <b>vacunaci\u00f3n \u00absin demora\u00bb por una \u00abinusual\u00bb circulaci\u00f3n temprana de la gripe<\/b> no solo en Espa\u00f1a sino en todos los pa\u00edses de la Uni\u00f3n Europea y el Espacio Econ\u00f3mico Europeo. En concreto, esta alta incidencia de la gripe se ha adelantado entre tres y cuatro semanas en comparaci\u00f3n con las dos temporadas anteriores.<\/p>\n<p>Ante este brote de gripe, existen organismos y expertos que est\u00e1n pidiendo <b>regresar a la utilizaci\u00f3n obligatoria de mascarillas<\/b> al menos en lugares estrat\u00e9gicos como los centros hospitalarios.<\/p>\n<p>En ese sentido, <b>Aitor Nogales, investigador del CSIC<\/b>, ha intervenido en el programa <a href=\"https:\/\/www.telecinco.es\/noticias\/salud\/20251128\/mascarillas-epidemia-gripe-recomendaciones_18_017713178.html\" target=\"_blank\" rel=\"nofollow noopener\">La mirada cr\u00edtica<\/a> de Telecinco y ha expresado que <b>\u00abno s\u00e9 si volveremos al uso obligatorio de mascarillas<\/b>, pero en ciertos \u00e1mbitos como <b>centros de salud ser\u00edan muy recomendables<\/b> porque all\u00ed acude gente enferma\u00bb.<\/p>\n<p>Por otro lado, respecto a por qu\u00e9 la gripe est\u00e1 teniendo una tasa de incidencia tan alta sin haber llegado ni siquiera al mes de diciembre, el experto ha explicado que <b>\u00abel virus de la gripe son tres virus. Uno de ellos es el que est\u00e1 afectando m\u00e1s ahora<\/b> y es un tipo de virus que durante los \u00faltimos dos a\u00f1os no circulaba con fuerza. Adem\u00e1s, <b>este a\u00f1o el virus ha mutado mucho y la inmunidad de la poblaci\u00f3n es menor que la esperada\u00bb.<\/b><\/p>\n","protected":false},"excerpt":{"rendered":"Seg\u00fan el \u00faltimo bolet\u00edn epidemiol\u00f3gico del Instituto de Salud Carlos III, la incidencia de la gripe a lo&hellip;\n","protected":false},"author":2,"featured_media":261475,"comment_status":"","ping_status":"","sticky":false,"template":"","format":"standard","meta":{"footnotes":""},"categories":[92],"tags":[1293,25,24,7749,165,58057,166,23],"class_list":{"0":"post-261474","1":"post","2":"type-post","3":"status-publish","4":"format-standard","5":"has-post-thumbnail","7":"category-salud","8":"tag-enfermedades","9":"tag-es","10":"tag-espana","11":"tag-gripe","12":"tag-health","13":"tag-mascarillas","14":"tag-salud","15":"tag-spain"},"share_on_mastodon":{"url":"https:\/\/pubeurope.com\/@es\/115631134099587193","error":""},"_links":{"self":[{"href":"https:\/\/www.europesays.com\/es\/wp-json\/wp\/v2\/posts\/261474","targetHints":{"allow":["GET"]}}],"collection":[{"href":"https:\/\/www.europesays.com\/es\/wp-json\/wp\/v2\/posts"}],"about":[{"href":"https:\/\/www.europesays.com\/es\/wp-json\/wp\/v2\/types\/post"}],"author":[{"embeddable":true,"href":"https:\/\/www.europesays.com\/es\/wp-json\/wp\/v2\/users\/2"}],"replies":[{"embeddable":true,"href":"https:\/\/www.europesays.com\/es\/wp-json\/wp\/v2\/comments?post=261474"}],"version-history":[{"count":0,"href":"https:\/\/www.europesays.com\/es\/wp-json\/wp\/v2\/posts\/261474\/revisions"}],"wp:featuredmedia":[{"embeddable":true,"href":"https:\/\/www.europesays.com\/es\/wp-json\/wp\/v2\/media\/261475"}],"wp:attachment":[{"href":"https:\/\/www.europesays.com\/es\/wp-json\/wp\/v2\/media?parent=261474"}],"wp:term":[{"taxonomy":"category","embeddable":true,"href":"https:\/\/www.europesays.com\/es\/wp-json\/wp\/v2\/categories?post=261474"},{"taxonomy":"post_tag","embeddable":true,"href":"https:\/\/www.europesays.com\/es\/wp-json\/wp\/v2\/tags?post=261474"}],"curies":[{"name":"wp","href":"https:\/\/api.w.org\/{rel}","templated":true}]}}