{"id":261482,"date":"2025-11-29T04:41:08","date_gmt":"2025-11-29T04:41:08","guid":{"rendered":"https:\/\/www.europesays.com\/es\/261482\/"},"modified":"2025-11-29T04:41:08","modified_gmt":"2025-11-29T04:41:08","slug":"mexico-suspende-la-importacion-de-carne-de-cerdo-espanola-por-un-brote-de-peste-porcina-africana-en-barcelona","status":"publish","type":"post","link":"https:\/\/www.europesays.com\/es\/261482\/","title":{"rendered":"M\u00e9xico suspende la importaci\u00f3n de carne de cerdo espa\u00f1ola por un brote de peste porcina africana en Barcelona"},"content":{"rendered":"<p class=\"\">El Gobierno de M\u00e9xico ha restringido este viernes la importaci\u00f3n de carne de cerdo desde Espa\u00f1a tras la aparici\u00f3n de <a href=\"https:\/\/elpais.com\/sociedad\/2025-11-28\/la-mortifera-peste-porcina-africana-regresa-a-espana-despues-de-tres-decadas.html\" target=\"_blank\" rel=\"noreferrer nofollow noopener\" title=\"https:\/\/elpais.com\/sociedad\/2025-11-28\/la-mortifera-peste-porcina-africana-regresa-a-espana-despues-de-tres-decadas.html\">un brote de peste porcina africana en Barcelona<\/a>, seg\u00fan ha informado la <a href=\"https:\/\/www.gob.mx\/agricultura\/prensa\/suspende-agricultura-importacion-de-productos-de-cerdo-de-espana-por-brote-de-peste-porcina-africana-en-barcelona?idiom=es\" target=\"_blank\" rel=\"noreferrer nofollow noopener\" title=\"https:\/\/www.gob.mx\/agricultura\/prensa\/suspende-agricultura-importacion-de-productos-de-cerdo-de-espana-por-brote-de-peste-porcina-africana-en-barcelona?idiom=es\">Secretar\u00eda de Agricultura<\/a> mexicana en un comunicado. La suspensi\u00f3n afecta a las operaciones comerciales, pero tambi\u00e9n a los productos que contengan cerdo y sean transportados por los viajeros. La dependencia mexicana ha asegurado que la medida se adopta \u201ccon base en protocolos internacionales\u201d para proteger a la producci\u00f3n porc\u00edcola del pa\u00eds.<\/p>\n<p class=\"\">La peste porcina africana es una enfermedad capaz de matar a los cerdos de una granja en pocos d\u00edas de fiebre, tos y hemorragias. Espa\u00f1a se hab\u00eda librado en las \u00faltimas tres d\u00e9cadas de esa amenaza. Hasta ahora. El Laboratorio Central de Veterinaria de Algete (Madrid) ha confirmado el positivo de esta enfermedad en los cad\u00e1veres de <a href=\"https:\/\/elpais.com\/noticias\/jabalies\/\" target=\"_blank\" rel=\"noreferrer nofollow noopener\" title=\"https:\/\/elpais.com\/noticias\/jabalies\/\">dos jabal\u00edes<\/a> silvestres hallados el pasado mi\u00e9rcoles en las inmediaciones de la Universidad Aut\u00f3noma de Barcelona, a unos 20 kil\u00f3metros al norte de la capital catalana, el pasado mi\u00e9rcoles. Son los primeros casos en Espa\u00f1a desde noviembre de 1994.<\/p>\n<p class=\"\">La aparici\u00f3n de la peste ha provocado el bloqueo preventivo de las exportaciones de carne de cerdo, seg\u00fan ha explicado este viernes el director general de Producci\u00f3n Agroalimentaria del Ministerio, <a href=\"https:\/\/www.mapa.gob.es\/es\/prensa\/ultimas-noticias\/detalle_noticias\/el-boe-publica-los-nombramientos-de-emilio-garc-a-como-director-general-de-sanidad-de-la-producci-n-agroalimentaria-y-bienestar-animal-y-silvia-capdevilla-como-nueva-presidenta-del-fega\/08adee48-eaa1-402a-a3f3-26e74f78f05a\" rel=\"nofollow noopener\" title=\"https:\/\/www.mapa.gob.es\/es\/prensa\/ultimas-noticias\/detalle_noticias\/el-boe-publica-los-nombramientos-de-emilio-garc-a-como-director-general-de-sanidad-de-la-producci-n-agroalimentaria-y-bienestar-animal-y-silvia-capdevilla-como-nueva-presidenta-del-fega\/08adee48-eaa1-402a-a3f3-26e74f78f05a\" target=\"_blank\">Emilio Garc\u00eda Muro<\/a>, director general de Producci\u00f3n Agroalimentaria del Ministerio de Agricultura espa\u00f1ol, que ha tildado lo ocurrido como \u201cuna mala noticia, mal\u00edsima\u201d. Es uno de los puntos que ha recogido la dependencia mexicana para respaldar su decisi\u00f3n y evitar as\u00ed posibles riesgos zoosanitarios a la producci\u00f3n nacional.<\/p>\n<p class=\"\">M\u00e9xico pone as\u00ed una barrera temporal al mayor productor de carne de cerdo de la Uni\u00f3n Europea, con el 24% del total, y el tercero del mundo, solo superado por China y Estados Unidos, de acuerdo a los datos del Ministerio espa\u00f1ol. La plaga ha merodeado por la zona del \u00c1frica subsahariana, pero en 2007 lleg\u00f3 a Georgia, desde donde entr\u00f3 en territorios como Rusia y a China. Es el camino que llev\u00f3 a que en 2014 tuviera presencia en la zona oriental de la Uni\u00f3 Europea. Unos a\u00f1os despu\u00e9s, en 2020, tambi\u00e9n lleg\u00f3 a Alemania, en un momento en el que el pa\u00eds se colocaba como el mayor productor porcino de Europa. La ra\u00edz del problema en aquel caso tambi\u00e9n fue un jabal\u00ed. Es una de las enfermedades a tener en cuenta, ya que un solo caso de peste pone al pa\u00eds afectado en cuarentena, incapaz de exportar carne de cerdo.<\/p>\n<p class=\"\">M\u00e9xico export\u00f3 en 2024 una cantidad de <a href=\"https:\/\/www.economia.gob.mx\/datamexico\/es\/profile\/product\/porcine-meat-frozen\" target=\"_blank\" rel=\"noreferrer nofollow noopener\" title=\"https:\/\/www.economia.gob.mx\/datamexico\/es\/profile\/product\/porcine-meat-frozen\">carne de cerdo congelada<\/a> con un valor de alrededor de 507 millones de d\u00f3lares e import\u00f3 una cantidad relativa a unos 448 millones, de acuerdo a los datos de la Secretar\u00eda de Econom\u00eda. Espa\u00f1a era el cuarto proveedor de carne de cerdo congelada en M\u00e9xico (con un valor de unos 5,3 millones de d\u00f3lares). Antes del pa\u00eds europeo estaban Estados Unidos (276 millones), Brasil (113) y Canad\u00e1 (46,8).<\/p>\n","protected":false},"excerpt":{"rendered":"El Gobierno de M\u00e9xico ha restringido este viernes la importaci\u00f3n de carne de cerdo desde Espa\u00f1a tras la&hellip;\n","protected":false},"author":2,"featured_media":261483,"comment_status":"","ping_status":"","sticky":false,"template":"","format":"standard","meta":{"footnotes":""},"categories":[8],"tags":[889,210,17,18,3903,95,65247,60149,25,24,13,14,11,19,20,1804,205,1906,9,10,15,16,166,23,12,21,22],"class_list":{"0":"post-261482","1":"post","2":"type-post","3":"status-publish","4":"format-standard","5":"has-post-thumbnail","7":"category-espana","8":"tag-america","9":"tag-barcelona","10":"tag-breaking-news","11":"tag-breakingnews","12":"tag-comercio","13":"tag-economia","14":"tag-economia-agraria","15":"tag-enfermedades-animales","16":"tag-es","17":"tag-espana","18":"tag-featured-news","19":"tag-featurednews","20":"tag-headlines","21":"tag-latest-news","22":"tag-latestnews","23":"tag-latinoamerica","24":"tag-madrid","25":"tag-mexico","26":"tag-news","27":"tag-noticias","28":"tag-noticias-destacadas","29":"tag-noticiasdestacadas","30":"tag-salud","31":"tag-spain","32":"tag-titulares","33":"tag-ultimas-noticias","34":"tag-ultimasnoticias"},"share_on_mastodon":{"url":"","error":""},"_links":{"self":[{"href":"https:\/\/www.europesays.com\/es\/wp-json\/wp\/v2\/posts\/261482","targetHints":{"allow":["GET"]}}],"collection":[{"href":"https:\/\/www.europesays.com\/es\/wp-json\/wp\/v2\/posts"}],"about":[{"href":"https:\/\/www.europesays.com\/es\/wp-json\/wp\/v2\/types\/post"}],"author":[{"embeddable":true,"href":"https:\/\/www.europesays.com\/es\/wp-json\/wp\/v2\/users\/2"}],"replies":[{"embeddable":true,"href":"https:\/\/www.europesays.com\/es\/wp-json\/wp\/v2\/comments?post=261482"}],"version-history":[{"count":0,"href":"https:\/\/www.europesays.com\/es\/wp-json\/wp\/v2\/posts\/261482\/revisions"}],"wp:featuredmedia":[{"embeddable":true,"href":"https:\/\/www.europesays.com\/es\/wp-json\/wp\/v2\/media\/261483"}],"wp:attachment":[{"href":"https:\/\/www.europesays.com\/es\/wp-json\/wp\/v2\/media?parent=261482"}],"wp:term":[{"taxonomy":"category","embeddable":true,"href":"https:\/\/www.europesays.com\/es\/wp-json\/wp\/v2\/categories?post=261482"},{"taxonomy":"post_tag","embeddable":true,"href":"https:\/\/www.europesays.com\/es\/wp-json\/wp\/v2\/tags?post=261482"}],"curies":[{"name":"wp","href":"https:\/\/api.w.org\/{rel}","templated":true}]}}