{"id":261486,"date":"2025-11-29T04:50:27","date_gmt":"2025-11-29T04:50:27","guid":{"rendered":"https:\/\/www.europesays.com\/es\/261486\/"},"modified":"2025-11-29T04:50:27","modified_gmt":"2025-11-29T04:50:27","slug":"liga-de-naciones-euskal-selekzioa-en-ocho-de-las-nueve-finales-posibles-de-la-liga-de-naciones","status":"publish","type":"post","link":"https:\/\/www.europesays.com\/es\/261486\/","title":{"rendered":"LIGA DE NACIONES | Euskal Selekzioa, en ocho de las nueve finales posibles de la Liga de Naciones"},"content":{"rendered":"<p>            <a href=\"https:\/\/www.deia.eus\/pelota\/2025\/10\/20\/xavier-cazaubon-fipv-liga-de-naciones-gernika-euskal-selekzioa-10242022.html\" title=\"La Federaci\u00f3n Internacional de Pelota Vasca reitera la legitimidad de la Liga de Naciones a un mes del aterrizaje en Bilbao\" class=\"new__media\" rel=\"nofollow noopener\" target=\"_blank\"><\/p>\n<p>                <img alt=\"La Federaci\u00f3n Internacional de Pelota Vasca reitera la legitimidad de la Liga de Naciones a un mes del aterrizaje en Bilbao\" data-src=\"https:\/\/www.europesays.com\/es\/wp-content\/uploads\/2025\/11\/4c9ec58c-bd47-4c5f-8126-f2456a301def_16-9-aspect-ratio_default_0.jpg\" class=\"lozad\"\/><\/p>\n<p>        <\/a><\/p>\n<p>        <a href=\"https:\/\/www.deia.eus\/pelota\/2025\/10\/20\/xavier-cazaubon-fipv-liga-de-naciones-gernika-euskal-selekzioa-10242022.html\" title=\"La Federaci\u00f3n Internacional de Pelota Vasca reitera la legitimidad de la Liga de Naciones a un mes del aterrizaje en Bilbao\" class=\"new__headline\" rel=\"nofollow noopener\" target=\"_blank\"><br \/>\n            La Federaci\u00f3n Internacional de Pelota Vasca reitera la legitimidad de la Liga de Naciones a un mes del aterrizaje en Bilbao<br \/>\n        <\/a><\/p>\n<p>            <a href=\"https:\/\/www.deia.eus\/pelota\/2025\/06\/06\/euskal-selekzioa-oro-liga-de-naciones-9731065.html\" title=\"Euskal Selekzioa conquista el oro en la Liga de Naciones\" class=\"new__media\" rel=\"nofollow noopener\" target=\"_blank\"><\/p>\n<p>                <img alt=\"Euskal Selekzioa conquista el oro en la Liga de Naciones\" data-src=\"https:\/\/www.europesays.com\/es\/wp-content\/uploads\/2025\/11\/f968dd7e-d087-4a53-83e0-cacf44a40c11_16-9-aspect-ratio_default_0.jpg\" class=\"lozad\"\/><\/p>\n<p>        <\/a><\/p>\n<p>        <a href=\"https:\/\/www.deia.eus\/pelota\/2025\/06\/06\/euskal-selekzioa-oro-liga-de-naciones-9731065.html\" title=\"Euskal Selekzioa conquista el oro en la Liga de Naciones\" class=\"new__headline\" rel=\"nofollow noopener\" target=\"_blank\"><br \/>\n            Euskal Selekzioa conquista el oro en la Liga de Naciones<br \/>\n        <\/a><\/p>\n<p class=\"article-body__text \">\n        Si bien a la tricolor no le salieron las cosas en paleta cuero, donde <strong>compart\u00edan grupo de cuartos de final con Espa\u00f1a y Francia<\/strong> \u2013principales potencias de la modalidad y que apuntan a finalistas\u2013, el resto de disciplinas contar\u00e1 con pelotaris vascos en la pelea por el oro, lo que deja a la<strong> Federaci\u00f3n Vasca<\/strong>, dirigida por <a href=\"https:\/\/www.deia.eus\/pelota\/2025\/05\/28\/joxemari-mitxelena-liga-de-naciones-gernika-euskal-selekzioa-9688255.html\" title=\"Joxemari Mitxelena\" target=\"_blank\" class=\"link copy\" rel=\"nofollow noopener\"><strong>Joxemari Mitxelena<\/strong><\/a>, muy bien posicionada para la victoria global.\n<\/p>\n<p>            <a href=\"https:\/\/www.deia.eus\/pelota\/2025\/11\/06\/euskal-selekzioa-madariaga-gaubeka-liga-naciones-10312456.html\" title=\"Una potente Euskal Selekzioa para la Liga de Naciones de Bilbao\" class=\"new__media\" rel=\"nofollow noopener\" target=\"_blank\"><\/p>\n<p>                <img alt=\"Una potente Euskal Selekzioa para la Liga de Naciones de Bilbao\" data-src=\"https:\/\/www.europesays.com\/es\/wp-content\/uploads\/2025\/11\/10b5d8e9-4a07-4ec2-933c-0d2678de92d3_16-9-aspect-ratio_default_0.jpg\" class=\"lozad\"\/><\/p>\n<p>        <\/a><\/p>\n<p>        <a href=\"https:\/\/www.deia.eus\/pelota\/2025\/11\/06\/euskal-selekzioa-madariaga-gaubeka-liga-naciones-10312456.html\" title=\"Una potente Euskal Selekzioa para la Liga de Naciones de Bilbao\" class=\"new__headline\" rel=\"nofollow noopener\" target=\"_blank\"><br \/>\n            Una potente Euskal Selekzioa para la Liga de Naciones de Bilbao<br \/>\n        <\/a><\/p>\n<p>            <a href=\"https:\/\/www.deia.eus\/pelota\/2025\/11\/21\/roman-maldonado-pala-innpala-liga-de-naciones-10382196.html\" title=\"Innpala no autoriza a Maldonado para jugar la Liga de Naciones\" class=\"new__media\" rel=\"nofollow noopener\" target=\"_blank\"><\/p>\n<p>                <img alt=\"Innpala no autoriza a Maldonado para jugar la Liga de Naciones\" data-src=\"https:\/\/www.europesays.com\/es\/wp-content\/uploads\/2025\/11\/53d13449-10c7-423e-aede-a11ea64b4dcd_16-9-aspect-ratio_default_0.jpg\" class=\"lozad\"\/><\/p>\n<p>        <\/a><\/p>\n<p>        <a href=\"https:\/\/www.deia.eus\/pelota\/2025\/11\/21\/roman-maldonado-pala-innpala-liga-de-naciones-10382196.html\" title=\"Innpala no autoriza a Maldonado para jugar la Liga de Naciones\" class=\"new__headline\" rel=\"nofollow noopener\" target=\"_blank\"><br \/>\n            Innpala no autoriza a Maldonado para jugar la Liga de Naciones<br \/>\n        <\/a><\/p>\n<p>  Espa\u00f1a y Francia<\/p>\n<p class=\"article-body__text \">\n        <strong>Espa\u00f1a <\/strong>ser\u00e1 la rival de <strong>Euskadi <\/strong>en cinco categor\u00edas: las cuatro de mano \u2013individual y parejas tanto masculinos como femeninos\u2013 y cesta individual femenina; mientras que <strong>Francia <\/strong>se cruzar\u00e1 con<strong> Euskal Selekzioa<\/strong> en pelota adaptada, pala corta y cesta individual masculina.\n<\/p>\n<p>            <a href=\"https:\/\/www.deia.eus\/pelota\/2025\/04\/15\/esteban-gaubeka-innpala-he-sentido-querido-9526370.html\" title=\"&quot;No me he sentido querido ni respetado por Innpala&quot;\" class=\"new__media\" rel=\"nofollow noopener\" target=\"_blank\"><\/p>\n<p>                <img alt=\"&quot;No me he sentido querido ni respetado por Innpala&quot;\" data-src=\"https:\/\/www.europesays.com\/es\/wp-content\/uploads\/2025\/11\/794ad05c-33fc-4158-bd95-c4e302479e58_16-9-aspect-ratio_default_0.jpg\" class=\"lozad\"\/><\/p>\n<p>        <\/a><\/p>\n<p>        <a href=\"https:\/\/www.deia.eus\/pelota\/2025\/04\/15\/esteban-gaubeka-innpala-he-sentido-querido-9526370.html\" title=\"&quot;No me he sentido querido ni respetado por Innpala&quot;\" class=\"new__headline\" rel=\"nofollow noopener\" target=\"_blank\"><br \/>\n            \u00abNo me he sentido querido ni respetado por Innpala\u00bb<br \/>\n        <\/a><\/p>\n<p class=\"article-photo__footer\">\n            Gaubeka e Imanol superan a Necol-Brefel en la primera jornada de la Liga de Naciones en Bilbao.            Jos\u00e9 Mari Mart\u00ednez        <\/p>\n<p>  Triple empate en cesta femenina<\/p>\n<p class=\"article-body__text \">\n        <strong>Ihart Arakistain<\/strong> cay\u00f3 este jueves ante <strong>Sorozabal <\/strong>(Francia) en el cierre de la liguilla de cesta individual femenina de la <strong>Liga de Naciones <\/strong>en Barakaldo por 14-15, 15-7 y 8-10, pero Euskadi jugar\u00e1 la final contra Espa\u00f1a hoy (19.00 horas, en el mismo escenario). Igualadas a puntos con <strong>M\u00e9xico <\/strong>y el pa\u00eds galo en la segunda plaza, la diferencia de jokos benefici\u00f3 a la tricolor.<\/p>\n","protected":false},"excerpt":{"rendered":"La Federaci\u00f3n Internacional de Pelota Vasca reitera la legitimidad de la Liga de Naciones a un mes del&hellip;\n","protected":false},"author":2,"featured_media":261487,"comment_status":"","ping_status":"","sticky":false,"template":"","format":"standard","meta":{"footnotes":""},"categories":[269],"tags":[299,298,168,25,24,40725,6686,20635,23,167],"class_list":{"0":"post-261486","1":"post","2":"type-post","3":"status-publish","4":"format-standard","5":"has-post-thumbnail","7":"category-baloncesto","8":"tag-baloncesto","9":"tag-basketball","10":"tag-deportes","11":"tag-es","12":"tag-espana","13":"tag-euskal-selekzioa","14":"tag-finales","15":"tag-liga-de-naciones","16":"tag-spain","17":"tag-sports"},"share_on_mastodon":{"url":"https:\/\/pubeurope.com\/@es\/115631189196966252","error":""},"_links":{"self":[{"href":"https:\/\/www.europesays.com\/es\/wp-json\/wp\/v2\/posts\/261486","targetHints":{"allow":["GET"]}}],"collection":[{"href":"https:\/\/www.europesays.com\/es\/wp-json\/wp\/v2\/posts"}],"about":[{"href":"https:\/\/www.europesays.com\/es\/wp-json\/wp\/v2\/types\/post"}],"author":[{"embeddable":true,"href":"https:\/\/www.europesays.com\/es\/wp-json\/wp\/v2\/users\/2"}],"replies":[{"embeddable":true,"href":"https:\/\/www.europesays.com\/es\/wp-json\/wp\/v2\/comments?post=261486"}],"version-history":[{"count":0,"href":"https:\/\/www.europesays.com\/es\/wp-json\/wp\/v2\/posts\/261486\/revisions"}],"wp:featuredmedia":[{"embeddable":true,"href":"https:\/\/www.europesays.com\/es\/wp-json\/wp\/v2\/media\/261487"}],"wp:attachment":[{"href":"https:\/\/www.europesays.com\/es\/wp-json\/wp\/v2\/media?parent=261486"}],"wp:term":[{"taxonomy":"category","embeddable":true,"href":"https:\/\/www.europesays.com\/es\/wp-json\/wp\/v2\/categories?post=261486"},{"taxonomy":"post_tag","embeddable":true,"href":"https:\/\/www.europesays.com\/es\/wp-json\/wp\/v2\/tags?post=261486"}],"curies":[{"name":"wp","href":"https:\/\/api.w.org\/{rel}","templated":true}]}}