{"id":261490,"date":"2025-11-29T04:52:11","date_gmt":"2025-11-29T04:52:11","guid":{"rendered":"https:\/\/www.europesays.com\/es\/261490\/"},"modified":"2025-11-29T04:52:11","modified_gmt":"2025-11-29T04:52:11","slug":"richard-gere-enamora-a-la-arrixaca-si-mi-pais-tuviera-otro-presidente-podriamos-aprender-mucho-de-la-sanidad-de-espana","status":"publish","type":"post","link":"https:\/\/www.europesays.com\/es\/261490\/","title":{"rendered":"Richard Gere enamora a La Arrixaca: \u00abSi mi pa\u00eds tuviera otro presidente, podr\u00edamos aprender mucho de la sanidad de Espa\u00f1a\u00bb"},"content":{"rendered":"<p><a class=\"v-mdl-ath__fig-a\" href=\"https:\/\/www.laverdad.es\/autor\/javier-perez-parra-527.html\" title=\"Javier P\u00e9rez Parra\" rel=\"nofollow noopener\" target=\"_blank\"><br \/>\n<img decoding=\"async\" class=\"v-mdl-ath__img\" src=\"https:\/\/www.europesays.com\/es\/wp-content\/uploads\/2025\/08\/autor-527-foto-2.jpeg\" alt=\"Javier P\u00e9rez Parra\"\/><br \/>\n<\/a><\/p>\n<p class=\"v-mdl-ath__p v-mdl-ath__p--6\">\nViernes, 28 de noviembre 2025, 19:57<\/p>\n<p>| Actualizado 21:10h.<\/p>\n<p class=\"v-p\">La Arrixaca puso este viernes un broche de Hollywood a su 50 aniversario, con una imagen para el recuerdo: la de Richard Gere atravesando el hospital entre el entusiasmo de profesionales, pacientes y curiosos para colocar la primera piedra del que ser\u00e1 el gimnasio m\u00e1s grande de la sanidad espa\u00f1ola destinado a ni\u00f1os y adolescentes con c\u00e1ncer, un proyecto impulsado por la Fundaci\u00f3n Aladina. Precisamente del modelo europeo p\u00fablico y universal de sanidad se mostr\u00f3 Gere completamente entusiasta. \u00abCuando mi mujer Alejandra, que es de Galicia, lleg\u00f3 a Estados Unidos y se dio cuenta de que no ten\u00edamos sanidad p\u00fablica, qued\u00f3 espantada\u00bb, confes\u00f3 el protagonista de cl\u00e1sicos como &#8216;American Gigolo&#8217; y &#8216;Oficial y Caballero&#8217;. \u00abEs un pa\u00eds rico y poderoso que no tiene un sistema sanitario que se ocupe de sus ni\u00f1os. He vivido en todo el mundo, y cuando vengo a Reino Unido, a Italia o a otro pa\u00eds de Europa, es incre\u00edble ver c\u00f3mo todos los europeos dan por sentado la sanidad p\u00fablica\u00bb, reflexion\u00f3. Y lleg\u00f3 entonces el dardo a Donald Trump: \u00abQuiz\u00e1 podr\u00edamos aprender mucho de Espa\u00f1a si tuvi\u00e9semos [en Estados Unidos] otro presidente\u00bb.<\/p>\n<p class=\"v-p\">The Gere Foundation, que impulsan el matrimonio formado por Alejandra y Richard Gere, se ha implicado a fondo con el proyecto del gimnasio proyectado por la Fundaci\u00f3n Aladina en La Arrixaca, y que estar\u00e1 ubicado en una de las terrazas del Materno Infantil. All\u00ed, con un fr\u00edo cortante, esperaron durante m\u00e1s de una hora los profesionales que hab\u00edan conseguido acreditaci\u00f3n. Gere acudi\u00f3 sin su mujer Alejandra, que se qued\u00f3 cuidando a uno de los dos hijos de la pareja, que hab\u00eda tenido un peque\u00f1o accidente dom\u00e9stico.<\/p>\n<p class=\"v-p\">Al actor lo recibieron varios ni\u00f1os que son pacientes del servicio de Oncolog\u00eda pedi\u00e1trica. Y entre el p\u00fablico estaba tambi\u00e9n Claudia, a la que con 12 a\u00f1os le diagnosticaron un linfoma. \u00abFue hace seis a\u00f1os, y estuve muy mala. Pas\u00e9 cinco d\u00edas en la UCI, y luego tuvo que pasar por quimioterapia. Yo hac\u00eda deporte y bailaba, pero la enfermedad me dej\u00f3 sin masa muscular\u00bb, recordaba. Por eso, ella y su padre, Francisco Maza, se concienciaron de la necesidad de que La Arrixaca contase con un gimnasio que ya tiene su primera piedra con la firma de Richard Gere. \u00abFrancisco y su hija han hecho mucho para que este acto de hoy sea una realidad\u00bb, contaba Mar\u00eda Jos\u00e9 L\u00f3pez, supervisora del Infantil.<\/p>\n<p class=\"v-p\">La conexi\u00f3n entre profesionales, pacientes y familiares es muy especial en un servicio como Oncolog\u00eda pedi\u00e1trica. Pero tambi\u00e9n es otra se\u00f1a de identidad de la sanidad espa\u00f1ola, y as\u00ed lo resalt\u00f3 Richard Gere. \u00abNo es solo el sistema, es tambi\u00e9n la relaci\u00f3n entre sanitarios y pacientes. En Estados Unidos, lo primero que te preguntan es cu\u00e1l es tu tarjeta de cr\u00e9dito. Aqu\u00ed, c\u00f3mo puedo ayudarte\u00bb.<\/p>\n<p class=\"v-p\">Si Richard Gere estuvo este viernes en La Arrixaca es gracias a su relaci\u00f3n con la Fundaci\u00f3n Aladina y su presidente, Paco Arango. \u00abNos conocimos hace unos diez a\u00f1os, en una comida, y estuvimos hablando de c\u00f3mo cambiar el mundo\u00bb, confesaba. Gere se mostr\u00f3 durante todo el acto especialmente cercano tambi\u00e9n con el alcalde, Jos\u00e9 Ballesta, que no pudo evitar emocionarse. Tambi\u00e9n \u00e9l est\u00e1 afrontando un c\u00e1ncer, como los ni\u00f1os que le escuchaban. Al acto asisti\u00f3 tambi\u00e9n el presidente de la Comunidad, Fernando L\u00f3pez Miras, quien destac\u00f3 que el gimnasio ser\u00e1 un s\u00edmbolo de esperanza, de superaci\u00f3n y vida\u00ab.<\/p>\n<p class=\"v-p\">El proyecto, cuyas obras comenzar\u00e1n en el primer trimestre de 2026, supondr\u00e1 una inversi\u00f3n de un mill\u00f3n de euros por parte de la Fundaci\u00f3n Aladina. De momento, hay unos 400.000 recaudados.<\/p>\n<p>Una gran expectaci\u00f3n y un doble de Gere<\/p>\n<p class=\"v-p\">La llegada de Richard Gere caus\u00f3 un enorme revuelo en el hospital, con escenas propias de una comedia, aunque quiz\u00e1 no de Hollywood. A las cuatro y media de la tarde, profesionales, pacientes y curiosos se agolpaban ya en las barandillas junto al Materno Infantil. La aparici\u00f3n de un veh\u00edculo con las lunas tintadas desat\u00f3 carreras, pero era falsa alarma: dentro iba personal del Ayuntamiento. Pocos minutos despu\u00e9s volv\u00eda a desatarse el entusiasmo, con decenas de personas arremolinadas en torno a un hombre al que se le confundi\u00f3 con Gere. \u00abSiempre me han dicho que soy su doble, pero en realidad soy de Murcia y me llamo Antonio, soy padre de una m\u00e9dica que trabaja aqu\u00ed\u00bb, explicaba divertido. <\/p>\n<p class=\"v-p\">Quienes s\u00ed vieron al actor estadounidense fueron decenas de pacientes y ni\u00f1os ingresados en el Infantil a trav\u00e9s de las ventanas que dan a la terraza. Gere se mostr\u00f3 cercano con todos, reparti\u00f3 besos y sonrisas, y demostr\u00f3 por qu\u00e9 es un mito.<\/p>\n<p>Reporta un error<\/p>\n","protected":false},"excerpt":{"rendered":"Viernes, 28 de noviembre 2025, 19:57 | Actualizado 21:10h. La Arrixaca puso este viernes un broche de Hollywood&hellip;\n","protected":false},"author":2,"featured_media":261491,"comment_status":"","ping_status":"","sticky":false,"template":"","format":"standard","meta":{"footnotes":""},"categories":[174],"tags":[6936,49969,255,20557,146,147,25,24,256,12075,65248,1461,12074,23],"class_list":{"0":"post-261490","1":"post","2":"type-post","3":"status-publish","4":"format-standard","5":"has-post-thumbnail","7":"category-famosos","8":"tag-aprender","9":"tag-arrixaca","10":"tag-celebrities","11":"tag-diferente","12":"tag-entertainment","13":"tag-entretenimiento","14":"tag-es","15":"tag-espana","16":"tag-famosos","17":"tag-gere","18":"tag-podriamos","19":"tag-presidente","20":"tag-richard","21":"tag-spain"},"share_on_mastodon":{"url":"https:\/\/pubeurope.com\/@es\/115631197283814139","error":""},"_links":{"self":[{"href":"https:\/\/www.europesays.com\/es\/wp-json\/wp\/v2\/posts\/261490","targetHints":{"allow":["GET"]}}],"collection":[{"href":"https:\/\/www.europesays.com\/es\/wp-json\/wp\/v2\/posts"}],"about":[{"href":"https:\/\/www.europesays.com\/es\/wp-json\/wp\/v2\/types\/post"}],"author":[{"embeddable":true,"href":"https:\/\/www.europesays.com\/es\/wp-json\/wp\/v2\/users\/2"}],"replies":[{"embeddable":true,"href":"https:\/\/www.europesays.com\/es\/wp-json\/wp\/v2\/comments?post=261490"}],"version-history":[{"count":0,"href":"https:\/\/www.europesays.com\/es\/wp-json\/wp\/v2\/posts\/261490\/revisions"}],"wp:featuredmedia":[{"embeddable":true,"href":"https:\/\/www.europesays.com\/es\/wp-json\/wp\/v2\/media\/261491"}],"wp:attachment":[{"href":"https:\/\/www.europesays.com\/es\/wp-json\/wp\/v2\/media?parent=261490"}],"wp:term":[{"taxonomy":"category","embeddable":true,"href":"https:\/\/www.europesays.com\/es\/wp-json\/wp\/v2\/categories?post=261490"},{"taxonomy":"post_tag","embeddable":true,"href":"https:\/\/www.europesays.com\/es\/wp-json\/wp\/v2\/tags?post=261490"}],"curies":[{"name":"wp","href":"https:\/\/api.w.org\/{rel}","templated":true}]}}