{"id":261492,"date":"2025-11-29T04:53:09","date_gmt":"2025-11-29T04:53:09","guid":{"rendered":"https:\/\/www.europesays.com\/es\/261492\/"},"modified":"2025-11-29T04:53:09","modified_gmt":"2025-11-29T04:53:09","slug":"el-parque-de-la-opera-en-copenhague-la-inspiracion-para-disenar-la-playa-verde-de-gijon","status":"publish","type":"post","link":"https:\/\/www.europesays.com\/es\/261492\/","title":{"rendered":"El parque de la \u00d3pera en Copenhague, la inspiraci\u00f3n para dise\u00f1ar la playa verde de Gij\u00f3n"},"content":{"rendered":"<p>El arquitecto Eloy Calvo Carvajal (Gij\u00f3n, 1977) es quien est\u00e1 detr\u00e1s de <a href=\"https:\/\/www.elcomercio.es\/gijon\/fotos-brisa-marina-proyecto-playa-verde-rinconin-gijon-20251111223558-ga.html\" target=\"_self\" data-voc-vtm-id=\"in-text-traffic\" title=\"&#039;Brisa Marina&#039;\" data-mrf-link=\"www.elcomercio.es\" rel=\"nofollow noopener\">&#8216;Brisa Marina&#8217;<\/a>, la propuesta ganadora del concurso de ideas para la playa  &#8230; verde de El Rincon\u00edn y tambi\u00e9n la m\u00e1s votada por la ciudadan\u00eda.<\/p>\n<p class=\"v-p\">Calvo explica que su dise\u00f1o de un gran parque litoral, concebido como un archipi\u00e9lago de islas interrelacionadas con zonas para todas las edades, toma como fuente de inspiraci\u00f3n espacios p\u00fablicos que visit\u00f3 el pasado verano con su familia en Dinamarca y Suecia. \u00abEl parque de la \u00d3pera en Copenhague \u2013con seis jardines de diversas partes del mundo- me ha guiado bastante, aunque &#8216;Brisa Marina&#8217; tenga una mayor mestizaje y complejidad de usos para satisfacer necesidades de todos los rangos de edades\u00bb, apunta. <\/p>\n<p class=\"v-p\">Eloy Calvo propone un aparcamiento para 80 veh\u00edculos, con pavimentos drenantes y arbolado de sombra, que afirma que puede servir tambi\u00e9n de zona de avituallamiento y complemento para pruebas deportivas\u00bb. <\/p>\n<p>Skate park y lago urbano<\/p>\n<p class=\"v-p\">Destaca de su proyecto, presupuestado en 723.000 euros y que suma un skate park y un lago urbano, que \u00abse puede afrontar por fases e ir escalando\u00bb. Considera que su propuesta prima el uso de los ciudadanos a buscar un nuevo reclamo tur\u00edstico y aspira a recuperar vegetaci\u00f3n silvestre y renaturalizar esa zona.<\/p>\n<p><img decoding=\"async\" loading=\"lazy\" src=\"https:\/\/www.europesays.com\/es\/wp-content\/uploads\/2025\/11\/opera-park-cobe_20-U47631266866jWL-1200x841@El Comercio.jpg\" class=\"v-cmp-cmb__img\" width=\"1200\" height=\"841\" alt=\"Imagen principal - Parque de la \u00d3pera de Copenhague, en Dinamarca, que ha servido de fuente de inspiraci\u00f3n para el proyecto de Eloy Calvo para El Rincon\u00edn.\"\/><\/p>\n<p>Parque de la \u00d3pera de Copenhague, en Dinamarca, que ha servido de fuente de inspiraci\u00f3n para el proyecto de Eloy Calvo para El Rincon\u00edn.<\/p>\n<p><img decoding=\"async\" loading=\"lazy\" src=\"https:\/\/www.europesays.com\/es\/wp-content\/uploads\/2025\/11\/opera-park-cobe_20-U47631266866jWL-1200x841@El Comercio.jpg\" class=\"v-mdl__img-z\" width=\"1200\" height=\"841\" alt=\"Imagen principal - Parque de la \u00d3pera de Copenhague, en Dinamarca, que ha servido de fuente de inspiraci\u00f3n para el proyecto de Eloy Calvo para El Rincon\u00edn.\"\/><\/p>\n<p class=\"v-p\">Hermano de la presidenta de Fade Mar\u00eda Calvo e hijo del desaparecido expresidente del Sporting Eloy Calvo Capell\u00edn, es quien ha dise\u00f1ado todas los edificios de Construcciones San Bernardo en los \u00faltimos 23 a\u00f1os. Incluidas 600 viviendas en El Cerillero con sus zonas p\u00fablicas y espacios verdes. La participaci\u00f3n en concursos de ideas es reciente y de momento le va bien porque qued\u00f3 primero en Gij\u00f3n y segundo en otro en Avil\u00e9s para un gas\u00f3metro de Arcelor.\u00bbLos concursos son una oportunidad de reflexionar sobre los espacios y pensar la escala\u00bb, afirma.<\/p>\n<p class=\"v-p\">Respecto a los 15.000 euros del premio que se embolsar\u00e1 dice que seguramente los emplear\u00e1 en un viaje con su mujer y su hijo.<\/p>\n<p class=\"v-p\">Los arquitectos que est\u00e1n detr\u00e1s de los dos acc\u00e9sits (4.000 euros) son Dora Dankowszky y C\u00e9sar Alonso Moro, autores respectivamente de &#8216;Mar y Monta\u00f1a&#8217; y &#8216;La 21.<\/p>\n","protected":false},"excerpt":{"rendered":"El arquitecto Eloy Calvo Carvajal (Gij\u00f3n, 1977) es quien est\u00e1 detr\u00e1s de &#8216;Brisa Marina&#8217;, la propuesta ganadora del&hellip;\n","protected":false},"author":2,"featured_media":261493,"comment_status":"","ping_status":"","sticky":false,"template":"","format":"standard","meta":{"footnotes":""},"categories":[173],"tags":[229,233,231,230,9493,232,234,146,147,25,24,6023,10432,7452,5993,776,23,1049],"class_list":{"0":"post-261492","1":"post","2":"type-post","3":"status-publish","4":"format-standard","5":"has-post-thumbnail","7":"category-arte-y-diseno","8":"tag-arte","9":"tag-arte-y-diseno","10":"tag-arts","11":"tag-arts-and-design","12":"tag-copenhague","13":"tag-design","14":"tag-diseno","15":"tag-entertainment","16":"tag-entretenimiento","17":"tag-es","18":"tag-espana","19":"tag-gijon","20":"tag-inspiracion","21":"tag-opera","22":"tag-parque","23":"tag-playa","24":"tag-spain","25":"tag-verde"},"share_on_mastodon":{"url":"https:\/\/pubeurope.com\/@es\/115631200937781538","error":""},"_links":{"self":[{"href":"https:\/\/www.europesays.com\/es\/wp-json\/wp\/v2\/posts\/261492","targetHints":{"allow":["GET"]}}],"collection":[{"href":"https:\/\/www.europesays.com\/es\/wp-json\/wp\/v2\/posts"}],"about":[{"href":"https:\/\/www.europesays.com\/es\/wp-json\/wp\/v2\/types\/post"}],"author":[{"embeddable":true,"href":"https:\/\/www.europesays.com\/es\/wp-json\/wp\/v2\/users\/2"}],"replies":[{"embeddable":true,"href":"https:\/\/www.europesays.com\/es\/wp-json\/wp\/v2\/comments?post=261492"}],"version-history":[{"count":0,"href":"https:\/\/www.europesays.com\/es\/wp-json\/wp\/v2\/posts\/261492\/revisions"}],"wp:featuredmedia":[{"embeddable":true,"href":"https:\/\/www.europesays.com\/es\/wp-json\/wp\/v2\/media\/261493"}],"wp:attachment":[{"href":"https:\/\/www.europesays.com\/es\/wp-json\/wp\/v2\/media?parent=261492"}],"wp:term":[{"taxonomy":"category","embeddable":true,"href":"https:\/\/www.europesays.com\/es\/wp-json\/wp\/v2\/categories?post=261492"},{"taxonomy":"post_tag","embeddable":true,"href":"https:\/\/www.europesays.com\/es\/wp-json\/wp\/v2\/tags?post=261492"}],"curies":[{"name":"wp","href":"https:\/\/api.w.org\/{rel}","templated":true}]}}