{"id":261494,"date":"2025-11-29T04:55:15","date_gmt":"2025-11-29T04:55:15","guid":{"rendered":"https:\/\/www.europesays.com\/es\/261494\/"},"modified":"2025-11-29T04:55:15","modified_gmt":"2025-11-29T04:55:15","slug":"malu-canta-con-los-dieciseis-talents-la-cabecera-de-suenos-de-libertad-en-una-noche-especial-de-la-voz","status":"publish","type":"post","link":"https:\/\/www.europesays.com\/es\/261494\/","title":{"rendered":"Mal\u00fa canta con los diecis\u00e9is talents la cabecera de Sue\u00f1os de libertad en una noche especial de La Voz"},"content":{"rendered":"<p>La <b>primera Semifinal<\/b> de <b>La Voz<\/b> ha comenzado de la manera m\u00e1s emocionante posible. <b>Mal\u00fa<\/b>, una de las grandes voces de nuestro pa\u00eds y coach del programa, ha inaugurado la gala interpretando la <b>cabecera de Sue\u00f1os de libertad<\/b>, acompa\u00f1ada por los <b>diecis\u00e9is talents<\/b> de la edici\u00f3n.<\/p>\n<p>El plat\u00f3 se llen\u00f3 de magia y emoci\u00f3n cuando la artista subi\u00f3 al escenario junto a los concursantes para cantar el <b><a title=\"tema principal\" href=\"https:\/\/www.antena3.com\/series\/suenos-de-libertad\/descubre-videoclip-oficial-nueva-cancion-interpretada-malu_20251121691f451e39b3f1652bfb924f.html\" target=\"_blank\" rel=\"nofollow noopener\">tema principal<\/a><\/b> de una de las <b>series m\u00e1s vistas de Antena 3<\/b>. Una actuaci\u00f3n cargada de fuerza y sensibilidad que nos adelanta.<\/p>\n<p><b>Mal\u00fa<\/b> ser\u00e1 la encargada de poner la <b>melod\u00eda <\/b>a la serie de Antena 3, pero antes ha querido dar un <b>adelanto en La Voz<\/b>.<\/p>\n<p>Con esta apertura espectacular, <b>La Voz <\/b>dio el pistoletazo de salida a una <b>noche decisiva<\/b>, donde los artistas luchar\u00e1n por conseguir <b>una plaza en la segunda semifinal<\/b> y acercarse un paso m\u00e1s al sue\u00f1o de convertirse en la mejor voz del pa\u00eds. <b>\u00a1La decisi\u00f3n est\u00e1 en tus manos! <\/b><\/p>\n<p>   <img decoding=\"async\" title=\"\u201cCreo que puedes ganar este concurso\u201d: Yatra lanza la frase que nadie esperaba en La Voz \" alt=\"\u201cCreo que puedes ganar este concurso\u201d: Yatra lanza la frase que nadie esperaba en La Voz \" width=\"480\" height=\"270\" src=\"https:\/\/www.europesays.com\/es\/wp-content\/uploads\/2025\/11\/1764392115_446_70.jpg\" loading=\"lazy\" class=\"lazy\"\/><\/p>\n","protected":false},"excerpt":{"rendered":"La primera Semifinal de La Voz ha comenzado de la manera m\u00e1s emocionante posible. Mal\u00fa, una de las&hellip;\n","protected":false},"author":2,"featured_media":261495,"comment_status":"","ping_status":"","sticky":false,"template":"","format":"standard","meta":{"footnotes":""},"categories":[171],"tags":[146,147,25,24,23,214],"class_list":{"0":"post-261494","1":"post","2":"type-post","3":"status-publish","4":"format-standard","5":"has-post-thumbnail","7":"category-tv","8":"tag-entertainment","9":"tag-entretenimiento","10":"tag-es","11":"tag-espana","12":"tag-spain","13":"tag-tv"},"share_on_mastodon":{"url":"https:\/\/pubeurope.com\/@es\/115631209022858155","error":""},"_links":{"self":[{"href":"https:\/\/www.europesays.com\/es\/wp-json\/wp\/v2\/posts\/261494","targetHints":{"allow":["GET"]}}],"collection":[{"href":"https:\/\/www.europesays.com\/es\/wp-json\/wp\/v2\/posts"}],"about":[{"href":"https:\/\/www.europesays.com\/es\/wp-json\/wp\/v2\/types\/post"}],"author":[{"embeddable":true,"href":"https:\/\/www.europesays.com\/es\/wp-json\/wp\/v2\/users\/2"}],"replies":[{"embeddable":true,"href":"https:\/\/www.europesays.com\/es\/wp-json\/wp\/v2\/comments?post=261494"}],"version-history":[{"count":0,"href":"https:\/\/www.europesays.com\/es\/wp-json\/wp\/v2\/posts\/261494\/revisions"}],"wp:featuredmedia":[{"embeddable":true,"href":"https:\/\/www.europesays.com\/es\/wp-json\/wp\/v2\/media\/261495"}],"wp:attachment":[{"href":"https:\/\/www.europesays.com\/es\/wp-json\/wp\/v2\/media?parent=261494"}],"wp:term":[{"taxonomy":"category","embeddable":true,"href":"https:\/\/www.europesays.com\/es\/wp-json\/wp\/v2\/categories?post=261494"},{"taxonomy":"post_tag","embeddable":true,"href":"https:\/\/www.europesays.com\/es\/wp-json\/wp\/v2\/tags?post=261494"}],"curies":[{"name":"wp","href":"https:\/\/api.w.org\/{rel}","templated":true}]}}