{"id":261496,"date":"2025-11-29T04:58:09","date_gmt":"2025-11-29T04:58:09","guid":{"rendered":"https:\/\/www.europesays.com\/es\/261496\/"},"modified":"2025-11-29T04:58:09","modified_gmt":"2025-11-29T04:58:09","slug":"de-pie-vuelve-pedri-futbol-deportes","status":"publish","type":"post","link":"https:\/\/www.europesays.com\/es\/261496\/","title":{"rendered":"De pie, vuelve Pedri | F\u00fatbol | Deportes"},"content":{"rendered":"<p class=\"\">Dicen que la pausa desapareci\u00f3 v\u00edctima del v\u00e9rtigo del f\u00fatbol actual, pero es mentira. Hay tanta pausa como siempre.<a href=\"https:\/\/elpais.com\/deportes\/futbol\/2025-10-29\/el-barcelona-pierde-a-pedri-por-una-lesion-muscular.html\" target=\"_self\" rel=\"nofollow noopener\" title=\"https:\/\/elpais.com\/deportes\/futbol\/2025-10-29\/el-barcelona-pierde-a-pedri-por-una-lesion-muscular.html\"> Lo que pasa es que se la qued\u00f3 toda Pedri<\/a>. <\/p>\n<p class=\"\">La pausa es una acci\u00f3n individual que consiste en bajar el ritmo de juego para reinventar el tiempo y el espacio. Dif\u00edcil de entender, tambi\u00e9n dif\u00edcil de hacer. Se trata de un concepto futbol\u00edstico <a href=\"https:\/\/elpais.com\/deportes\/2025-09-05\/pedri-y-la-carga-mental.html\" target=\"_self\" rel=\"nofollow noopener\" title=\"https:\/\/elpais.com\/deportes\/2025-09-05\/pedri-y-la-carga-mental.html\">del que se valen los talentos m\u00e1s competentes<\/a>, y resulta tan desequilibrante como la velocidad. En f\u00fatbol desacelerar sirve, incre\u00edblemente, para ganar tiempo y, qued\u00f3 sugerido en la definici\u00f3n, para crear espacios que estaban escondidos. Hace alg\u00fan tiempo Pedri le dijo a EL PA\u00cdS algo que pas\u00f3 desapercibido: \u201cUn jugador tiene siempre un segundo m\u00e1s de lo que cree\u201d. Una manera genial de definir su juego y la fortaleza m\u00e1s sensible de los talentos superiores. Los mediocres no tienen tiempo y a los cracks les sobra. <\/p>\n<p class=\"\">Pedri est\u00e1 en el c\u00edrculo central rodeado, gira sobre s\u00ed mismo como una peonza sin prisa, deja detr\u00e1s de s\u00ed un desparrame desconcertado y escapa con los movimientos acompasados de un gato. De esos l\u00edos lo normal es salir un poco atolondrado, <a href=\"https:\/\/elpais.com\/deportes\/futbol\/2025-10-11\/juega-pedri-disfruta-la-hinchada-de-la-roja.html\" target=\"_self\" rel=\"nofollow noopener\" title=\"https:\/\/elpais.com\/deportes\/futbol\/2025-10-11\/juega-pedri-disfruta-la-hinchada-de-la-roja.html\">pero no es el caso de Pedri, que tiene un sentido de la orientaci\u00f3n claro<\/a> como el agua. <\/p>\n<p class=\"\">En esa zona administra el bal\u00f3n: a veces reteniendo el juego, otras acelerando y siempre aclarando. Es entonces cuando sus ideas se estiran como si se acordara que existe una porter\u00eda a la que atacar. Acompa\u00f1a la jugada y, a partir de tres cuarto de campo, empieza otro Pedri. El mediocentro, que es un estratega, se convierte en media punta, que es un desestabilizador con una misi\u00f3n creativa: agregarles peligro a las jugadas. Mezclando el juego corto y el largo, cambiando de frente para alimentar a Lamine por un lado, y a Raphinha por el otro, filtrando balones por rendijas que solo ve \u00e9l en las pobladas \u00e1reas, o dando \u201cpases a la red\u201d, acci\u00f3n en la que parece pensar antes que el portero y que nosotros, los aficionados. De pronto, es gol, y no lo hab\u00edamos previsto. Todo con bajo perfil, como si no gritara su genialidad, sino que se limitara a jugar con la seriedad de un ni\u00f1o.<\/p>\n<p class=\"\">Me gust\u00f3 a primera vista y no puede extra\u00f1ar, porque naci\u00f3 sabiendo. Y como en el primer a\u00f1o en el Bar\u00e7a ya resultaba fascinante para todos, fue exprimido como un lim\u00f3n. Lo pag\u00f3 con lesiones que demoraron su explosi\u00f3n y, en un f\u00fatbol cada vez m\u00e1s f\u00edsico, hizo dudar sobre su evoluci\u00f3n. Y sobre su vida privada, por trascendidos que lo indignaron. Desconozco las medidas que se tomaron, pero hoy el f\u00edsico lo acompa\u00f1a y su campo de acci\u00f3n es muy grande. <\/p>\n<p class=\"\">Se hizo fuerte sin perder prestaciones futbol\u00edsticas. Aunque sea de paso, conviene recordar que una cosa es ser un atleta y otra un futbolista. Desde entonces hay m\u00e1s Pedris, porque el tiempo fue multiplicando al jugador. Si en las largas posesiones que acostumbra el Bar\u00e7a, la pelota se pierde en el camino, Pedri dar\u00e1 la primera presi\u00f3n y, si no la recupera, le tocar\u00e1 correr hacia atr\u00e1s y ese servicio tambi\u00e9n lo hace gracias a su sentido del deber. En un campo de 100 por 70 no deja rinc\u00f3n sin barrer. <\/p>\n<p class=\"\">Esa aura de dominio tiene rendida a la gente, que canta su nombre, m\u00e1s para invocarlo que para animarlo. Ocurre tanto en el Bar\u00e7a como en la Selecci\u00f3n. Como si su estilo contribuyera a tranquilizar a la gente. Efecto de la pausa, expresi\u00f3n de sabidur\u00eda de la que se apoder\u00f3. Apeadero en tiempos de guerra, hoy Pedri vuelve para deslumbrar y relajar al personal. <\/p>\n","protected":false},"excerpt":{"rendered":"Dicen que la pausa desapareci\u00f3 v\u00edctima del v\u00e9rtigo del f\u00fatbol actual, pero es mentira. Hay tanta pausa como&hellip;\n","protected":false},"author":2,"featured_media":261497,"comment_status":"","ping_status":"","sticky":false,"template":"","format":"standard","meta":{"footnotes":""},"categories":[93],"tags":[1540,168,1539,25,24,881,282,1538,16809,23,167],"class_list":{"0":"post-261496","1":"post","2":"type-post","3":"status-publish","4":"format-standard","5":"has-post-thumbnail","7":"category-deportes","8":"tag-competiciones","9":"tag-deportes","10":"tag-entrenadores","11":"tag-es","12":"tag-espana","13":"tag-fc-barcelona","14":"tag-futbol","15":"tag-futbolistas","16":"tag-pedri","17":"tag-spain","18":"tag-sports"},"share_on_mastodon":{"url":"https:\/\/pubeurope.com\/@es\/115631220764191309","error":""},"_links":{"self":[{"href":"https:\/\/www.europesays.com\/es\/wp-json\/wp\/v2\/posts\/261496","targetHints":{"allow":["GET"]}}],"collection":[{"href":"https:\/\/www.europesays.com\/es\/wp-json\/wp\/v2\/posts"}],"about":[{"href":"https:\/\/www.europesays.com\/es\/wp-json\/wp\/v2\/types\/post"}],"author":[{"embeddable":true,"href":"https:\/\/www.europesays.com\/es\/wp-json\/wp\/v2\/users\/2"}],"replies":[{"embeddable":true,"href":"https:\/\/www.europesays.com\/es\/wp-json\/wp\/v2\/comments?post=261496"}],"version-history":[{"count":0,"href":"https:\/\/www.europesays.com\/es\/wp-json\/wp\/v2\/posts\/261496\/revisions"}],"wp:featuredmedia":[{"embeddable":true,"href":"https:\/\/www.europesays.com\/es\/wp-json\/wp\/v2\/media\/261497"}],"wp:attachment":[{"href":"https:\/\/www.europesays.com\/es\/wp-json\/wp\/v2\/media?parent=261496"}],"wp:term":[{"taxonomy":"category","embeddable":true,"href":"https:\/\/www.europesays.com\/es\/wp-json\/wp\/v2\/categories?post=261496"},{"taxonomy":"post_tag","embeddable":true,"href":"https:\/\/www.europesays.com\/es\/wp-json\/wp\/v2\/tags?post=261496"}],"curies":[{"name":"wp","href":"https:\/\/api.w.org\/{rel}","templated":true}]}}