{"id":261500,"date":"2025-11-29T05:00:15","date_gmt":"2025-11-29T05:00:15","guid":{"rendered":"https:\/\/www.europesays.com\/es\/261500\/"},"modified":"2025-11-29T05:00:15","modified_gmt":"2025-11-29T05:00:15","slug":"javier-olivares-avanza-el-contenido-de-ena-no-soy-monarquico-pero-admiro-a-los-buenos-profesionales-y-la-reina-victoria-eugenia-lo-era-television","status":"publish","type":"post","link":"https:\/\/www.europesays.com\/es\/261500\/","title":{"rendered":"Javier Olivares avanza el contenido de \u2018Ena\u2019: \u201cNo soy mon\u00e1rquico, pero admiro a los buenos profesionales y la reina Victoria Eugenia lo era\u201d | Televisi\u00f3n"},"content":{"rendered":"<p class=\"\">A pesar de haber esperado a\u00f1o y medio a ser estrenada, <a href=\"https:\/\/elpais.com\/television\/2023-10-15\/una-miniserie-para-victoria-eugenia-reina-incomprendida-por-un-pais-que-no-entendia.html\" target=\"_self\" rel=\"nofollow noopener\" title=\"https:\/\/elpais.com\/television\/2023-10-15\/una-miniserie-para-victoria-eugenia-reina-incomprendida-por-un-pais-que-no-entendia.html\">Ena se ha convertido en uno de los \u00e9xitos de ficci\u00f3n del a\u00f1o<\/a>, obteniendo en la emisi\u00f3n de sus dos primeros cap\u00edtulos, el pasado lunes en La 1, un 17% de cuota de pantalla. La miniserie sobre la reina Victoria Eugenia, abuela del rey Juan Carlos I, retrata a una mujer nacida y bautizada en el escoc\u00e9s castillo de Balmoral que termin\u00f3 siendo reina de la Espa\u00f1a de principios del siglo XX, un pa\u00eds muy distinto a su cultura de origen. El creador de la serie,<a href=\"https:\/\/elpais.com\/noticias\/javier-olivares\/\" target=\"_self\" rel=\"nofollow noopener\" title=\"https:\/\/elpais.com\/noticias\/javier-olivares\/\"> Javier Olivares<\/a> (El Ministerio del Tiempo), pone en boca de la monarca durante uno de sus di\u00e1logos unas palabras muy elocuentes: \u201cyo soy reina de ninguna parte.<\/p>\n<p class=\"\">Coproducida por la cadena p\u00fablica junto a La Cometa TV y Zona App, Ena consta de seis cap\u00edtulos, basados en la novela hom\u00f3nima de la escritora <a href=\"https:\/\/elpais.com\/gente\/2022-01-30\/pilar-eyre-el-rey-emerito-fue-el-primero-en-cobrar-por-ir-a-bolos.html\" rel=\"nofollow noopener\" target=\"_blank\">Pilar Eyre<\/a>, a partir de la cual Olivares ha a\u00f1adido otros sucesos hist\u00f3ricos. Cuenta los cambios en la vida de Victoria Eugenia de Battenberg en una \u00e9poca marcada por dos guerras mundiales, una guerra civil, la dictadura de Primo de Rivera, el exilio y una gran pandemia, la mal llamada gripe espa\u00f1ola. <\/p>\n<p><img decoding=\"auto\" class=\"_re lazyload a_m-h\" height=\"233\"  width=\"414\"  src=\"https:\/\/www.europesays.com\/es\/wp-content\/uploads\/2025\/11\/R7EMKJV3SZASTK6EQ2UKCY3IUI.jpg\" loading=\"lazy\"\/>Un momento del tercer cap\u00edtulo de &#8216;Ena&#8217;, que se emitir\u00e1  este lunes 1 de diciembre.RTVE<\/p>\n<p class=\"\">Ante las protestas del creador de la serie, RTVE asegura a este peri\u00f3dico que la pr\u00f3xima emisi\u00f3n se har\u00e1 en dual, con la opci\u00f3n de ver las escenas rodadas en ingl\u00e9s con subt\u00edtulos y sin doblaje. Olivares avanza a este peri\u00f3dico que podr\u00e1 verse en los episodios restantes.<\/p>\n<p class=\"\"><b>Pregunta.<\/b> Esta es la historia de un doble desencuentro, la de una reina incomprendida por un pa\u00eds que ella misma no entend\u00eda.<\/p>\n<p class=\"\"><b>Respuesta.<\/b> Es de lo que menos suele hablarse de ella y es muy importante para m\u00ed. Era una gran profesional. Ella dec\u00eda: \u201cLa monarqu\u00eda son ritos, son rituales. Y si nosotros no nos lo creemos, jam\u00e1s nos creer\u00e1n a nosotros\u201d. A m\u00ed me parece que era alguien educado bajo las faldas de la reina Victoria de Inglaterra y que ten\u00eda muy claro los c\u00f3digos que hab\u00eda que cumplir para merecerse rey. Yo no soy mon\u00e1rquico, pero yo siempre admiro a los buenos profesionales.<\/p>\n<p class=\"\"><b>P. <\/b>\u00bfQu\u00e9 vamos a ver en los siguientes cuatro cap\u00edtulos?<\/p>\n<p class=\"\"><b>R.<\/b> En el cap\u00edtulo 1 y 2 he contado qui\u00e9n es ella. Y a partir de ah\u00ed vuelo en otras direcciones. No es de esas series que llaman \u201cuna pel\u00edcula muy larga\u201d, sino un puzle en el al final todo encaja. El tercer cap\u00edtulo, trata la llamada gripe espa\u00f1ola y que el paciente cero es estadounidense en un campamento militar en Estados Unidos. En el cuarto, la dictadura de Primo de Rivera y de su amante cupletista. <\/p>\n<p class=\"\"><b>P.<\/b> \u00bfY c\u00f3mo termina el rompecabezas?<\/p>\n<p class=\"\"><b>R. <\/b>En el quinto le hago un gran homenaje a Lorca y su obra As\u00ed que pasen cinco a\u00f1os. Pero tambi\u00e9n a Mu\u00f1oz Seca, que, aunque fuera del otro bando, muri\u00f3 fusilado y su muerte tambi\u00e9n podr\u00eda haberse evitado. En la serie, creo un encuentro ficticio entre los dos en la que se abrazan. Me lo ped\u00eda mi fuero interno. Y el cap\u00edtulo 6 es la reina Victoria Eugenia cit\u00e1ndose con un periodista espa\u00f1ol muy reconocido en Inglaterra para sonsacarle si Inglaterra va a apoyar a la monarqu\u00eda.<\/p>\n<p class=\"\"><b>P.<\/b> \u00bfQu\u00e9 vio en Kimberley Tell para que fuera su Ena?<\/p>\n<p class=\"\"><b>R<\/b>. A Joan Amarg\u00f3s lo elegimos directamente. Yo sigo mucho teatro catal\u00e1n y el es un actor con bagaje. Adem\u00e1s tiene un parecido con Alfonso XIII. Con Kimberley hicimos casting, pero no hubo duda desde el principio. Cumple perfectamente con esa idea de extrajera, pero tiene una emotividad y una capacidad de comunicar muy grande.<\/p>\n<blockquote class=\"a_q\">\n<p>Juan Carlos I es alguien que ahora mismo est\u00e1 herido en su orgullo. Pero es  mucho peor vivir en la Ca\u00f1ada Real que en Abu Dhabi.<\/p>\n<\/blockquote>\n<p class=\"\"><b>P. <\/b>En la serie se matiza el perfil de anarquista que atent\u00f3 contra los reyes el d\u00eda de su boda, Mateo Morral, m\u00e1s de lo que suelen hacerlo los libros de historia.<\/p>\n<p class=\"\"><b>R.<\/b> Y hab\u00eda mucho m\u00e1s que, por cuestiones de tiempo, no pude contar. Elimin\u00e9 un par de escenas grabadas que cuentan m\u00e1s su faceta como criminal y, haciendo autocr\u00edtica, creo su retrato ha quedado algo descompensado en la serie. Su parte es mejorable, pero suficiente para contar la historia de las dos Espa\u00f1as. <\/p>\n<p class=\"\"><b>P.<\/b> \u00bfC\u00f3mo abord\u00f3 al personaje?<\/p>\n<p class=\"\"><b>R. <\/b>Lo primero que pens\u00e9 sobre un atentado contra los reyes es qui\u00e9n lo hace y por qu\u00e9. Era un hombre culto, de buena familia y muy sensible, que estaba siempre luchando por la gente humilde. Para m\u00ed fue utilizado, una especie de instrumento. Antes de emitirse Ena, todo el mundo dec\u00eda que iba blanquear la monarqu\u00eda. Durante la emisi\u00f3n, en Twitter dec\u00edan que estaba blanqueando el terrorismo. No sabes nunca a qu\u00e9 atenerte.<\/p>\n<p class=\"\"><b>P.<\/b> \u00bfQu\u00e9 le pareci\u00f3 que en el estreno se emitiera (de forma excepcional) un doble cap\u00edtulo, terminando de madrugada?<\/p>\n<p class=\"\"><b>R.<\/b> Yo ya ah\u00ed no opino. Yo soy de la vieja escuela en la que la ficci\u00f3n se emit\u00eda a las 10 de la noche.<\/p>\n<p class=\"\"><b>P.<\/b> \u00bfPor qu\u00e9 cree que de todos los proyectos anunciados repasando la vida del rey em\u00e9rito Juan Carlos I solo han salido adelante los documentales?<\/p>\n<p class=\"\"><b>R.<\/b> No es solo cuesti\u00f3n de que la no ficci\u00f3n sea m\u00e1s barata de producir. Yo creo que la ficci\u00f3n llega a m\u00e1s gente y lo hace de una manera en la que acaba contando la realidad, bien hist\u00f3rica, bien social, bien emocional. Y esa es una pu\u00f1alada que te da en el coraz\u00f3n.<\/p>\n<p><img decoding=\"auto\" class=\"_re lazyload a_m-h\" height=\"276\"  width=\"414\"  src=\"https:\/\/www.europesays.com\/es\/wp-content\/uploads\/2025\/11\/TUWBP3GXEZC57DDLTBOFNJWDZU.jpg\" loading=\"lazy\"\/>Kimberley Tell y Joan Amarg\u00f3s caracterizados como la reina Victoria Eugenia y el rey Alfonso XIII durante el rodaje de &#8216;Ena&#8217;.Olga Mart\u00edn<\/p>\n<p class=\"\"><b>P.<\/b> \u00bf<a href=\"https:\/\/elpais.com\/television\/2021-07-04\/llega-la-the-crown-espanola-javier-olivares-prepara-una-serie-biografica-en-torno-al-rey-juan-carlos-i.html\" target=\"_self\" rel=\"nofollow noopener\" title=\"https:\/\/elpais.com\/television\/2021-07-04\/llega-la-the-crown-espanola-javier-olivares-prepara-una-serie-biografica-en-torno-al-rey-juan-carlos-i.html\">La suya sobre el em\u00e9rito<\/a> llegar\u00e1 a ver la luz?<\/p>\n<p class=\"\"><b>R.<\/b> No lo s\u00e9. Pero tengo preparada la serie entera, de tres temporadas, con los dos primeros cap\u00edtulos ya escritos. <\/p>\n<p class=\"\"><b>P.<\/b> Adem\u00e1s, Juan Carlos I sigue dando material, <a href=\"https:\/\/elpais.com\/espana\/2025-11-26\/el-rey-emerito-en-la-television-francesa-no-me-arrepiento-espero-que-el-pueblo-espanol-comprenda-lo-que-hice.html\" target=\"_self\" rel=\"nofollow noopener\" title=\"https:\/\/elpais.com\/espana\/2025-11-26\/el-rey-emerito-en-la-television-francesa-no-me-arrepiento-espero-que-el-pueblo-espanol-comprenda-lo-que-hice.html\">como su reciente entrevista en Francia<\/a>, en la que dice que no se arrepiente de nada. Es una escena que resulta imprescindible para una serie sobre su vida.<\/p>\n<p class=\"\"><b>R. <\/b>Aunque no soy un historiador experto, he estudiado su figura. Como espectador, me parece que es alguien que est\u00e1 herido en su orgullo de una manera tan brutal que por eso le sale f\u00e1cil decir lo que dice. Yo lo entiendo, porque cuando eres todo y luego no lo eres debe de ser duro. Pero yo creo que tan mal no est\u00e1. Es mucho peor vivir en la Ca\u00f1ada Real que en Abu Dhabi.<\/p>\n","protected":false},"excerpt":{"rendered":"A pesar de haber esperado a\u00f1o y medio a ser estrenada, Ena se ha convertido en uno de&hellip;\n","protected":false},"author":2,"featured_media":261501,"comment_status":"","ping_status":"","sticky":false,"template":"","format":"standard","meta":{"footnotes":""},"categories":[91],"tags":[65249,146,147,25,24,448,63918,23487,6870,518,8190,23,807,3156],"class_list":{"0":"post-261500","1":"post","2":"type-post","3":"status-publish","4":"format-standard","5":"has-post-thumbnail","7":"category-entretenimiento","8":"tag-alfonso-xiii","9":"tag-entertainment","10":"tag-entretenimiento","11":"tag-es","12":"tag-espana","13":"tag-historia","14":"tag-javier-olivares","15":"tag-juan-carlos-i","16":"tag-la-1","17":"tag-rtve","18":"tag-series-espanolas","19":"tag-spain","20":"tag-television","21":"tag-tve"},"share_on_mastodon":{"url":"https:\/\/pubeurope.com\/@es\/115631228674755200","error":""},"_links":{"self":[{"href":"https:\/\/www.europesays.com\/es\/wp-json\/wp\/v2\/posts\/261500","targetHints":{"allow":["GET"]}}],"collection":[{"href":"https:\/\/www.europesays.com\/es\/wp-json\/wp\/v2\/posts"}],"about":[{"href":"https:\/\/www.europesays.com\/es\/wp-json\/wp\/v2\/types\/post"}],"author":[{"embeddable":true,"href":"https:\/\/www.europesays.com\/es\/wp-json\/wp\/v2\/users\/2"}],"replies":[{"embeddable":true,"href":"https:\/\/www.europesays.com\/es\/wp-json\/wp\/v2\/comments?post=261500"}],"version-history":[{"count":0,"href":"https:\/\/www.europesays.com\/es\/wp-json\/wp\/v2\/posts\/261500\/revisions"}],"wp:featuredmedia":[{"embeddable":true,"href":"https:\/\/www.europesays.com\/es\/wp-json\/wp\/v2\/media\/261501"}],"wp:attachment":[{"href":"https:\/\/www.europesays.com\/es\/wp-json\/wp\/v2\/media?parent=261500"}],"wp:term":[{"taxonomy":"category","embeddable":true,"href":"https:\/\/www.europesays.com\/es\/wp-json\/wp\/v2\/categories?post=261500"},{"taxonomy":"post_tag","embeddable":true,"href":"https:\/\/www.europesays.com\/es\/wp-json\/wp\/v2\/tags?post=261500"}],"curies":[{"name":"wp","href":"https:\/\/api.w.org\/{rel}","templated":true}]}}