{"id":261502,"date":"2025-11-29T05:02:09","date_gmt":"2025-11-29T05:02:09","guid":{"rendered":"https:\/\/www.europesays.com\/es\/261502\/"},"modified":"2025-11-29T05:02:09","modified_gmt":"2025-11-29T05:02:09","slug":"el-black-friday-enciende-la-navidad","status":"publish","type":"post","link":"https:\/\/www.europesays.com\/es\/261502\/","title":{"rendered":"El Black Friday enciende la Navidad"},"content":{"rendered":"<p>                                    <img decoding=\"async\" loading=\"lazy\" src=\"https:\/\/www.europesays.com\/es\/wp-content\/uploads\/2025\/11\/67e53d8865431.jpeg\" alt=\"Santi Costa Domingo\" width=\"40\" height=\"40\" data-full-src=\"https:\/\/www.europesays.com\/es\/wp-content\/uploads\/2025\/11\/67e53d8865431.jpeg\"\/><\/p>\n<p class=\"paragraph\">Las tiendas de la ciudad arrancaron ayer la marat\u00f3n comercial de la campa\u00f1a de Navidad coincidiendo con el encendido de luces por parte del ayuntamiento y el Black Friday, una tradici\u00f3n americana que ya se ha asentado en nuestra sociedad y prueba de ello es que el Eix registr\u00f3 una gran afluencia de gente tanto por la ma\u00f1ana como por la tarde. \u201cLa verdad es que las expectativas est\u00e1n muy altas y durante el mediod\u00eda, que es cuando la gente trabaja, se ha visto bastante gente por la calle Major, y lo m\u00e1s importante, con bolsas\u201d, dijo la presidenta de los comerciantes del Eix, Montse Eritja. A\u00f1adi\u00f3 que prev\u00e9n que esta campa\u00f1a sea buena \u201cporque venimos de un oto\u00f1o raro, el calor de octubre no ha acompa\u00f1ado mucho, pero con el fr\u00edo de las \u00faltimas semanas se ha notado m\u00e1s actividad y ahora no pararemos hasta enero\u201d. Una opini\u00f3n que tambi\u00e9n compart\u00edan en una tienda de ropa de la calle Sant Antoni, cuya gerente a\u00f1adi\u00f3 que \u201cabrimos muchos d\u00edas seguidos pero esta es la \u00e9poca en la que m\u00e1s vendemos y, por c\u00f3mo ha ido el oto\u00f1o, la esper\u00e1bamos con ganas\u201d. Pero no solo las tiendas de ropa celebran el Black Friday y ofrecen grandes descuentos. \u00d3pticas, librer\u00edas y tiendas de electr\u00f3nica tambi\u00e9n se han sumado para atraer clientela. Es el caso de una tienda de electr\u00f3nica de los porches de la plaza Sant Joan que hab\u00edan decorado su entrada con globos y carteles. \u201cLo que m\u00e1s se vender\u00e1n ahora ser\u00e1n m\u00f3viles, relojes y las nuevas balizas para los coches, por la ma\u00f1ana hemos estado tranquilos, pero por la tarde y el fin de semana esperamos una vor\u00e1gine de gente\u201d, asegur\u00f3 su responsable.<\/p>\n<p class=\"paragraph\">Las empresas de paqueter\u00eda tuvieron ayer el d\u00eda m\u00e1s movido del a\u00f1o, con miles de entregas que llevaban productos en oferta de portales online. Y es que, como hace el comercio este sector tambi\u00e9n contrata trabajadores extra para cubrir la demanda. Por ejemplo, Seur ha hecho 2.800 incorporaciones en todo el Estado para el Black Friday, la Navidad y las rebajas y prev\u00e9n que en ese per\u00edodo mover\u00e1n 33 millones de pedidos.<\/p>\n<p class=\"paragraph\">Adem\u00e1s del Black Friday, Lleida dio la bienvenida a la Navidad con el encendido de luces, primero en la plaza Paeria y luego en la Zona Alta y La Bordeta. Se han instalado 19 kilometros de luces y 964 elementos decorativos.<\/p>\n","protected":false},"excerpt":{"rendered":"Las tiendas de la ciudad arrancaron ayer la marat\u00f3n comercial de la campa\u00f1a de Navidad coincidiendo con el&hellip;\n","protected":false},"author":2,"featured_media":261503,"comment_status":"","ping_status":"","sticky":false,"template":"","format":"standard","meta":{"footnotes":""},"categories":[80],"tags":[82,95,94,25,24,23],"class_list":{"0":"post-261502","1":"post","2":"type-post","3":"status-publish","4":"format-standard","5":"has-post-thumbnail","7":"category-economia","8":"tag-business","9":"tag-economia","10":"tag-economy","11":"tag-es","12":"tag-espana","13":"tag-spain"},"share_on_mastodon":{"url":"https:\/\/pubeurope.com\/@es\/115631236767905785","error":""},"_links":{"self":[{"href":"https:\/\/www.europesays.com\/es\/wp-json\/wp\/v2\/posts\/261502","targetHints":{"allow":["GET"]}}],"collection":[{"href":"https:\/\/www.europesays.com\/es\/wp-json\/wp\/v2\/posts"}],"about":[{"href":"https:\/\/www.europesays.com\/es\/wp-json\/wp\/v2\/types\/post"}],"author":[{"embeddable":true,"href":"https:\/\/www.europesays.com\/es\/wp-json\/wp\/v2\/users\/2"}],"replies":[{"embeddable":true,"href":"https:\/\/www.europesays.com\/es\/wp-json\/wp\/v2\/comments?post=261502"}],"version-history":[{"count":0,"href":"https:\/\/www.europesays.com\/es\/wp-json\/wp\/v2\/posts\/261502\/revisions"}],"wp:featuredmedia":[{"embeddable":true,"href":"https:\/\/www.europesays.com\/es\/wp-json\/wp\/v2\/media\/261503"}],"wp:attachment":[{"href":"https:\/\/www.europesays.com\/es\/wp-json\/wp\/v2\/media?parent=261502"}],"wp:term":[{"taxonomy":"category","embeddable":true,"href":"https:\/\/www.europesays.com\/es\/wp-json\/wp\/v2\/categories?post=261502"},{"taxonomy":"post_tag","embeddable":true,"href":"https:\/\/www.europesays.com\/es\/wp-json\/wp\/v2\/tags?post=261502"}],"curies":[{"name":"wp","href":"https:\/\/api.w.org\/{rel}","templated":true}]}}