{"id":261506,"date":"2025-11-29T05:04:10","date_gmt":"2025-11-29T05:04:10","guid":{"rendered":"https:\/\/www.europesays.com\/es\/261506\/"},"modified":"2025-11-29T05:04:10","modified_gmt":"2025-11-29T05:04:10","slug":"romanos-y-castrexos-esquivan-la-lluvia-y-salvan-la-fiesta-de-la-muralla-al-grito-de-o-muro-que-nos-une","status":"publish","type":"post","link":"https:\/\/www.europesays.com\/es\/261506\/","title":{"rendered":"Romanos y castrexos esquivan la lluvia y salvan la fiesta de la muralla al grito de \u00abo muro que nos une\u00bb"},"content":{"rendered":"<p data-start=\"44\" data-end=\"183\">La conmemoraci\u00f3n de la <a target=\"_blank\" href=\"https:\/\/www.elprogreso.es\/articulo\/lugo\/llamada-australia-350\/202511271744371927390.html\" rel=\"nofollow noopener\"><strong>muralla de Lugo como Patrimonio de la Humanidad<\/strong><\/a> no par\u00f3 de mirar al cielo, pero no de la forma en la que estaba previsto en un inicio. El <strong>espect\u00e1culo de drones<\/strong>, que se adelant\u00f3 ante las <strong>malas previsiones meteorol\u00f3gicas<\/strong> para el s\u00e1bado, no se pudo realizar tampoco este viernes debido a la lluvia. Una desilusi\u00f3n para muchos vecinos que esperaban ansiosos por un espect\u00e1culo nunca antes visto en la ciudad. Los romanos y los castrexos salvaron la jornada con su marcha y ofrenda floral por la muralla.<\/p>\n<p data-start=\"44\" data-end=\"183\">La noche comenz\u00f3 con el pie torcido cuando la lluvia hizo su aparici\u00f3n. <strong>Centenares de vecinos<\/strong>\u00a0se agolpaban en el <strong>Parque<\/strong> de para ver el espect\u00e1culo de drones dise\u00f1ado por la empresa <strong>Luxsit<\/strong>. Pero las <strong>inclemencias del tiempo<\/strong> no permitieron que los aparatos pudiesen sobrevolar el cielo.<\/p>\n<p data-start=\"44\" data-end=\"183\">La situaci\u00f3n provoc\u00f3 <strong>gran desilusi\u00f3n<\/strong> en los asistentes. Muchos grupos de amigos se\u00f1alaban las ganas que ten\u00edan sus hijos de poder ver las luces. Adem\u00e1s, muchos destacaban que acud\u00edan porque \u00ab<strong>es algo que nunca hemos podido ver en Lugo<\/strong>\u00ab. Algunos se\u00f1alaban que parec\u00eda que la <strong>&#8216;Ley de Murphy&#8217; <\/strong>no perdonaba, pues los eventos se hab\u00edan adelantado para evitar la lluvia.<\/p>\n<p><img decoding=\"async\" width=\"1280\" height=\"720\" alt=\"Las asociaciones de recreaci\u00f3n hist\u00f3rica protagonizaron un desfile y un acto de ofrenda a la muralla, pero en el Parque el p\u00fablico reunido no pudo ver los drones. VICTORIA RODR\u00cdGUEZ\" src=\"https:\/\/www.europesays.com\/es\/wp-content\/uploads\/2025\/11\/2025112823475240918.jpg\" loading=\"lazy\"  \/><br \/>\nLos lucenses que acudieron al Parque con sus paraguas no pudieron ver los drones. VICTORIA RODR\u00cdGUEZ<\/p>\n<p>La ofrenda y el desfile de romanos y castrexos<\/p>\n<p data-start=\"44\" data-end=\"183\">Se salv\u00f3, en cambio, la marcha de los <strong>grupos de recreaci\u00f3n hist\u00f3rica del Arde\u00a0Lucus<\/strong>. Tanto castrexos como romanos salieron de la <strong>Praza de Santa <\/strong>Mar\u00eda, aunque por caminos separados, en una marcha por todo el casco hist\u00f3rico de la ciudad.<\/p>\n<p><img decoding=\"async\" width=\"1280\" height=\"720\" alt=\"El desfile de romanos y castrexos parti\u00f3 de la Praza de Santa Mar\u00eda. VICTORIA RODR\u00cdGUEZ\" src=\"https:\/\/www.europesays.com\/es\/wp-content\/uploads\/2025\/11\/2025112823490046326.jpg\" loading=\"lazy\"  \/><br \/>\nEl desfile de romanos y castrexos parti\u00f3 de la Praza de Santa Mar\u00eda. VICTORIA RODR\u00cdGUEZ<\/p>\n<p data-start=\"44\" data-end=\"183\">Todas las agrupaciones llegaron a la Mosqueira para realizar la ofrenda a la muralla, o como dijeron en su grito final, \u00ab<strong>o muro que nos une<\/strong>\u00ab. Los estandartes lucieron en frente del Patrimonio de la Humanidad, donde se situaba un m\u00fasico que hac\u00eda sonar el <strong>karnyx<\/strong>, instrumento ancestral.<\/p>\n<p data-start=\"44\" data-end=\"183\">El acto cont\u00f3 con una voz en off que destacaba el valor hist\u00f3rico del monumento y como ambos pueblos residieron desde la concordia dentro de ella. Los romanos <strong>encendieron un fuego<\/strong> que simbolizaba \u00aba uni\u00f3n eterna\u00bb que daba la muralla.<\/p>\n<p><img decoding=\"async\" width=\"1280\" height=\"720\" alt=\"Ofrenda a la muralla de Lugo. VICTORIA RODR\u00cdGUEZ\" src=\"https:\/\/www.europesays.com\/es\/wp-content\/uploads\/2025\/11\/2025112823501581849.jpg\" loading=\"lazy\"  \/><br \/>\nMomento de la ofrenda realizada a la muralla de Lugo. VICTORIA RODR\u00cdGUEZ<\/p>\n<p data-start=\"44\" data-end=\"183\">Adem\u00e1s, este a\u00f1o hubo una novedad en la ofrenda. En esta ocasi\u00f3n, fueron los <strong>ni\u00f1os <\/strong>de todas las asociaciones de recreaci\u00f3n hist\u00f3rica los que colocaron una <strong>corona de laurel<\/strong> junto al fuego. Fue todo un gesto para se\u00f1alar que ellos son el futuro, los que tendr\u00e1n que <strong>asegurar la conservaci\u00f3n<\/strong> de la \u00fanica muralla romana que se conserva entera en el mundo. Las marchas estaban acompa\u00f1adas de los <strong>instrumentos de viento<\/strong> que eran propios de la \u00e9poca.<\/p>\n<p data-start=\"44\" data-end=\"183\">La conmemoraci\u00f3n de la muralla fue m\u00e1s significativa por el aniversario especial. <strong>Miguel Alvelo<\/strong>, que preside la <strong>Cohors III Lucensis<\/strong>, se\u00f1al\u00f3 que la muralla \u00ab\u00e9 unha pasada\u00bb y que merece que se homenajee\u00a0\u00abo m\u00e1ximo posible\u00bb.<\/p>\n","protected":false},"excerpt":{"rendered":"La conmemoraci\u00f3n de la muralla de Lugo como Patrimonio de la Humanidad no par\u00f3 de mirar al cielo,&hellip;\n","protected":false},"author":2,"featured_media":261507,"comment_status":"","ping_status":"","sticky":false,"template":"","format":"standard","meta":{"footnotes":""},"categories":[8],"tags":[17,18,65251,8232,25,24,13,14,11,19,20,7318,43957,64460,9,10,15,16,65250,23,12,21,22],"class_list":{"0":"post-261506","1":"post","2":"type-post","3":"status-publish","4":"format-standard","5":"has-post-thumbnail","7":"category-espana","8":"tag-breaking-news","9":"tag-breakingnews","10":"tag-castrexos","11":"tag-drones","12":"tag-es","13":"tag-espana","14":"tag-featured-news","15":"tag-featurednews","16":"tag-headlines","17":"tag-latest-news","18":"tag-latestnews","19":"tag-lugo","20":"tag-muralla","21":"tag-muralla-de-lugo","22":"tag-news","23":"tag-noticias","24":"tag-noticias-destacadas","25":"tag-noticiasdestacadas","26":"tag-romanos","27":"tag-spain","28":"tag-titulares","29":"tag-ultimas-noticias","30":"tag-ultimasnoticias"},"share_on_mastodon":{"url":"https:\/\/pubeurope.com\/@es\/115631244640687391","error":""},"_links":{"self":[{"href":"https:\/\/www.europesays.com\/es\/wp-json\/wp\/v2\/posts\/261506","targetHints":{"allow":["GET"]}}],"collection":[{"href":"https:\/\/www.europesays.com\/es\/wp-json\/wp\/v2\/posts"}],"about":[{"href":"https:\/\/www.europesays.com\/es\/wp-json\/wp\/v2\/types\/post"}],"author":[{"embeddable":true,"href":"https:\/\/www.europesays.com\/es\/wp-json\/wp\/v2\/users\/2"}],"replies":[{"embeddable":true,"href":"https:\/\/www.europesays.com\/es\/wp-json\/wp\/v2\/comments?post=261506"}],"version-history":[{"count":0,"href":"https:\/\/www.europesays.com\/es\/wp-json\/wp\/v2\/posts\/261506\/revisions"}],"wp:featuredmedia":[{"embeddable":true,"href":"https:\/\/www.europesays.com\/es\/wp-json\/wp\/v2\/media\/261507"}],"wp:attachment":[{"href":"https:\/\/www.europesays.com\/es\/wp-json\/wp\/v2\/media?parent=261506"}],"wp:term":[{"taxonomy":"category","embeddable":true,"href":"https:\/\/www.europesays.com\/es\/wp-json\/wp\/v2\/categories?post=261506"},{"taxonomy":"post_tag","embeddable":true,"href":"https:\/\/www.europesays.com\/es\/wp-json\/wp\/v2\/tags?post=261506"}],"curies":[{"name":"wp","href":"https:\/\/api.w.org\/{rel}","templated":true}]}}