{"id":261510,"date":"2025-11-29T05:13:31","date_gmt":"2025-11-29T05:13:31","guid":{"rendered":"https:\/\/www.europesays.com\/es\/261510\/"},"modified":"2025-11-29T05:13:31","modified_gmt":"2025-11-29T05:13:31","slug":"emocionante-pulso-entre-san-antonio-y-mf-al-qazeres","status":"publish","type":"post","link":"https:\/\/www.europesays.com\/es\/261510\/","title":{"rendered":"Emocionante pulso entre San Antonio y MF Al-Q\u00e1zeres"},"content":{"rendered":"<p class=\"ft-text\"><strong>La Primera Nacional de baloncesto masculina afronta su octava jornada, que estar\u00e1 marcada por cruciales enfrentamientos directos en la mitad de la tabla. Adem\u00e1s, la categor\u00eda femenina, denominada Liga Ribesalat, vivir\u00e1 un emocionante derbi cacere\u00f1o.<\/strong><\/p>\n<p class=\"ft-text\">En la categor\u00eda masculina, el bal\u00f3n comenzar\u00e1 a botar el s\u00e1bado con cuatro encuentros de alto voltaje. <strong>El Finca Sagrado C\u00e1ceres ser\u00e1 el anfitri\u00f3n del BB Baloncesto Badajoz<\/strong> a las 17.30 horas en el pabell\u00f3n Juan Serrano Macayo de C\u00e1ceres, en un pulso directo por los puestos de privilegio.<\/p>\n<p class=\"ft-text\"><strong>Otros choques destacados de la tarde del s\u00e1bado incluyen la visita del Electromercantil CB Plasencia al feudo del Graginsa UBA Almendralejo, que se disputar\u00e1 a las 18.30 en el pabell\u00f3n Extremadura de la capital de Tierra de Barros. <\/strong>Media hora m\u00e1s tarde, a las 19.00, <strong>el Polit\u00e9cnica UEX SM Basket recibir\u00e1 en el V Centenario de C\u00e1ceres al Verde y Sostenible M\u00e9rida.<\/strong><\/p>\n<p class=\"ft-text\">La jornada se cerrar\u00e1 en Badajoz con el partido entre <strong>CBA Spain y Maven Premium Guadalupe<\/strong> a las 20.00 en el Colegio Maristas.<\/p>\n<p class=\"ft-text\">La acci\u00f3n se retomar\u00e1 el domingo por la ma\u00f1ana, cuando <strong>el V\u00edtaly La Mar BCBadajoz UEX reciba al San Antonio C\u00e1ceres Basket <\/strong>a las 10.30 en el pabell\u00f3n del Campus Universitario de Badajoz, con ambos equipos buscando urgentemente escalar puestos.<\/p>\n<p>Liga Ribesalat<\/p>\n<p class=\"ft-text\">En cuanto a la Primera Nacional femenina, la s\u00e9ptima jornada 7 se centrar\u00e1 en <strong>el esperado derbi cacere\u00f1o que tendr\u00e1 lugar el s\u00e1bado a las 17.00 en el pabell\u00f3n del Colegio San Antonio de Padua. All\u00ed se enfrentar\u00e1n el Toyota Novomotor San Antonio y el MF Renovables Al-Q\u00e1zeres <\/strong>en un duelo importante para mantenerse en la cabeza de la clasificaci\u00f3n.<\/p>\n<p class=\"ft-text\">Por \u00faltimo, <strong>el Baloncesto Badajoz descansar\u00e1<\/strong> este fin de semana, al haber sido aplazado su encuentro ante Agrometal Carrion Club Baloncesto Albacete hasta el 20 de diciembre.<\/p>\n","protected":false},"excerpt":{"rendered":"La Primera Nacional de baloncesto masculina afronta su octava jornada, que estar\u00e1 marcada por cruciales enfrentamientos directos en&hellip;\n","protected":false},"author":2,"featured_media":261511,"comment_status":"","ping_status":"","sticky":false,"template":"","format":"standard","meta":{"footnotes":""},"categories":[269],"tags":[1247,299,298,168,13473,25,24,65252,5218,2228,23,167],"class_list":{"0":"post-261510","1":"post","2":"type-post","3":"status-publish","4":"format-standard","5":"has-post-thumbnail","7":"category-baloncesto","8":"tag-antonio","9":"tag-baloncesto","10":"tag-basketball","11":"tag-deportes","12":"tag-emocionante","13":"tag-es","14":"tag-espana","15":"tag-mf","16":"tag-pulso","17":"tag-san","18":"tag-spain","19":"tag-sports"},"share_on_mastodon":{"url":"https:\/\/pubeurope.com\/@es\/115631279509642549","error":""},"_links":{"self":[{"href":"https:\/\/www.europesays.com\/es\/wp-json\/wp\/v2\/posts\/261510","targetHints":{"allow":["GET"]}}],"collection":[{"href":"https:\/\/www.europesays.com\/es\/wp-json\/wp\/v2\/posts"}],"about":[{"href":"https:\/\/www.europesays.com\/es\/wp-json\/wp\/v2\/types\/post"}],"author":[{"embeddable":true,"href":"https:\/\/www.europesays.com\/es\/wp-json\/wp\/v2\/users\/2"}],"replies":[{"embeddable":true,"href":"https:\/\/www.europesays.com\/es\/wp-json\/wp\/v2\/comments?post=261510"}],"version-history":[{"count":0,"href":"https:\/\/www.europesays.com\/es\/wp-json\/wp\/v2\/posts\/261510\/revisions"}],"wp:featuredmedia":[{"embeddable":true,"href":"https:\/\/www.europesays.com\/es\/wp-json\/wp\/v2\/media\/261511"}],"wp:attachment":[{"href":"https:\/\/www.europesays.com\/es\/wp-json\/wp\/v2\/media?parent=261510"}],"wp:term":[{"taxonomy":"category","embeddable":true,"href":"https:\/\/www.europesays.com\/es\/wp-json\/wp\/v2\/categories?post=261510"},{"taxonomy":"post_tag","embeddable":true,"href":"https:\/\/www.europesays.com\/es\/wp-json\/wp\/v2\/tags?post=261510"}],"curies":[{"name":"wp","href":"https:\/\/api.w.org\/{rel}","templated":true}]}}